{"id":9698,"date":"2023-05-09T10:09:58","date_gmt":"2023-05-09T14:09:58","guid":{"rendered":"https:\/\/influencias.do\/?p=9698"},"modified":"2023-05-09T10:09:58","modified_gmt":"2023-05-09T14:09:58","slug":"estrella-de-los-bridgerton-llama-al-balcon-del-rey-carlos-iii-terriblemente-blanco-y-estalla-polemica","status":"publish","type":"post","link":"https:\/\/influencias.do\/index.php\/2023\/05\/09\/estrella-de-los-bridgerton-llama-al-balcon-del-rey-carlos-iii-terriblemente-blanco-y-estalla-polemica\/","title":{"rendered":"Estrella de &#8216;Los Bridgerton&#8217; llama al balc\u00f3n del rey Carlos III &#8220;terriblemente blanco&#8221; y estalla pol\u00e9mica"},"content":{"rendered":"\n<p>Adjoa Andoh, estrella de la popular serie estadounidense &#8216;Los Bridgerton&#8217;, despert\u00f3 cr\u00edticas tras calificar de &#8220;terriblemente blanco&#8221; al balc\u00f3n del Palacio de Buckingham durante la coronaci\u00f3n del rey Carlos III.<\/p>\n\n\n\n<p>&#8220;Hemos pasado de la&nbsp;<strong>rica diversidad de la abad\u00eda<\/strong>&nbsp;[de Westminster] a un balc\u00f3n terriblemente blanco&#8221;,&nbsp;<a href=\"https:\/\/twitter.com\/EndWokeness\/status\/1655097243907547136\" target=\"_blank\" rel=\"noreferrer noopener\">dijo<\/a>&nbsp;Andoh en una conversaci\u00f3n en vivo con los periodistas brit\u00e1nicos Tom Bradby y Julie Etchingham durante la cobertura televisiva de ITV.<\/p>\n\n\n\n<p>&#8220;Me llama mucho la atenci\u00f3n eso&#8221;, continu\u00f3 mientras Carlos y Camila aparec\u00edan en el balc\u00f3n del Palacio de Buckingham para saludar al p\u00fablico junto a su familia. &#8220;Tambi\u00e9n miro a esas generaciones m\u00e1s j\u00f3venes y pienso: &#8216;<strong>\u00bfCu\u00e1les son los matices que habitar\u00e1n cuando crezcan?<\/strong>&#8220;, agreg\u00f3.<\/p>\n\n\n\n<p>Los comentarios de la actriz, de 60 a\u00f1os, no pasaron desapercibidos para los usuarios de Twitter. Mientras que algunos la elogiaron por decir lo que pensaba, argumentando que Andoh simplemente estaba haciendo una observaci\u00f3n real, otros criticaron sus comentarios y hasta la acusaron de &#8220;ofensiva&#8221; y &#8220;racista&#8221;.<\/p>\n\n\n\n<h3 class=\"wp-block-heading\">Racismo, representatividad, diversidad<\/h3>\n\n\n\n<p>Uno de los internautas que intervinieron sobre el tema remarc\u00f3 que se trataba de los miembros de una familia. &#8220;\u00a1Son una familia blanca, por el amor de Dios! \u00bfCree que las familias individuales deber\u00edan estar&nbsp;<strong>sujetas a cuotas de diversidad<\/strong>? Este hostigamiento racial es enormemente divisivo&#8221;,&nbsp;<a href=\"https:\/\/twitter.com\/PaulEmbery\/status\/1654898104997478400?ref_src=twsrc%5Etfw%7Ctwcamp%5Etweetembed%7Ctwterm%5E1654898104997478400%7Ctwgr%5E33b19e556c765613325f1941b72c907a52dca938%7Ctwcon%5Es1_&amp;ref_url=https%3A%2F%2Fpublish.twitter.com%2F%3Fquery%3Dhttps3A2F2Ftwitter.com2FPaulEmbery2Fstatus2F1654898104997478400widget%3DTweet\" target=\"_blank\" rel=\"noreferrer noopener\">escribi\u00f3<\/a>.<\/p>\n\n\n\n<p>&#8220;Era&nbsp;<strong>un comentario innecesario<\/strong>. Una persona blanca no podr\u00eda comentar si la situaci\u00f3n era al rev\u00e9s. Est\u00e1 yendo m\u00e1s all\u00e1 de una broma y creo que las personas de color apreciar\u00edan participar por lo que son, no solo porque hay una cuota que llenar. Adjoa Andoh es racista&#8221;,&nbsp;<a href=\"https:\/\/twitter.com\/Lorina800924\/status\/1655882411656323073\" target=\"_blank\" rel=\"noreferrer noopener\">coment\u00f3<\/a>&nbsp;otra usuaria.<\/p>\n\n\n\n<p>Algunos internautas incluso exigieron una disculpa por parte de la actriz y hasta&nbsp;<a href=\"https:\/\/twitter.com\/EllinghamVocal\/status\/1655099619053797376\" target=\"_blank\" rel=\"noreferrer noopener\">pidieron<\/a>&nbsp;a la Ofcom (autoridad de radiodifusi\u00f3n del Reino Unido que regula televisi\u00f3n, radio y otros medios) investigar sus palabras.<\/p>\n\n\n\n<p>Por otro lado, fan\u00e1ticos de la actriz, de ascendencia ghanesa, no tardaron en salir en su defensa y la aplaudieron por arrojar luz sobre la\u00a0<strong>importancia de la diversidad y la representaci\u00f3n<\/strong>\u00a0en todas las \u00e1reas de la vida p\u00fablica.<\/p>\n\n\n\n<p>Shola Mos-Shogbamimu, una activista que suele aparecer en ITV, se\u00f1al\u00f3 que Andoh &#8220;no dijo mentiras&#8221;, sino que se trat\u00f3 de una &#8220;observaci\u00f3n objetiva&#8221; sobre el contraste con el<strong>&nbsp;simbolismo de la diversidad racial<\/strong>&nbsp;que se vio en la abad\u00eda de Westminster, donde tuvo lugar la ceremonia de coronaci\u00f3n. &#8220;La falsa equivalencia de racismo de los blancos es risible&#8221;,&nbsp;<a href=\"https:\/\/twitter.com\/SholaMos1\/status\/1655148887290642432\" target=\"_blank\" rel=\"noreferrer noopener\">escribi\u00f3<\/a>.<\/p>\n\n\n\n<p>&#8220;Todos los que est\u00e1n enojados con Adjoa Andoh no lo entienden. La familia real&nbsp;no es toda blanca, elegir mostrar solo a los miembros blancos es un problema. Tambi\u00e9n dice que&nbsp;<strong>la familia real que retratan no representa al Reino Unido,<\/strong>&nbsp;cuando podr\u00eda haberlo hecho. Esa es la cuesti\u00f3n&#8221;,&nbsp;<a href=\"https:\/\/twitter.com\/Annicia_Leigh\/status\/1655756746617671681?ref_src=twsrc%5Etfw%7Ctwcamp%5Etweetembed%7Ctwterm%5E1655756746617671681%7Ctwgr%5Ebca94889ad00d5102da126b98979678383818eb1%7Ctwcon%5Es1_&amp;ref_url=https%3A%2F%2Fpublish.twitter.com%2F%3Fquery%3Dhttps3A2F2Ftwitter.com2FAnnicia_Leigh2Fstatus2F1655756746617671681widget%3DTweet\" target=\"_blank\" rel=\"noreferrer noopener\">escribi\u00f3<\/a>&nbsp;otra usuaria.<\/p>\n\n\n\n<p>En respuesta a las cr\u00edticas, la estrella, que interpreta a Lady Danbury en la exitosa serie de Netflix, dijo que &#8220;no ten\u00eda la intenci\u00f3n de molestar a nadie&#8221; con su comentario.<\/p>\n\n\n\n<p>&#8220;Creo que molest\u00e9 a algunas personas ayer&#8221;,&nbsp;<a href=\"https:\/\/www.bbc.co.uk\/sounds\/play\/m001lr39\" target=\"_blank\" rel=\"noreferrer noopener\">declar\u00f3<\/a>&nbsp;el domingo en BBC Radio. &#8220;Estaba hablando sobre el d\u00eda y lo maravilloso que fue y luego mir\u00e9 al balc\u00f3n al final y de repente dije: &#8216;\u00a1Oh, es tan blanco!&#8217;, porque el d\u00eda hab\u00eda sido muy variado y no ten\u00eda la intenci\u00f3n de molestar a nadie&#8221;, explic\u00f3.<\/p>\n","protected":false},"excerpt":{"rendered":"<p>Adjoa Andoh, estrella de la popular serie estadounidense &#8216;Los Bridgerton&#8217;, despert\u00f3 cr\u00edticas tras calificar de &#8220;terriblemente blanco&#8221; al balc\u00f3n del Palacio de Buckingham durante la coronaci\u00f3n del rey Carlos III. &#8220;Hemos pasado de la&nbsp;rica diversidad de la abad\u00eda&nbsp;[de Westminster] a un balc\u00f3n terriblemente blanco&#8221;,&nbsp;dijo&nbsp;Andoh en una conversaci\u00f3n en vivo con los periodistas brit\u00e1nicos Tom Bradby [&hellip;]<\/p>\n","protected":false},"author":2,"featured_media":9700,"comment_status":"open","ping_status":"open","sticky":false,"template":"","format":"standard","meta":{"_bbp_topic_count":0,"_bbp_reply_count":0,"_bbp_total_topic_count":0,"_bbp_total_reply_count":0,"_bbp_voice_count":0,"_bbp_anonymous_reply_count":0,"_bbp_topic_count_hidden":0,"_bbp_reply_count_hidden":0,"_bbp_forum_subforum_count":0,"content-type":"","iawp_total_views":0,"footnotes":""},"categories":[109],"tags":[2356,816],"class_list":{"0":"post-9698","1":"post","2":"type-post","3":"status-publish","4":"format-standard","5":"has-post-thumbnail","7":"category-internacionales","8":"tag-los-bridgerton","9":"tag-rey-carlos-iii"},"_links":{"self":[{"href":"https:\/\/influencias.do\/index.php\/wp-json\/wp\/v2\/posts\/9698","targetHints":{"allow":["GET"]}}],"collection":[{"href":"https:\/\/influencias.do\/index.php\/wp-json\/wp\/v2\/posts"}],"about":[{"href":"https:\/\/influencias.do\/index.php\/wp-json\/wp\/v2\/types\/post"}],"author":[{"embeddable":true,"href":"https:\/\/influencias.do\/index.php\/wp-json\/wp\/v2\/users\/2"}],"replies":[{"embeddable":true,"href":"https:\/\/influencias.do\/index.php\/wp-json\/wp\/v2\/comments?post=9698"}],"version-history":[{"count":0,"href":"https:\/\/influencias.do\/index.php\/wp-json\/wp\/v2\/posts\/9698\/revisions"}],"wp:featuredmedia":[{"embeddable":true,"href":"https:\/\/influencias.do\/index.php\/wp-json\/"}],"wp:attachment":[{"href":"https:\/\/influencias.do\/index.php\/wp-json\/wp\/v2\/media?parent=9698"}],"wp:term":[{"taxonomy":"category","embeddable":true,"href":"https:\/\/influencias.do\/index.php\/wp-json\/wp\/v2\/categories?post=9698"},{"taxonomy":"post_tag","embeddable":true,"href":"https:\/\/influencias.do\/index.php\/wp-json\/wp\/v2\/tags?post=9698"}],"curies":[{"name":"wp","href":"https:\/\/api.w.org\/{rel}","templated":true}]}}