{"id":771,"date":"2022-11-12T16:11:46","date_gmt":"2022-11-12T20:11:46","guid":{"rendered":"https:\/\/influencias.do\/2022\/11\/12\/la-mitad-de-los-colombianos-aprueban-la-gestion-de-petro-segun-encuesta\/"},"modified":"2022-11-12T16:11:46","modified_gmt":"2022-11-12T20:11:46","slug":"la-mitad-de-los-colombianos-aprueban-la-gestion-de-petro-segun-encuesta","status":"publish","type":"post","link":"https:\/\/influencias.do\/index.php\/2022\/11\/12\/la-mitad-de-los-colombianos-aprueban-la-gestion-de-petro-segun-encuesta\/","title":{"rendered":"La mitad de los colombianos aprueban la gesti\u00f3n de Petro, seg\u00fan encuesta"},"content":{"rendered":"\n<figure class=\"wp-block-gallery has-nested-images columns-default is-cropped wp-block-gallery-1 is-layout-flex wp-block-gallery-is-layout-flex\">\n<figure class=\"wp-block-image size-large\"><img decoding=\"async\" data-id=\"770\" src=\"https:\/\/influencias.do\/wp-content\/uploads\/2022\/11\/img_5724.jpg\" alt=\"\" class=\"wp-image-770\"\/><\/figure>\n<\/figure>\n\n\n\n<p>A 100 d\u00edas de su llegada al poder, <mark style=\"background-color: rgba(0,0,0,0); color: #cf2e2e\" class=\"has-inline-color has-vivid-red-color\"><strong>el presidente Gustavo Petro<\/strong> <\/mark>cuenta con la aprobaci\u00f3n de la mitad de los colombianos, seg\u00fan una encuesta revelada este s\u00e1bado.<\/p>\n\n\n\n<p>El 49.7% de los entrevistados se manifestaron a favor de la gesti\u00f3n del primer mandatario de izquierda de Colombia, se\u00f1al\u00f3 la firma Invamer.<\/p>\n\n\n\n<p>Con relaci\u00f3n a octubre, <mark style=\"background-color: rgba(0,0,0,0); color: #cf2e2e\" class=\"has-inline-color has-vivid-red-color\"><strong>la aprobaci\u00f3n de Petro subi\u00f3 3.7 puntos porcentuales<\/strong>.<\/mark><\/p>\n\n\n\n<p>La llamada pol\u00edtica de &#8220;paz total&#8221;, con la que el presidente pretende desarticular grupos armados de todo tipo, es la propuesta del gobierno con m\u00e1s popularidad (51.2%).<\/p>\n\n\n\n<p>Aumentar impuestos para financiar programas sociales (65.3%) y legalizar el uso recreativo del cannabis (57.1%), proyectos promovidos por congresistas oficialistas, est\u00e1n entre las m\u00e1s rechazadas.<\/p>\n\n\n\n<p><strong><mark style=\"background-color: rgba(0,0,0,0); color: #cf2e2e\" class=\"has-inline-color has-vivid-red-color\">Invamer consult\u00f3 a 1,200 colombianos en las principales ciudades del pa\u00eds.<\/mark> <\/strong>La encuesta tiene un margen de error del 2.8%.<\/p>\n\n\n\n<p>El l\u00edder de izquierda sucedi\u00f3 en el poder al conservador Iv\u00e1n Duque, quien finaliz\u00f3 su gobierno con una aprobaci\u00f3n del 27%.<\/p>\n","protected":false},"excerpt":{"rendered":"<p>A 100 d\u00edas de su llegada al poder, el presidente Gustavo Petro cuenta con la aprobaci\u00f3n de la mitad de los colombianos, seg\u00fan una encuesta revelada este s\u00e1bado. El 49.7% de los entrevistados se manifestaron a favor de la gesti\u00f3n del primer mandatario de izquierda de Colombia, se\u00f1al\u00f3 la firma Invamer. Con relaci\u00f3n a octubre, [&hellip;]<\/p>\n","protected":false},"author":2,"featured_media":770,"comment_status":"open","ping_status":"open","sticky":false,"template":"","format":"standard","meta":{"_bbp_topic_count":0,"_bbp_reply_count":0,"_bbp_total_topic_count":0,"_bbp_total_reply_count":0,"_bbp_voice_count":0,"_bbp_anonymous_reply_count":0,"_bbp_topic_count_hidden":0,"_bbp_reply_count_hidden":0,"_bbp_forum_subforum_count":0,"content-type":"","iawp_total_views":0,"footnotes":""},"categories":[109],"tags":[787,210,788],"class_list":{"0":"post-771","1":"post","2":"type-post","3":"status-publish","4":"format-standard","5":"has-post-thumbnail","7":"category-internacionales","8":"tag-colombia","9":"tag-gustavo-petro","10":"tag-ivan-duque"},"_links":{"self":[{"href":"https:\/\/influencias.do\/index.php\/wp-json\/wp\/v2\/posts\/771","targetHints":{"allow":["GET"]}}],"collection":[{"href":"https:\/\/influencias.do\/index.php\/wp-json\/wp\/v2\/posts"}],"about":[{"href":"https:\/\/influencias.do\/index.php\/wp-json\/wp\/v2\/types\/post"}],"author":[{"embeddable":true,"href":"https:\/\/influencias.do\/index.php\/wp-json\/wp\/v2\/users\/2"}],"replies":[{"embeddable":true,"href":"https:\/\/influencias.do\/index.php\/wp-json\/wp\/v2\/comments?post=771"}],"version-history":[{"count":0,"href":"https:\/\/influencias.do\/index.php\/wp-json\/wp\/v2\/posts\/771\/revisions"}],"wp:featuredmedia":[{"embeddable":true,"href":"https:\/\/influencias.do\/index.php\/wp-json\/"}],"wp:attachment":[{"href":"https:\/\/influencias.do\/index.php\/wp-json\/wp\/v2\/media?parent=771"}],"wp:term":[{"taxonomy":"category","embeddable":true,"href":"https:\/\/influencias.do\/index.php\/wp-json\/wp\/v2\/categories?post=771"},{"taxonomy":"post_tag","embeddable":true,"href":"https:\/\/influencias.do\/index.php\/wp-json\/wp\/v2\/tags?post=771"}],"curies":[{"name":"wp","href":"https:\/\/api.w.org\/{rel}","templated":true}]}}