{"id":77,"date":"2022-10-20T00:48:55","date_gmt":"2022-10-20T04:48:55","guid":{"rendered":"https:\/\/influencias.do\/?p=77"},"modified":"2022-10-20T00:48:55","modified_gmt":"2022-10-20T04:48:55","slug":"monumentos-del-distrito-se-iluminan-de-rosa-por-lucha-contra-cancer-de-mama","status":"publish","type":"post","link":"https:\/\/influencias.do\/index.php\/2022\/10\/20\/monumentos-del-distrito-se-iluminan-de-rosa-por-lucha-contra-cancer-de-mama\/","title":{"rendered":"Monumentos del Distrito se iluminan de rosa por lucha contra C\u00e1ncer de Mama"},"content":{"rendered":"\n<p>Santo Domingo.- Como una forma de crear conciencia y respaldar en este mes de octubre la sensibilizaci\u00f3n contra el c\u00e1ncer de mama, la Alcald\u00eda del Distrito Nacional (ADN) realiz\u00f3 la noche de este viernes el encendido de luces color rosa desde el Pabell\u00f3n de las Naciones, simult\u00e1neamente en el Palacio Consistorial, Monumento Fray Antonio de Montesino y el Obelisco Hembra.<\/p>\n\n\n\n<p>Entre testimonios emotivos por parte de varias sobrevivientes de c\u00e1ncer de mama, se desarroll\u00f3 este acto de encendido que estuvo encabezado por la alcaldesa del Distrito Nacional, Carolina Mej\u00eda; el vicealcalde Stalin Alc\u00e1ntara; la ministra Geanilda V\u00e1squez; la presidenta del Voluntariado Banreservas, Noelia Garc\u00eda de Pereyra.<\/p>\n\n\n\n<p>Tambi\u00e9n estuvo presente una importante representaci\u00f3n de organizaciones que se dedican a promover la lucha contra esta enfermedad, tales como la presidenta de la Asociaci\u00f3n de Mujeres Solidarias Sobrevivientes de C\u00e1ncer de Mama, Norka D\u00edaz; y con ella miembros de la junta directiva. Asimismo m\u00e1s de 20 sobrevivientes de c\u00e1ncer de mama.<\/p>\n\n\n\n<p>El 19 de octubre es reconocido a nivel mundial como el d\u00eda donde se unen todas las voces en contra de esta enfermedad y se alza un llamado a la sensibilizaci\u00f3n y visibilizaci\u00f3n de la misma como un mecanismo para crear conciencia de la importancia de los chequeos, el auto examen, y tambi\u00e9n del apoyo a las mujeres que se encuentran enfrentando el c\u00e1ncer de mama.<\/p>\n\n\n\n<p>En ese sentido, con este encendido rosa el Distrito Nacional se une a este llamando mundial en contra del c\u00e1ncer de mama y en apoyo a las que enfrentan la enfermedad y tambi\u00e9n a las sobrevivientes.<\/p>\n\n\n\n<p>Adamilka Gonz\u00e1lez, colaboradora de esta alcald\u00eda en la Direcci\u00f3n de Comunicaciones, narr\u00f3 su testimonio de c\u00f3mo ella misma se descubri\u00f3 un peque\u00f1o tumor en su seno derecho con tan solo 28 a\u00f1os.<\/p>\n\n\n\n<p>\u201cAl ser joven no me esperaba algo de tal magnitud. Durante el a\u00f1o 2021 estuve recibiendo mis tratamientos: 16 quimioterapias, una cuadrantectom\u00eda, inyecciones y 30 radioterapias. Agradezco a esta instituci\u00f3n por invitarme a formar parte de su campa\u00f1a, para crear conciencia, les invito a que se cuiden realiz\u00e1ndose auto examen o acudiendo a su m\u00e9dico\u201d, detall\u00f3 Gonz\u00e1lez.<\/p>\n\n\n\n<p>De su parte, Irahisa Nolasco, colaboradora del cabildo de la Direcci\u00f3n de Recaudaciones, al contar su testimonio como sobreviviente del c\u00e1ncer de mama detall\u00f3 que se refugi\u00f3 en su familia, su esposo y en Dios.<\/p>\n\n\n\n<p>\u201cYo abrac\u00e9 el c\u00e1ncer y le agradezco el c\u00e1ncer lo que soy; me siento honrada de estar aqu\u00ed y poder prestar un servicio a la ciudad al lado de una gran gerente y un equipo de hombres y mujeres dispuestos a darlo todo por todos y todas\u201d, dijo.<\/p>\n\n\n\n<p>En este mes de octubre, la Alcald\u00eda del Distrito Nacional ha estado desarrollando y continuar\u00e1 hasta fin de mes con charlas y jornadas de sensibilizaci\u00f3n sobre la enfermedad, en busca de crear conciencia sobre la importancia de la detecci\u00f3n temprana.<\/p>\n\n\n\n<p>\u201cGracias por la valent\u00eda y por el amor para compartir estos testimonios con nosotros. Esta noche es muy especial porque recordamos a mi madre y en ella que somos luchadoras y somos rosa. Por favor, cu\u00eddate, chequ\u00e9ate, m\u00edrate, porque eres importante porque eres valiente y valiosa. Vamos a unirnos todos para generar la fuerza necesaria para que todos reciban el mensaje\u201d, comparti\u00f3 la alcaldesa Carolina Mej\u00eda, quien al concluir su discurso realiz\u00f3 el encendido oficial del Pabell\u00f3n de las Naciones.<\/p>\n\n\n\n<p>El acto cont\u00f3 con la presentaci\u00f3n musical de la Banda de M\u00fasica del Cuerpo de Bomberos del Distrito Nacional.<\/p>\n\n\n\n<p>Entre los asistentes tambi\u00e9n se destacan los comunicadores Siddy Roque, Orlando Jerez y Santa de la Cruz de la Asociaci\u00f3n de Cronistas Sociales; el presidente del Concejo de Regidores del Distrito, Jos\u00e9 Caraballo, directores y colaboradores de la alcald\u00eda, entre otros.<\/p>\n\n\n\n<p>Direcci\u00f3n de Comunicaciones ADN<br><\/p>\n\n\n\n<figure class=\"wp-block-gallery has-nested-images columns-default is-cropped wp-block-gallery-1 is-layout-flex wp-block-gallery-is-layout-flex\">\n<figure class=\"wp-block-image size-large\"><img decoding=\"async\" data-id=\"79\" src=\"https:\/\/influencias.do\/wp-content\/uploads\/2022\/10\/copia-de-whatsapp-image-2022-10-20-at-12.22.09-am.jpeg?w=768\" alt=\"\" class=\"wp-image-79\" \/><\/figure>\n\n\n\n<figure class=\"wp-block-image size-large\"><img decoding=\"async\" data-id=\"80\" src=\"https:\/\/influencias.do\/wp-content\/uploads\/2022\/10\/whatsapp-image-2022-10-20-at-12.22.08-am-2.jpeg?w=1024\" alt=\"\" class=\"wp-image-80\" \/><\/figure>\n\n\n\n<figure class=\"wp-block-image size-large\"><img decoding=\"async\" data-id=\"81\" src=\"https:\/\/influencias.do\/wp-content\/uploads\/2022\/10\/whatsapp-image-2022-10-20-at-12.22.08-am-3.jpeg?w=768\" alt=\"\" class=\"wp-image-81\" \/><\/figure>\n\n\n\n<figure class=\"wp-block-image size-large\"><img decoding=\"async\" data-id=\"82\" src=\"https:\/\/influencias.do\/wp-content\/uploads\/2022\/10\/whatsapp-image-2022-10-20-at-12.22.08-am.jpeg?w=1024\" alt=\"\" class=\"wp-image-82\" \/><\/figure>\n\n\n\n<figure class=\"wp-block-image size-large\"><img decoding=\"async\" data-id=\"83\" src=\"https:\/\/influencias.do\/wp-content\/uploads\/2022\/10\/whatsapp-image-2022-10-20-at-12.22.09-am-1.jpeg?w=578\" alt=\"\" class=\"wp-image-83\" \/><\/figure>\n\n\n\n<figure class=\"wp-block-image size-large\"><img decoding=\"async\" data-id=\"84\" src=\"https:\/\/influencias.do\/wp-content\/uploads\/2022\/10\/whatsapp-image-2022-10-20-at-12.22.09-am-2.jpeg?w=1024\" alt=\"\" class=\"wp-image-84\" \/><\/figure>\n\n\n\n<figure class=\"wp-block-image size-large\"><img decoding=\"async\" data-id=\"85\" src=\"https:\/\/influencias.do\/wp-content\/uploads\/2022\/10\/whatsapp-image-2022-10-20-at-12.22.09-am-3.jpeg?w=1024\" alt=\"\" class=\"wp-image-85\" \/><\/figure>\n\n\n\n<figure class=\"wp-block-image size-large\"><img decoding=\"async\" data-id=\"86\" src=\"https:\/\/influencias.do\/wp-content\/uploads\/2022\/10\/whatsapp-image-2022-10-20-at-12.22.09-am-4.jpeg?w=1024\" alt=\"\" class=\"wp-image-86\" \/><\/figure>\n\n\n\n<figure class=\"wp-block-image size-large\"><img decoding=\"async\" data-id=\"87\" src=\"https:\/\/influencias.do\/wp-content\/uploads\/2022\/10\/whatsapp-image-2022-10-20-at-12.22.09-am-5.jpeg?w=1024\" alt=\"\" class=\"wp-image-87\" \/><\/figure>\n\n\n\n<figure class=\"wp-block-image size-large\"><img decoding=\"async\" data-id=\"88\" src=\"https:\/\/influencias.do\/wp-content\/uploads\/2022\/10\/whatsapp-image-2022-10-20-at-12.22.09-am-6.jpeg?w=1024\" alt=\"\" class=\"wp-image-88\" \/><\/figure>\n\n\n\n<figure class=\"wp-block-image size-large\"><img decoding=\"async\" data-id=\"89\" src=\"https:\/\/influencias.do\/wp-content\/uploads\/2022\/10\/whatsapp-image-2022-10-20-at-12.22.09-am.jpeg?w=1000\" alt=\"\" class=\"wp-image-89\" \/><\/figure>\n<\/figure>\n","protected":false},"excerpt":{"rendered":"<p>Santo Domingo.- Como una forma de crear conciencia y respaldar en este mes de octubre la sensibilizaci\u00f3n contra el c\u00e1ncer de mama, la Alcald\u00eda del Distrito Nacional (ADN) realiz\u00f3 la noche de este viernes el encendido de luces color rosa desde el Pabell\u00f3n de las Naciones, simult\u00e1neamente en el Palacio Consistorial, Monumento Fray Antonio de Montesino y el Obelisco Hembra.<\/p>\n","protected":false},"author":2,"featured_media":89,"comment_status":"open","ping_status":"open","sticky":false,"template":"","format":"standard","meta":{"_bbp_topic_count":0,"_bbp_reply_count":0,"_bbp_total_topic_count":0,"_bbp_total_reply_count":0,"_bbp_voice_count":0,"_bbp_anonymous_reply_count":0,"_bbp_topic_count_hidden":0,"_bbp_reply_count_hidden":0,"_bbp_forum_subforum_count":0,"content-type":"","iawp_total_views":0,"footnotes":""},"categories":[112],"tags":[154,155,156,157,158,159,160,161,162],"class_list":{"0":"post-77","1":"post","2":"type-post","3":"status-publish","4":"format-standard","5":"has-post-thumbnail","7":"category-municipalidad","8":"tag-adn","9":"tag-alcaldia-del-distrito-nacional","10":"tag-carolina-mejia","11":"tag-contra-el-cancer","12":"tag-elizabeth-mateo","13":"tag-geanilda-vazquez","14":"tag-noelia-garcia-de-pereyra","15":"tag-santo-domingo","16":"tag-stalin-alcantara"},"_links":{"self":[{"href":"https:\/\/influencias.do\/index.php\/wp-json\/wp\/v2\/posts\/77","targetHints":{"allow":["GET"]}}],"collection":[{"href":"https:\/\/influencias.do\/index.php\/wp-json\/wp\/v2\/posts"}],"about":[{"href":"https:\/\/influencias.do\/index.php\/wp-json\/wp\/v2\/types\/post"}],"author":[{"embeddable":true,"href":"https:\/\/influencias.do\/index.php\/wp-json\/wp\/v2\/users\/2"}],"replies":[{"embeddable":true,"href":"https:\/\/influencias.do\/index.php\/wp-json\/wp\/v2\/comments?post=77"}],"version-history":[{"count":0,"href":"https:\/\/influencias.do\/index.php\/wp-json\/wp\/v2\/posts\/77\/revisions"}],"wp:featuredmedia":[{"embeddable":true,"href":"https:\/\/influencias.do\/index.php\/wp-json\/"}],"wp:attachment":[{"href":"https:\/\/influencias.do\/index.php\/wp-json\/wp\/v2\/media?parent=77"}],"wp:term":[{"taxonomy":"category","embeddable":true,"href":"https:\/\/influencias.do\/index.php\/wp-json\/wp\/v2\/categories?post=77"},{"taxonomy":"post_tag","embeddable":true,"href":"https:\/\/influencias.do\/index.php\/wp-json\/wp\/v2\/tags?post=77"}],"curies":[{"name":"wp","href":"https:\/\/api.w.org\/{rel}","templated":true}]}}