{"id":667,"date":"2022-11-02T17:11:09","date_gmt":"2022-11-02T21:11:09","guid":{"rendered":"https:\/\/influencias.do\/2022\/11\/02\/el-papa-critica-a-catolicos-que-no-conocen-ni-a-un-pobre-por-su-nombre\/"},"modified":"2022-11-02T17:11:09","modified_gmt":"2022-11-02T21:11:09","slug":"el-papa-critica-a-catolicos-que-no-conocen-ni-a-un-pobre-por-su-nombre","status":"publish","type":"post","link":"https:\/\/influencias.do\/index.php\/2022\/11\/02\/el-papa-critica-a-catolicos-que-no-conocen-ni-a-un-pobre-por-su-nombre\/","title":{"rendered":"El papa critica a cat\u00f3licos que &#8220;no conocen ni a un pobre por su nombre&#8221;"},"content":{"rendered":"\n<figure class=\"wp-block-gallery has-nested-images columns-default is-cropped wp-block-gallery-1 is-layout-flex wp-block-gallery-is-layout-flex\">\n<figure class=\"wp-block-image size-large\"><img decoding=\"async\" data-id=\"666\" src=\"https:\/\/influencias.do\/wp-content\/uploads\/2022\/11\/img_5301-715x1024.jpg\" alt=\"\" class=\"wp-image-666\"\/><\/figure>\n<\/figure>\n\n\n\n<p>El papa critic\u00f3 hoy a los cat\u00f3licos que &#8220;debaten y exponen todo tipo de teor\u00edas&#8221;, pero<mark style=\"background-color: rgba(0,0,0,0); color: #cf2e2e\" class=\"has-inline-color has-vivid-red-color\"> &#8220;<strong>no conocen ni siquiera a un pobre por su nombre,<\/strong><\/mark>&#8221; o &#8220;no han visitado a un enfermo durante meses&#8221;.<\/p>\n\n\n\n<p>As\u00ed habl\u00f3 en su homil\u00eda en la misa de sufragio dedicada a los cardenales y obispos fallecidos durante el a\u00f1o que se ha celebrado hoy en la bas\u00edlica de San Pedro.<\/p>\n\n\n\n<p>&#8220;Hay cristianos que comentan, debaten y exponen teor\u00edas, pero no conocen ni siquiera a un pobre por su nombre, <mark style=\"background-color: rgba(0,0,0,0); color: #cf2e2e\" class=\"has-inline-color has-vivid-red-color\"><strong>no han visitado a un enfermo durante meses, nunca han alimentado o vestido a alguien,<\/strong><\/mark> nunca han hecho amistad con alguien con necesidad&#8221;, dijo Francisco en una homil\u00eda sobre c\u00f3mo debe ser la vida del cristiano en espera de la muerte y del juicio divino.<\/p>\n\n\n\n<p>Por ello, se\u00f1al\u00f3 que &#8220;<mark style=\"background-color: rgba(0,0,0,0); color: #cf2e2e\" class=\"has-inline-color has-vivid-red-color\"><strong>las cosas de aqu\u00ed abajo no subir\u00e1n all\u00ed:<\/strong> <\/mark>las mejores carreras, los mayores logros, los mayores prestigios, las riquezas acumuladas y las ganancias terrenales, todo se desvanecer\u00e1 en un momento. Y todas las expectativas puestas en ellas se ver\u00e1n defraudadas&#8221;.<\/p>\n\n\n\n<p><br>El pont\u00edfice critic\u00f3 el &#8220;esfuerzo y energ\u00eda&#8221; gastados en estas cosas, que <mark style=\"background-color: rgba(0,0,0,0); color: #cf2e2e\" class=\"has-inline-color has-vivid-red-color\">&#8220;<strong>nos hacer perder de vista el sentido del viaje, la meta del viaje, <\/strong><\/mark>el infinito al que tendemos, la alegr\u00eda por la que respiramos&#8221;.<\/p>\n\n\n\n<p>Y record\u00f3 en esta misa de Difuntos que ante el &#8220;tribunal divino&#8221;, &#8220;el \u00fanico m\u00e9rito y acusaci\u00f3n ser\u00e1 la misericordia hacia los pobres y descartados&#8221;.<\/p>\n\n\n\n<p>Francisco denunci\u00f3 que se tiende a poner excusas y concluy\u00f3 que &#8220;se discute mucho y se hace poco&#8221;, de modo que &#8220;<mark style=\"background-color: rgba(0,0,0,0); color: #cf2e2e\" class=\"has-inline-color has-vivid-red-color\"><strong>se buscan respuestas m\u00e1s frente al ordenador que frente al Crucificado<\/strong><\/mark>, en Internet, y no en los ojos de los hermanos&#8221;.<\/p>\n\n\n\n<p>&#8220;Hoy el Se\u00f1or nos recuerda que la muerte viene a hacer la verdad de la vida y elimina todos los atenuantes de la misericordia. Hermanos, hermanas, no podemos no podemos decir que no lo sabemos&#8221;, advirti\u00f3 en su homil\u00eda, que como en los \u00faltimos meses ley\u00f3 sentado debido a sus problemas de rodilla.<\/p>\n","protected":false},"excerpt":{"rendered":"<p>El papa critic\u00f3 hoy a los cat\u00f3licos que &#8220;debaten y exponen todo tipo de teor\u00edas&#8221;, pero &#8220;no conocen ni siquiera a un pobre por su nombre,&#8221; o &#8220;no han visitado a un enfermo durante meses&#8221;. As\u00ed habl\u00f3 en su homil\u00eda en la misa de sufragio dedicada a los cardenales y obispos fallecidos durante el a\u00f1o [&hellip;]<\/p>\n","protected":false},"author":2,"featured_media":666,"comment_status":"open","ping_status":"open","sticky":false,"template":"","format":"standard","meta":{"_bbp_topic_count":0,"_bbp_reply_count":0,"_bbp_total_topic_count":0,"_bbp_total_reply_count":0,"_bbp_voice_count":0,"_bbp_anonymous_reply_count":0,"_bbp_topic_count_hidden":0,"_bbp_reply_count_hidden":0,"_bbp_forum_subforum_count":0,"content-type":"","iawp_total_views":0,"footnotes":""},"categories":[109],"tags":[696,697,320,698,699],"class_list":{"0":"post-667","1":"post","2":"type-post","3":"status-publish","4":"format-standard","5":"has-post-thumbnail","7":"category-internacionales","8":"tag-catolicos","9":"tag-iglesia-catolica","10":"tag-papa-francisco","11":"tag-pobres","12":"tag-pobreza"},"_links":{"self":[{"href":"https:\/\/influencias.do\/index.php\/wp-json\/wp\/v2\/posts\/667","targetHints":{"allow":["GET"]}}],"collection":[{"href":"https:\/\/influencias.do\/index.php\/wp-json\/wp\/v2\/posts"}],"about":[{"href":"https:\/\/influencias.do\/index.php\/wp-json\/wp\/v2\/types\/post"}],"author":[{"embeddable":true,"href":"https:\/\/influencias.do\/index.php\/wp-json\/wp\/v2\/users\/2"}],"replies":[{"embeddable":true,"href":"https:\/\/influencias.do\/index.php\/wp-json\/wp\/v2\/comments?post=667"}],"version-history":[{"count":0,"href":"https:\/\/influencias.do\/index.php\/wp-json\/wp\/v2\/posts\/667\/revisions"}],"wp:featuredmedia":[{"embeddable":true,"href":"https:\/\/influencias.do\/index.php\/wp-json\/"}],"wp:attachment":[{"href":"https:\/\/influencias.do\/index.php\/wp-json\/wp\/v2\/media?parent=667"}],"wp:term":[{"taxonomy":"category","embeddable":true,"href":"https:\/\/influencias.do\/index.php\/wp-json\/wp\/v2\/categories?post=667"},{"taxonomy":"post_tag","embeddable":true,"href":"https:\/\/influencias.do\/index.php\/wp-json\/wp\/v2\/tags?post=667"}],"curies":[{"name":"wp","href":"https:\/\/api.w.org\/{rel}","templated":true}]}}