{"id":66445,"date":"2026-09-04T14:00:57","date_gmt":"2026-09-04T14:00:57","guid":{"rendered":"https:\/\/influencias.do\/?p=66445"},"modified":"2026-09-04T14:00:57","modified_gmt":"2026-09-04T14:00:57","slug":"rd-y-haiti-acuerdan-fortalecer-cooperacion-fronteriza-en-medio-de-la-crisis-haitiana","status":"publish","type":"post","link":"https:\/\/influencias.do\/index.php\/2026\/09\/04\/rd-y-haiti-acuerdan-fortalecer-cooperacion-fronteriza-en-medio-de-la-crisis-haitiana\/","title":{"rendered":"RD y Hait\u00ed acuerdan fortalecer cooperaci\u00f3n fronteriza en medio de la crisis haitiana"},"content":{"rendered":"<p><strong>DAJAB\u00d3N.<\/strong> En medio de la persistente crisis de seguridad que atraviesa Hait\u00ed, Rep\u00fablica Dominicana y ese pa\u00eds acordaron reforzar la cooperaci\u00f3n en materia de seguridad fronteriza y asuntos migratorios, durante una reuni\u00f3n de alto nivel celebrada este jueves en la zona lim\u00edtrofe.<\/p>\n<p>El encuentro, que no hab\u00eda sido anunciado previamente, reuni\u00f3 al canciller dominicano V\u00edctor \u201cIto\u201d Bison\u00f3 y a la ministra de Asuntos Extranjeros y Cultos de Hait\u00ed, Raina Forbin, quienes encabezaron las delegaciones de ambos pa\u00edses en las instalaciones del Parque Industrial CODEVI.<\/p>\n<p>La agenda incluy\u00f3 seguridad fronteriza, combate a las econom\u00edas il\u00edcitas, migraci\u00f3n, cooperaci\u00f3n jur\u00eddica, comercio, inversi\u00f3n y conectividad a\u00e9rea.<\/p>\n<p>Pero uno de los principales puntos de coincidencia fue la necesidad de fortalecer los mecanismos de cooperaci\u00f3n para mejorar la gobernanza de la frontera y los asuntos migratorios, una zona especialmente sensible para Rep\u00fablica Dominicana ante el deterioro de la seguridad en Hait\u00ed.<\/p>\n<h3>RD y Hait\u00ed presionan por fuerza contra las pandillas<\/h3>\n<p>La reuni\u00f3n tambi\u00e9n sirvi\u00f3 para que ambos gobiernos reiteraran su respaldo a los esfuerzos internacionales destinados a completar el despliegue de la Fuerza de Supresi\u00f3n de Pandillas (GSF) en Hait\u00ed y renovar su mandato.<\/p>\n<p>La misi\u00f3n internacional fue concebida para combatir a las bandas armadas haitianas y contribuir al restablecimiento de la seguridad en el pa\u00eds. Sin embargo, su despliegue se mantiene muy por debajo de la capacidad autorizada.<\/p>\n<p>Los cancilleres dominicano y haitiano acordaron continuar promoviendo el respaldo de la comunidad internacional, particularmente dentro del Consejo de Seguridad de Naciones Unidas, para que la fuerza pueda alcanzar el despliegue previsto.<\/p>\n<p>Ambos gobiernos consideran que una misi\u00f3n fortalecida permitir\u00eda avanzar en la recuperaci\u00f3n de la seguridad, el fortalecimiento de las instituciones y la creaci\u00f3n de condiciones para una paz sostenible en Hait\u00ed.<\/p>\n<h3>Tambi\u00e9n buscan normalizar consulados dominicanos<\/h3>\n<p>Otro de los asuntos que sali\u00f3 sobre la mesa fue la normalizaci\u00f3n de las operaciones consulares dominicanas en territorio haitiano.<\/p>\n<p>La declaraci\u00f3n conjunta establece que ambos pa\u00edses tienen la voluntad de avanzar hacia el restablecimiento de esos servicios &#8220;a la mayor brevedad posible&#8221;, aunque supeditados a que las condiciones de seguridad lo permitan.<\/p>\n<p>En el \u00e1mbito econ\u00f3mico, las delegaciones tambi\u00e9n abordaron la formalizaci\u00f3n del comercio y las inversiones, as\u00ed como la ampliaci\u00f3n de la conectividad a\u00e9rea entre ambos territorios.<\/p>\n<p>Los funcionarios destacaron adem\u00e1s la participaci\u00f3n del sector privado como un elemento clave para fortalecer los v\u00ednculos econ\u00f3micos, generar empleos y dinamizar las relaciones comerciales.<\/p>\n<p>El acercamiento ocurre luego de a\u00f1os de tensiones entre ambos pa\u00edses, particularmente tras la crisis provocada por la construcci\u00f3n de un canal sobre el r\u00edo Masacre en 2023 y las posteriores medidas adoptadas por Rep\u00fablica Dominicana para reforzar el control fronterizo y migratorio.<\/p>\n<p>Con la reuni\u00f3n de este jueves, los dos gobiernos buscan mantener abierto el di\u00e1logo bilateral mientras la crisis de seguridad haitiana contin\u00faa siendo uno de los principales desaf\u00edos para la estabilidad de la frontera com\u00fan.<\/p>\n","protected":false},"excerpt":{"rendered":"<p>DAJAB\u00d3N. En medio de la persistente crisis de seguridad que atraviesa Hait\u00ed, Rep\u00fablica Dominicana y ese pa\u00eds acordaron reforzar la cooperaci\u00f3n en materia de seguridad fronteriza y asuntos migratorios, durante una reuni\u00f3n de alto nivel celebrada este jueves en la zona lim\u00edtrofe. El encuentro, que no hab\u00eda sido anunciado previamente, reuni\u00f3 al canciller dominicano V\u00edctor [&hellip;]<\/p>\n","protected":false},"author":1,"featured_media":66446,"comment_status":"open","ping_status":"open","sticky":false,"template":"","format":"standard","meta":{"_bbp_topic_count":0,"_bbp_reply_count":0,"_bbp_total_topic_count":0,"_bbp_total_reply_count":0,"_bbp_voice_count":0,"_bbp_anonymous_reply_count":0,"_bbp_topic_count_hidden":0,"_bbp_reply_count_hidden":0,"_bbp_forum_subforum_count":0,"content-type":"","iawp_total_views":0,"footnotes":""},"categories":[108,1],"tags":[1164,2181,803,173,569],"class_list":["post-66445","post","type-post","status-publish","format-standard","has-post-thumbnail","category-mas-vistas","category-portada","tag-comercio","tag-cooperacion","tag-frontera","tag-haiti","tag-rd"],"_links":{"self":[{"href":"https:\/\/influencias.do\/index.php\/wp-json\/wp\/v2\/posts\/66445","targetHints":{"allow":["GET"]}}],"collection":[{"href":"https:\/\/influencias.do\/index.php\/wp-json\/wp\/v2\/posts"}],"about":[{"href":"https:\/\/influencias.do\/index.php\/wp-json\/wp\/v2\/types\/post"}],"author":[{"embeddable":true,"href":"https:\/\/influencias.do\/index.php\/wp-json\/wp\/v2\/users\/1"}],"replies":[{"embeddable":true,"href":"https:\/\/influencias.do\/index.php\/wp-json\/wp\/v2\/comments?post=66445"}],"version-history":[{"count":1,"href":"https:\/\/influencias.do\/index.php\/wp-json\/wp\/v2\/posts\/66445\/revisions"}],"predecessor-version":[{"id":66447,"href":"https:\/\/influencias.do\/index.php\/wp-json\/wp\/v2\/posts\/66445\/revisions\/66447"}],"wp:featuredmedia":[{"embeddable":true,"href":"https:\/\/influencias.do\/index.php\/wp-json\/wp\/v2\/media\/66446"}],"wp:attachment":[{"href":"https:\/\/influencias.do\/index.php\/wp-json\/wp\/v2\/media?parent=66445"}],"wp:term":[{"taxonomy":"category","embeddable":true,"href":"https:\/\/influencias.do\/index.php\/wp-json\/wp\/v2\/categories?post=66445"},{"taxonomy":"post_tag","embeddable":true,"href":"https:\/\/influencias.do\/index.php\/wp-json\/wp\/v2\/tags?post=66445"}],"curies":[{"name":"wp","href":"https:\/\/api.w.org\/{rel}","templated":true}]}}