{"id":66438,"date":"2026-09-04T13:39:44","date_gmt":"2026-09-04T13:39:44","guid":{"rendered":"https:\/\/influencias.do\/?p=66438"},"modified":"2026-09-04T13:39:44","modified_gmt":"2026-09-04T13:39:44","slug":"partidos-aliados-al-prm-valoran-trayectoria-y-liderazgo-de-jose-ignacio-paliza","status":"publish","type":"post","link":"https:\/\/influencias.do\/index.php\/2026\/09\/04\/partidos-aliados-al-prm-valoran-trayectoria-y-liderazgo-de-jose-ignacio-paliza\/","title":{"rendered":"Partidos aliados al PRM valoran trayectoria y liderazgo de Jos\u00e9 Ignacio Paliza"},"content":{"rendered":"<p>Santo Domingo. &#8211; El Partido Democr\u00e1tico Alternativo (MODA) fue una de las organizaciones aliadas que reconocieron la brillante gesti\u00f3n de Jos\u00e9 Ignacio Paliza como presidente del Partido Revolucionario Moderno (PRM), as\u00ed como por su rol en la construcci\u00f3n de una plataforma de unidad que garantiz\u00f3 el \u00e9xito electoral.<\/p>\n<p>Al hablar con los periodistas en el hotel Catalonia, donde se realiz\u00f3 el homenaje, el presidente del Partido MODA, doctor Elsido D\u00edaz, sostuvo que la presidencia de Paliza en el PRM estuvo marcada por la apertura y la madurez pol\u00edtica.<\/p>\n<p>&#8220;El \u00e9xito del PRM y los partidos aliados no solo se debe a la coincidencia program\u00e1tica, sino tambi\u00e9n a la capacidad estrat\u00e9gica de mantener unidas a las distintas fuerzas partidarias bajo una visi\u00f3n compartida de desarrollo para el pa\u00eds, impulsada por Paliza y el presidente Luis Abinader&#8221;, sostuvo el doctor D\u00edaz.<\/p>\n<p>El presidente del Partido Democr\u00e1tico Alternativo (MODA), Elsido D\u00edaz, asegur\u00f3 que Jos\u00e9 Ignacio Paliza y el presidente Luis Abinader rompieron con los esquemas tradicionales de la pol\u00edtica dominicana, garantizando que los partidos minoritarios sean escuchados y valorados como piezas claves en la gobernabilidad y en la ejecuci\u00f3n de pol\u00edticas p\u00fablicas.<\/p>\n<p>Los partidos indicaron que el reconocimiento otorgado a Jos\u00e9 Ignacio Paliza fue por el trato respetuoso, solidario y equitativo que como presidente del PRM mantuvo con las agrupaciones aliadas.<\/p>\n<p>Otras organizaciones pol\u00edticas que participaron en el reconocimiento a Jos\u00e9 Ignacio, fueron el Partido de Acci\u00f3n Liberal (PAL), Partido Verde Dominicano (PASOVE), Partido C\u00edvico Renovador (PCR), Partido Humanista Dominicano (PHD), Partido Democr\u00e1tico Popular (PDP) y el Partido Nacional de Voluntad Ciudadana (PNVC).<\/p>\n<p>Los lideres de los partidos aliados al PRM, destacaron el papel del alto dirigente perremeista en el fortalecimiento de los v\u00ednculos entre las distintas fuerzas pol\u00edticas que acompa\u00f1an al Gobierno<\/p>\n","protected":false},"excerpt":{"rendered":"<p>Santo Domingo. &#8211; El Partido Democr\u00e1tico Alternativo (MODA) fue una de las organizaciones aliadas que reconocieron la brillante gesti\u00f3n de Jos\u00e9 Ignacio Paliza como presidente del Partido Revolucionario Moderno (PRM), as\u00ed como por su rol en la construcci\u00f3n de una plataforma de unidad que garantiz\u00f3 el \u00e9xito electoral. Al hablar con los periodistas en el [&hellip;]<\/p>\n","protected":false},"author":1,"featured_media":66439,"comment_status":"open","ping_status":"open","sticky":false,"template":"","format":"standard","meta":{"_bbp_topic_count":0,"_bbp_reply_count":0,"_bbp_total_topic_count":0,"_bbp_total_reply_count":0,"_bbp_voice_count":0,"_bbp_anonymous_reply_count":0,"_bbp_topic_count_hidden":0,"_bbp_reply_count_hidden":0,"_bbp_forum_subforum_count":0,"content-type":"","iawp_total_views":2,"footnotes":""},"categories":[106],"tags":[],"class_list":["post-66438","post","type-post","status-publish","format-standard","has-post-thumbnail","category-politica"],"_links":{"self":[{"href":"https:\/\/influencias.do\/index.php\/wp-json\/wp\/v2\/posts\/66438","targetHints":{"allow":["GET"]}}],"collection":[{"href":"https:\/\/influencias.do\/index.php\/wp-json\/wp\/v2\/posts"}],"about":[{"href":"https:\/\/influencias.do\/index.php\/wp-json\/wp\/v2\/types\/post"}],"author":[{"embeddable":true,"href":"https:\/\/influencias.do\/index.php\/wp-json\/wp\/v2\/users\/1"}],"replies":[{"embeddable":true,"href":"https:\/\/influencias.do\/index.php\/wp-json\/wp\/v2\/comments?post=66438"}],"version-history":[{"count":1,"href":"https:\/\/influencias.do\/index.php\/wp-json\/wp\/v2\/posts\/66438\/revisions"}],"predecessor-version":[{"id":66440,"href":"https:\/\/influencias.do\/index.php\/wp-json\/wp\/v2\/posts\/66438\/revisions\/66440"}],"wp:featuredmedia":[{"embeddable":true,"href":"https:\/\/influencias.do\/index.php\/wp-json\/wp\/v2\/media\/66439"}],"wp:attachment":[{"href":"https:\/\/influencias.do\/index.php\/wp-json\/wp\/v2\/media?parent=66438"}],"wp:term":[{"taxonomy":"category","embeddable":true,"href":"https:\/\/influencias.do\/index.php\/wp-json\/wp\/v2\/categories?post=66438"},{"taxonomy":"post_tag","embeddable":true,"href":"https:\/\/influencias.do\/index.php\/wp-json\/wp\/v2\/tags?post=66438"}],"curies":[{"name":"wp","href":"https:\/\/api.w.org\/{rel}","templated":true}]}}