{"id":66432,"date":"2026-09-03T18:57:08","date_gmt":"2026-09-03T18:57:08","guid":{"rendered":"https:\/\/influencias.do\/?p=66432"},"modified":"2026-09-03T18:57:08","modified_gmt":"2026-09-03T18:57:08","slug":"un-pronostico-preocupante-sobre-el-nino-pone-al-mundo-en-alerta","status":"publish","type":"post","link":"https:\/\/influencias.do\/index.php\/2026\/09\/03\/un-pronostico-preocupante-sobre-el-nino-pone-al-mundo-en-alerta\/","title":{"rendered":"Un pron\u00f3stico preocupante sobre El Ni\u00f1o pone al mundo en alerta"},"content":{"rendered":"<p style=\"text-align: justify;\">El fen\u00f3meno clim\u00e1tico de\u00a0El Ni\u00f1o\u00a0ya se ha consolidado y podr\u00eda intensificarse hasta\u00a0convertirse en un evento extremadamente fuerte en los pr\u00f3ximos meses, advirti\u00f3 este jueves la\u00a0Organizaci\u00f3n Meteorol\u00f3gica Mundial\u00a0(OMM).<\/p>\n<p style=\"text-align: justify;\">Seg\u00fan las proyecciones del organismo, existe casi\u00a0un 100 % de probabilidad de que El Ni\u00f1o persista al menos hasta febrero del pr\u00f3ximo a\u00f1o. La advertencia ha encendido las alarmas por el riesgo de inundaciones, sequ\u00edas severas y olas de calor intensas en distintas regiones del planeta.<\/p>\n<div>\n<div>\n<p style=\"text-align: justify;\">La OMM explic\u00f3 que el calentamiento an\u00f3malo del Pac\u00edfico tropical est\u00e1\u00a0impulsando este fen\u00f3meno con rapidez. El \u00edndice que mide la temperatura superficial del mar aument\u00f3 con fuerza entre mayo y agosto de este a\u00f1o, alcanzando anomal\u00edas de hasta\u00a02,6 grados cent\u00edgrados por encima de lo habitual.<\/p>\n<blockquote class=\"twitter-tweet\">\n<p dir=\"ltr\" lang=\"en\">\ud83c\udf21\ufe0f El Ni\u00f1o is firmly established and will intensify into a very strong event in the coming months. WMO forecasts show ~100% likelihood that it will persist through February 2027.<\/p>\n<p>A very strong El Ni\u00f1o \u2260 same impacts everywhere.<\/p>\n<p>\ud83c\udd95 WMO El Nino Update: <a href=\"https:\/\/t.co\/KUPq04jjkT\">https:\/\/t.co\/KUPq04jjkT<\/a> <a href=\"https:\/\/t.co\/PAx1EZTCOH\">pic.twitter.com\/PAx1EZTCOH<\/a><\/p>\n<p>\u2014 World Meteorological Organization (@WMO) <a href=\"https:\/\/x.com\/WMO\/status\/2095396479166750836?ref_src=twsrc%5Etfw\">September 3, 2026<\/a><\/p><\/blockquote>\n<p><script async src=\"https:\/\/platform.x.com\/widgets.js\" charset=\"utf-8\"><\/script><\/p>\n<p style=\"text-align: justify;\">Ante este escenario,\u00a0el organismo\u00a0y los servicios meteorol\u00f3gicos nacionales activaron planes de preparaci\u00f3n y sistemas de alerta temprana para\u00a0proteger a las poblaciones m\u00e1s vulnerables. La secretaria general de la OMM, Celeste Saulo, advirti\u00f3 que este episodio podr\u00eda golpear con fuerza a comunidades y econom\u00edas en todo el mundo.<\/p>\n<p style=\"text-align: justify;\">La organizaci\u00f3n trabaja adem\u00e1s con agencias humanitarias para reducir los efectos sobre sectores especialmente sensibles, como\u00a0la agricultura, la salud, la energ\u00eda y los recursos h\u00eddricos.<\/p>\n<p style=\"text-align: justify;\">RT<\/p>\n<\/div>\n<\/div>\n","protected":false},"excerpt":{"rendered":"<p>El fen\u00f3meno clim\u00e1tico de\u00a0El Ni\u00f1o\u00a0ya se ha consolidado y podr\u00eda intensificarse hasta\u00a0convertirse en un evento extremadamente fuerte en los pr\u00f3ximos meses, advirti\u00f3 este jueves la\u00a0Organizaci\u00f3n Meteorol\u00f3gica Mundial\u00a0(OMM). Seg\u00fan las proyecciones del organismo, existe casi\u00a0un 100 % de probabilidad de que El Ni\u00f1o persista al menos hasta febrero del pr\u00f3ximo a\u00f1o. La advertencia ha encendido las [&hellip;]<\/p>\n","protected":false},"author":1,"featured_media":66433,"comment_status":"open","ping_status":"open","sticky":false,"template":"","format":"standard","meta":{"_bbp_topic_count":0,"_bbp_reply_count":0,"_bbp_total_topic_count":0,"_bbp_total_reply_count":0,"_bbp_voice_count":0,"_bbp_anonymous_reply_count":0,"_bbp_topic_count_hidden":0,"_bbp_reply_count_hidden":0,"_bbp_forum_subforum_count":0,"content-type":"","iawp_total_views":0,"footnotes":""},"categories":[109],"tags":[5216],"class_list":["post-66432","post","type-post","status-publish","format-standard","has-post-thumbnail","category-internacionales","tag-el-nino"],"_links":{"self":[{"href":"https:\/\/influencias.do\/index.php\/wp-json\/wp\/v2\/posts\/66432","targetHints":{"allow":["GET"]}}],"collection":[{"href":"https:\/\/influencias.do\/index.php\/wp-json\/wp\/v2\/posts"}],"about":[{"href":"https:\/\/influencias.do\/index.php\/wp-json\/wp\/v2\/types\/post"}],"author":[{"embeddable":true,"href":"https:\/\/influencias.do\/index.php\/wp-json\/wp\/v2\/users\/1"}],"replies":[{"embeddable":true,"href":"https:\/\/influencias.do\/index.php\/wp-json\/wp\/v2\/comments?post=66432"}],"version-history":[{"count":1,"href":"https:\/\/influencias.do\/index.php\/wp-json\/wp\/v2\/posts\/66432\/revisions"}],"predecessor-version":[{"id":66434,"href":"https:\/\/influencias.do\/index.php\/wp-json\/wp\/v2\/posts\/66432\/revisions\/66434"}],"wp:featuredmedia":[{"embeddable":true,"href":"https:\/\/influencias.do\/index.php\/wp-json\/wp\/v2\/media\/66433"}],"wp:attachment":[{"href":"https:\/\/influencias.do\/index.php\/wp-json\/wp\/v2\/media?parent=66432"}],"wp:term":[{"taxonomy":"category","embeddable":true,"href":"https:\/\/influencias.do\/index.php\/wp-json\/wp\/v2\/categories?post=66432"},{"taxonomy":"post_tag","embeddable":true,"href":"https:\/\/influencias.do\/index.php\/wp-json\/wp\/v2\/tags?post=66432"}],"curies":[{"name":"wp","href":"https:\/\/api.w.org\/{rel}","templated":true}]}}