{"id":66427,"date":"2026-09-03T15:27:16","date_gmt":"2026-09-03T15:27:16","guid":{"rendered":"https:\/\/influencias.do\/?p=66427"},"modified":"2026-09-03T15:31:10","modified_gmt":"2026-09-03T15:31:10","slug":"mas-de-150-dominicanos-son-victimas-de-reclutamiento-para-la-guerra-en-rusia","status":"publish","type":"post","link":"https:\/\/influencias.do\/index.php\/2026\/09\/03\/mas-de-150-dominicanos-son-victimas-de-reclutamiento-para-la-guerra-en-rusia\/","title":{"rendered":"M\u00e1s de 150 dominicanos son v\u00edctimas de reclutamiento para la guerra en Rusia"},"content":{"rendered":"<p style=\"text-align: justify;\" data-paragraph-number=\"1\" data-mrf-recirculation=\"Links inline\">Familiares de afectados y representantes de organizaciones de derechos humanos han presentado una denuncia formal ante la\u00a0Procuradur\u00eda General de la Rep\u00fablica de la Rep\u00fablica Dominicana,\u00a0alertando que m\u00e1s de 150 ciudadanos dominicanos han sido captados mediante falsas ofertas de empleo e integrados contra su voluntad en\u00a0zonas de conflicto b\u00e9lico en el extranjero,\u00a0principalmente en Rusia y la regi\u00f3n disputada del Donb\u00e1s.<\/p>\n<p style=\"text-align: justify;\" data-paragraph-number=\"2\" data-mrf-recirculation=\"Links inline\">El Comit\u00e9 Dominicano de los Derechos Humanos (CDDH),\u00a0en conjunto con parientes de las v\u00edctimas, formaliz\u00f3 la solicitud de investigaci\u00f3n por el delito de trata de personas y tr\u00e1fico il\u00edcito de nacionales.<\/p>\n<p style=\"text-align: justify;\" data-paragraph-number=\"3\" data-mrf-recirculation=\"Links inline\">De acuerdo con los testimonios presentados, la red de reclutamiento opera a trav\u00e9s de plataformas digitales y redes sociales, enfoc\u00e1ndose en\u00a0sectores de alta vulnerabilidad econ\u00f3mica e incertidumbre laboral en el pa\u00eds.<\/p>\n<p style=\"text-align: justify;\" data-paragraph-number=\"4\" data-mrf-recirculation=\"Links inline\">A los ciudadanos se les atrae con propuestas de\u00a0contratos laborales supuestamente bien remunerados en el exterior,\u00a0ofreci\u00e9ndoles puestos como:<\/p>\n<ul style=\"text-align: justify;\" data-icon=\"\u2b24\">\n<li data-icon=\"\u2b24\">Mec\u00e1nicos<\/li>\n<li data-icon=\"\u2b24\">Soldadores<\/li>\n<li data-icon=\"\u2b24\">Ch\u00f3feres<\/li>\n<li data-icon=\"\u2b24\">Personal de apoyo log\u00edstico.<\/li>\n<\/ul>\n<p style=\"text-align: justify;\" data-paragraph-number=\"5\" data-mrf-recirculation=\"Links inline\">Sin embargo, al arribar a sus destinos en Europa y Asia,\u00a0la realidad es dr\u00e1sticamente opuesta: los pasaportes e identificaciones de los trabajadores son retenidos, e inmediatamente se les somete a entrenamientos militares coercitivos para trasladarlos directamente a las l\u00edneas del frente de combate.<\/p>\n<p style=\"text-align: justify;\" data-paragraph-number=\"6\" data-mrf-recirculation=\"Links inline\">El caso denunciado en la Rep\u00fablica Dominicana no es un hecho aislado, sino que se enmarca en una preocupante tendencia registrada en Am\u00e9rica Latina durante los \u00faltimos a\u00f1os, donde redes transnacionales se han aprovechado de situaciones de necesidad econ\u00f3mica o vac\u00edos legales para nutrir conflictos armados en Europa del Este y Medio Oriente.<\/p>\n<div style=\"text-align: justify;\" data-ad-wrapper=\"arcad\" data-ad-type=\"inline_2\" data-ad-slot=\"infobae\/republica-dominicana\/nota\/inline_2\" data-ad-container=\"dfp\" data-ad-slot-name=\"infobae\/republica-dominicana\/nota\/inline_2\">\n<div id=\"infobae\/republica-dominicana\/nota\/inline_2\" data-ad-slot-id=\"infobae\/republica-dominicana\/nota\/inline_2\" data-google-query-id=\"CO61kLva0pYDFYpFnQYd2ag88A\">\n<div id=\"google_ads_iframe_\/1058609\/infobae\/republica-dominicana\/nota\/inline_2_0__container__\"><\/div>\n<\/div>\n<\/div>\n<div style=\"text-align: justify;\"><picture><source srcset=\"https:\/\/www.infobae.com\/resizer\/v2\/H4OLYIUHX5GAHDJMZLDVAGA45E.png?auth=a2e75d245a2d0a3031a08bc40fb9471fa46c5a4469febe2fc0369eda558a7663&amp;smart=true&amp;width=992&amp;height=554&amp;quality=85\" media=\"(min-width: 1000px)\" \/><source srcset=\"https:\/\/www.infobae.com\/resizer\/v2\/H4OLYIUHX5GAHDJMZLDVAGA45E.png?auth=a2e75d245a2d0a3031a08bc40fb9471fa46c5a4469febe2fc0369eda558a7663&amp;smart=true&amp;width=768&amp;height=429&amp;quality=85\" media=\"(min-width: 768px)\" \/><source srcset=\"https:\/\/www.infobae.com\/resizer\/v2\/H4OLYIUHX5GAHDJMZLDVAGA45E.png?auth=a2e75d245a2d0a3031a08bc40fb9471fa46c5a4469febe2fc0369eda558a7663&amp;smart=true&amp;width=577&amp;height=322&amp;quality=85\" media=\"(min-width: 580px)\" \/><source srcset=\"https:\/\/www.infobae.com\/resizer\/v2\/H4OLYIUHX5GAHDJMZLDVAGA45E.png?auth=a2e75d245a2d0a3031a08bc40fb9471fa46c5a4469febe2fc0369eda558a7663&amp;smart=true&amp;width=420&amp;height=234&amp;quality=85\" media=\"(min-width: 350px)\" \/><source srcset=\"https:\/\/www.infobae.com\/resizer\/v2\/H4OLYIUHX5GAHDJMZLDVAGA45E.png?auth=a2e75d245a2d0a3031a08bc40fb9471fa46c5a4469febe2fc0369eda558a7663&amp;smart=true&amp;width=350&amp;height=195&amp;quality=85\" media=\"(min-width: 80px)\" \/><img loading=\"lazy\" loading=\"lazy\" decoding=\"async\" src=\"https:\/\/www.infobae.com\/resizer\/v2\/H4OLYIUHX5GAHDJMZLDVAGA45E.png?auth=a2e75d245a2d0a3031a08bc40fb9471fa46c5a4469febe2fc0369eda558a7663&amp;smart=true&amp;width=350&amp;height=195&amp;quality=85\" alt=\"Infograf\u00eda con un mapa global, fajos de d\u00f3lares, pasaportes, siluetas de militares con tanques e \u00edconos informativos sobre fondo claro.\" width=\"2752\" height=\"1536\" \/><\/picture>Una infograf\u00eda explica el esquema de enga\u00f1o laboral usado para reclutar latinoamericanos en la guerra en Rusia, seg\u00fan reportes de la Canciller\u00eda de Per\u00fa. (Imagen Ilustrativa Infobae)<\/div>\n<h2 id=\"el-testimonio-del-comite-dominicano-de-los-derechos-humanos\" style=\"text-align: justify;\">El testimonio del Comit\u00e9 Dominicano de los Derechos Humanos<\/h2>\n<p style=\"text-align: justify;\" data-paragraph-number=\"7\" data-mrf-recirculation=\"Links inline\">El activista Carlos Manuel S\u00e1nchez D\u00edaz,\u00a0coordinador general para la Regi\u00f3n Sur del CDDH, hizo p\u00fablica la situaci\u00f3n tras haber denunciado el caso ante diversos medios de comunicaci\u00f3n el pasado lunes 24 de agosto.<\/p>\n<p style=\"text-align: justify;\" data-paragraph-number=\"8\" data-mrf-recirculation=\"Links inline\">S\u00e1nchez subray\u00f3 que\u00a0la organizaci\u00f3n ha documentado minuciosamente el patr\u00f3n de captaci\u00f3n.\u00a0Explic\u00f3 que tan solo en el municipio de Bajos de Haina, provincia de San Crist\u00f3bal, se ha contabilizado a unas\u00a050 personas que abandonaron el pa\u00eds bajo este esquema enga\u00f1oso\u00a0y que hoy se encuentran atrapadas en medio del conflicto b\u00e9lico.<\/p>\n<p style=\"text-align: justify;\" data-paragraph-number=\"9\" data-mrf-recirculation=\"Links inline\">S\u00e1nchez aclar\u00f3 enf\u00e1ticamente que los afectados no guardan ninguna relaci\u00f3n ideol\u00f3gica o pol\u00edtica con grupos partidarios (desmintiendo v\u00ednculos con el hist\u00f3rico Partido Comunista Dominicano u otras agrupaciones), sino que son trabajadores civiles impulsados por la necesidad de sustento.<\/p>\n<p style=\"text-align: justify;\" data-paragraph-number=\"10\" data-mrf-recirculation=\"Links inline\">Asimismo, detall\u00f3 la ruta transcontinental utilizada por la red internacional de trata, la cual abarca escalas y conexiones intermedias en pa\u00edses como\u00a0Panam\u00e1, Colombia y Turqu\u00eda (Estambul)\u00a0antes de ingresar al destino final en Rusia.<\/p>\n<p style=\"text-align: justify;\" data-paragraph-number=\"11\" data-mrf-recirculation=\"Links inline\">S\u00e1nchez calific\u00f3 la situaci\u00f3n como una tragedia humana, advirtiendo que los dominicanos enviados carecen de experiencia previa en el \u00e1mbito castrense y est\u00e1n siendo utilizados pr\u00e1cticamente como\u00a0\u00abcarne de ca\u00f1\u00f3n\u00bb.<\/p>\n<div style=\"text-align: justify;\">\n<div id=\"TLbkF57J\" tabindex=\"0\" role=\"application\" aria-label=\"Video Player - Dominicanos Enga\u00f1ados: De la B\u00fasqueda de Empleo a la Guerra en Rusia\" aria-describedby=\"jw-TLbkF57J-shortcuts-tooltip-explanation\" data-compass-listening=\"true\">\n<blockquote class=\"instagram-media\" style=\"background: #FFF; border: 0; border-radius: 3px; box-shadow: 0 0 1px 0 rgba(0,0,0,0.5),0 1px 10px 0 rgba(0,0,0,0.15); margin: 1px; max-width: 540px; min-width: 326px; padding: 0; width: calc(100% - 2px);\" data-instgrm-captioned=\"\" data-instgrm-permalink=\"https:\/\/www.instagram.com\/reel\/DcmMCGBhIg2\/?utm_source=ig_embed&amp;utm_campaign=loading\" data-instgrm-version=\"14\">\n<div style=\"padding: 16px;\">\n<p>&nbsp;<\/p>\n<div style=\"display: flex; flex-direction: row; align-items: center;\">\n<div style=\"background-color: #f4f4f4; border-radius: 50%; flex-grow: 0; height: 40px; margin-right: 14px; width: 40px;\"><\/div>\n<div style=\"display: flex; flex-direction: column; flex-grow: 1; justify-content: center;\">\n<div style=\"background-color: #f4f4f4; border-radius: 4px; flex-grow: 0; height: 14px; margin-bottom: 6px; width: 100px;\"><\/div>\n<div style=\"background-color: #f4f4f4; border-radius: 4px; flex-grow: 0; height: 14px; width: 60px;\"><\/div>\n<\/div>\n<\/div>\n<div style=\"padding: 19% 0;\"><\/div>\n<div style=\"display: block; height: 50px; margin: 0 auto 12px; width: 50px;\"><\/div>\n<div style=\"padding-top: 8px;\">\n<div style=\"color: #3897f0; font-family: Arial,sans-serif; font-size: 14px; font-style: normal; font-weight: 550; line-height: 18px;\">Ver esta publicaci\u00f3n en Instagram<\/div>\n<\/div>\n<div style=\"padding: 12.5% 0;\"><\/div>\n<div style=\"display: flex; flex-direction: row; margin-bottom: 14px; align-items: center;\">\n<div>\n<div style=\"background-color: #f4f4f4; border-radius: 50%; height: 12.5px; width: 12.5px; transform: translateX(0px) translateY(7px);\"><\/div>\n<div style=\"background-color: #f4f4f4; height: 12.5px; transform: rotate(-45deg) translateX(3px) translateY(1px); width: 12.5px; flex-grow: 0; margin-right: 14px; margin-left: 2px;\"><\/div>\n<div style=\"background-color: #f4f4f4; border-radius: 50%; height: 12.5px; width: 12.5px; transform: translateX(9px) translateY(-18px);\"><\/div>\n<\/div>\n<div style=\"margin-left: 8px;\">\n<div style=\"background-color: #f4f4f4; border-radius: 50%; flex-grow: 0; height: 20px; width: 20px;\"><\/div>\n<div style=\"width: 0; height: 0; border-top: 2px solid transparent; border-left: 6px solid #f4f4f4; border-bottom: 2px solid transparent; transform: translateX(16px) translateY(-4px) rotate(30deg);\"><\/div>\n<\/div>\n<div style=\"margin-left: auto;\">\n<div style=\"width: 0px; border-top: 8px solid #F4F4F4; border-right: 8px solid transparent; transform: translateY(16px);\"><\/div>\n<div style=\"background-color: #f4f4f4; flex-grow: 0; height: 12px; width: 16px; transform: translateY(-4px);\"><\/div>\n<div style=\"width: 0; height: 0; border-top: 8px solid #F4F4F4; border-left: 8px solid transparent; transform: translateY(-4px) translateX(8px);\"><\/div>\n<\/div>\n<\/div>\n<div style=\"display: flex; flex-direction: column; flex-grow: 1; justify-content: center; margin-bottom: 24px;\">\n<div style=\"background-color: #f4f4f4; border-radius: 4px; flex-grow: 0; height: 14px; margin-bottom: 6px; width: 224px;\"><\/div>\n<div style=\"background-color: #f4f4f4; border-radius: 4px; flex-grow: 0; height: 14px; width: 144px;\"><\/div>\n<\/div>\n<p>&nbsp;<\/p>\n<p style=\"color: #c9c8cd; font-family: Arial,sans-serif; font-size: 14px; line-height: 17px; margin-bottom: 0; margin-top: 8px; overflow: hidden; padding: 8px 0 7px; text-align: center; text-overflow: ellipsis; white-space: nowrap;\"><a style=\"color: #c9c8cd; font-family: Arial,sans-serif; font-size: 14px; font-style: normal; font-weight: normal; line-height: 17px; text-decoration: none;\" href=\"https:\/\/www.instagram.com\/reel\/DcmMCGBhIg2\/?utm_source=ig_embed&amp;utm_campaign=loading\" target=\"_blank\" rel=\"noopener\">Una publicaci\u00f3n compartida por Revista 110 (@revista110.online)<\/a><\/p>\n<\/div>\n<\/blockquote>\n<\/div>\n<\/div>\n<h2 id=\"llamado-a-la-accion-gubernamental-y-diplomatica\" style=\"text-align: justify;\">Llamado a la acci\u00f3n gubernamental y diplom\u00e1tica<\/h2>\n<p style=\"text-align: justify;\" data-paragraph-number=\"12\" data-mrf-recirculation=\"Links inline\">Ante el clima de incertidumbre, angustia y temor a represalias que sufren las familias en el pa\u00eds caribe\u00f1o, el CDDH hizo un llamado urgente a la Procuradur\u00eda General de la Rep\u00fablica, a la Canciller\u00eda (Ministerio de Relaciones Exteriores) y al Ministerio de las Fuerzas Armadas.<\/p>\n<p style=\"text-align: justify;\" data-paragraph-number=\"13\" data-mrf-recirculation=\"Links inline\">La exigencia central consiste en activar mecanismos de cooperaci\u00f3n diplom\u00e1tica e inteligencia para ubicar a las v\u00edctimas, coordinar\u00a0su repatriaci\u00f3n segura y judicializar a los intermediarios y estructuras operativas\u00a0locales e internacionales responsables de estas convocatorias fraudulentas.<\/p>\n<div style=\"text-align: justify;\">\n<div>\n<div id=\"QGTNRL7PNNDTNK7RL55DZZUMVU-custom_embed19\" tabindex=\"0\" role=\"application\" aria-label=\"Video Player - Exigen al Presidente actuar por dominicanos en frente de guerra\" aria-describedby=\"jw-QGTNRL7PNNDTNK7RL55DZZUMVU-custom_embed19-shortcuts-tooltip-explanation\" data-compass-listening=\"true\">\n<div>\n<div dir=\"auto\">Un representante de los Derechos Humanos exige en\u00e9rgicamente al presidente de la Rep\u00fablica una explicaci\u00f3n y acciones inmediatas para repatriar a 150 dominicanos que, seg\u00fan denuncia, fueron llevados enga\u00f1ados a un frente de guerra.<\/div>\n<\/div>\n<\/div>\n<\/div>\n<\/div>\n<p style=\"text-align: justify;\" data-paragraph-number=\"14\" data-mrf-recirculation=\"Links inline\">Organizaciones internacionales de derechos humanos reiteran la necesidad de fortalecer los controles migratorios y la cooperaci\u00f3n policial transfronteriza para frenar este tipo de redes de trata de personas que ponen en riesgo inminente la vida de cientos de latinoamericanos.<\/p>\n<p style=\"text-align: justify;\" data-paragraph-number=\"14\" data-mrf-recirculation=\"Links inline\">Infobae<\/p>\n","protected":false},"excerpt":{"rendered":"<p>Familiares de afectados y representantes de organizaciones de derechos humanos han presentado una denuncia formal ante la\u00a0Procuradur\u00eda General de la Rep\u00fablica de la Rep\u00fablica Dominicana,\u00a0alertando que m\u00e1s de 150 ciudadanos dominicanos han sido captados mediante falsas ofertas de empleo e integrados contra su voluntad en\u00a0zonas de conflicto b\u00e9lico en el extranjero,\u00a0principalmente en Rusia y la [&hellip;]<\/p>\n","protected":false},"author":1,"featured_media":66430,"comment_status":"open","ping_status":"open","sticky":false,"template":"","format":"standard","meta":{"_bbp_topic_count":0,"_bbp_reply_count":0,"_bbp_total_topic_count":0,"_bbp_total_reply_count":0,"_bbp_voice_count":0,"_bbp_anonymous_reply_count":0,"_bbp_topic_count_hidden":0,"_bbp_reply_count_hidden":0,"_bbp_forum_subforum_count":0,"content-type":"","iawp_total_views":0,"footnotes":""},"categories":[108,105],"tags":[518,1041,625],"class_list":["post-66427","post","type-post","status-publish","format-standard","has-post-thumbnail","category-mas-vistas","category-nacionales","tag-derechos-humanos","tag-dominicanos","tag-rusia"],"_links":{"self":[{"href":"https:\/\/influencias.do\/index.php\/wp-json\/wp\/v2\/posts\/66427","targetHints":{"allow":["GET"]}}],"collection":[{"href":"https:\/\/influencias.do\/index.php\/wp-json\/wp\/v2\/posts"}],"about":[{"href":"https:\/\/influencias.do\/index.php\/wp-json\/wp\/v2\/types\/post"}],"author":[{"embeddable":true,"href":"https:\/\/influencias.do\/index.php\/wp-json\/wp\/v2\/users\/1"}],"replies":[{"embeddable":true,"href":"https:\/\/influencias.do\/index.php\/wp-json\/wp\/v2\/comments?post=66427"}],"version-history":[{"count":2,"href":"https:\/\/influencias.do\/index.php\/wp-json\/wp\/v2\/posts\/66427\/revisions"}],"predecessor-version":[{"id":66431,"href":"https:\/\/influencias.do\/index.php\/wp-json\/wp\/v2\/posts\/66427\/revisions\/66431"}],"wp:featuredmedia":[{"embeddable":true,"href":"https:\/\/influencias.do\/index.php\/wp-json\/wp\/v2\/media\/66430"}],"wp:attachment":[{"href":"https:\/\/influencias.do\/index.php\/wp-json\/wp\/v2\/media?parent=66427"}],"wp:term":[{"taxonomy":"category","embeddable":true,"href":"https:\/\/influencias.do\/index.php\/wp-json\/wp\/v2\/categories?post=66427"},{"taxonomy":"post_tag","embeddable":true,"href":"https:\/\/influencias.do\/index.php\/wp-json\/wp\/v2\/tags?post=66427"}],"curies":[{"name":"wp","href":"https:\/\/api.w.org\/{rel}","templated":true}]}}