{"id":66421,"date":"2026-09-03T14:18:10","date_gmt":"2026-09-03T14:18:10","guid":{"rendered":"https:\/\/influencias.do\/?p=66421"},"modified":"2026-09-03T14:18:10","modified_gmt":"2026-09-03T14:18:10","slug":"que-es-el-terrorismo-medioambiental-y-que-contempla-el-nuevo-decreto-del-gobierno","status":"publish","type":"post","link":"https:\/\/influencias.do\/index.php\/2026\/09\/03\/que-es-el-terrorismo-medioambiental-y-que-contempla-el-nuevo-decreto-del-gobierno\/","title":{"rendered":"\u00bfQu\u00e9 es el \u201cterrorismo medioambiental\u201d y qu\u00e9 contempla el nuevo decreto del Gobierno?"},"content":{"rendered":"<p><strong>SANTO DOMINGO.<\/strong> El presidente Luis Abinader firm\u00f3 el Decreto 615-26, mediante el cual el Gobierno dominicano declara de alto inter\u00e9s nacional y prioridad estrat\u00e9gica para la seguridad del Estado la prevenci\u00f3n, detecci\u00f3n, investigaci\u00f3n y combate del denominado <strong>\u201cterrorismo medioambiental\u201d<\/strong>.<\/p>\n<p>La medida establece una estrategia interinstitucional para enfrentar acciones graves y deliberadas contra los recursos naturales, ecosistemas e infraestructuras ecol\u00f3gicas consideradas estrat\u00e9gicas para el pa\u00eds.<\/p>\n<p>Durante la presentaci\u00f3n del decreto en el Palacio Nacional, Abinader advirti\u00f3 que quienes atenten contra los parques nacionales y otros espacios protegidos ser\u00e1n perseguidos con mayor contundencia y record\u00f3 que el C\u00f3digo Penal contempla sanciones que pueden alcanzar entre 20 y 30 a\u00f1os de prisi\u00f3n para determinadas conductas, como los incendios provocados en \u00e1reas protegidas.<\/p>\n<p>\u201cDespu\u00e9s de analizar, de pensar, para darle la verdadera importancia, hemos decidido actuar de manera dr\u00e1stica, catalogando como terrorismo ambiental todo aquel que afecte un parque nacional\u201d, afirm\u00f3 el mandatario.<\/p>\n<h2>\u00bfQu\u00e9 busca combatir el decreto?<\/h2>\n<p>La disposici\u00f3n pone especial atenci\u00f3n en la protecci\u00f3n de parques nacionales y \u00e1reas protegidas, cuencas hidrogr\u00e1ficas, acu\u00edferos, bosques, manglares, humedales, arrecifes coralinos, nacimientos de r\u00edos, presas, embalses, acueductos, plantas de tratamiento de agua e infraestructuras relacionadas con el suministro energ\u00e9tico.<\/p>\n<p>Entre las principales amenazas que ser\u00e1n enfrentadas se encuentran los incendios forestales provocados, el deterioro de cuencas y bosques y acciones que pongan en riesgo infraestructuras estrat\u00e9gicas de agua potable, saneamiento y energ\u00eda.<\/p>\n<h2>Participar\u00e1n organismos de seguridad e inteligencia<\/h2>\n<p>El decreto ordena al Ministerio de Defensa, Ministerio de Medio Ambiente y Recursos Naturales, Ministerio de Interior y Polic\u00eda, Ministerio de Justicia, Direcci\u00f3n Nacional de Inteligencia (DNI), Direcci\u00f3n General de Migraci\u00f3n, Direcci\u00f3n Nacional Antiterrorista y la Direcci\u00f3n de Inteligencia del Estado Mayor Conjunto trabajar en la creaci\u00f3n de una Pol\u00edtica Nacional de Prevenci\u00f3n contra el \u201cterrorismo medioambiental\u201d, en coordinaci\u00f3n con el Ministerio P\u00fablico cuando corresponda.<\/p>\n<p>La intenci\u00f3n es fortalecer la capacidad del Estado para detectar, investigar y responder ante acciones que representen una amenaza grave contra los recursos naturales y ecosistemas estrat\u00e9gicos.<\/p>\n<h2>Tambi\u00e9n perseguir\u00e1n a quienes est\u00e9n detr\u00e1s de los da\u00f1os<\/h2>\n<p>Abinader afirm\u00f3 que las acciones no estar\u00e1n dirigidas \u00fanicamente contra quienes ejecuten materialmente los delitos.<\/p>\n<p>El mandatario sostuvo que las autoridades deber\u00e1n perseguir tambi\u00e9n a quienes ordenen, financien o promuevan este tipo de actividades, tanto si se trata de dominicanos como de extranjeros.<\/p>\n<p>La advertencia cobra especial relevancia frente a pr\u00e1cticas como la provocaci\u00f3n intencional de incendios y otras actividades ilegales que afectan zonas protegidas y fuentes de agua.<\/p>\n<h2>Ciudadanos podr\u00e1n denunciar de manera confidencial<\/h2>\n<p>El Decreto 615-26 tambi\u00e9n contempla la participaci\u00f3n ciudadana. Las instituciones competentes deber\u00e1n habilitar plataformas tecnol\u00f3gicas y mecanismos para recibir denuncias confidenciales sobre amenazas contra los recursos naturales considerados estrat\u00e9gicos.<\/p>\n<p>La normativa establece adem\u00e1s medidas para proteger a los denunciantes y colaboradores que act\u00faen de buena fe.<\/p>\n<h2>El decreto no crea un nuevo delito<\/h2>\n<p>Un punto importante de la disposici\u00f3n es que el Decreto 615-26 <strong>no crea por s\u00ed mismo un nuevo tipo penal denominado \u201cterrorismo medioambiental\u201d<\/strong>.<\/p>\n<p>El concepto ser\u00e1 utilizado para fines administrativos, preventivos y de coordinaci\u00f3n institucional, mientras que las actuaciones penales deber\u00e1n sustentarse en los delitos y sanciones establecidos previamente en la legislaci\u00f3n dominicana.<\/p>\n<p>De esta manera, la nueva disposici\u00f3n busca articular a los organismos ambientales, militares, policiales, de inteligencia y de persecuci\u00f3n penal para responder de forma coordinada ante da\u00f1os graves contra los recursos naturales.<\/p>\n<p>La decisi\u00f3n del Poder Ejecutivo convierte as\u00ed la protecci\u00f3n de los principales ecosistemas y fuentes de agua del pa\u00eds en un asunto vinculado directamente con la seguridad nacional.<\/p>\n","protected":false},"excerpt":{"rendered":"<p>SANTO DOMINGO. El presidente Luis Abinader firm\u00f3 el Decreto 615-26, mediante el cual el Gobierno dominicano declara de alto inter\u00e9s nacional y prioridad estrat\u00e9gica para la seguridad del Estado la prevenci\u00f3n, detecci\u00f3n, investigaci\u00f3n y combate del denominado \u201cterrorismo medioambiental\u201d. La medida establece una estrategia interinstitucional para enfrentar acciones graves y deliberadas contra los recursos naturales, [&hellip;]<\/p>\n","protected":false},"author":1,"featured_media":66422,"comment_status":"open","ping_status":"open","sticky":false,"template":"","format":"standard","meta":{"_bbp_topic_count":0,"_bbp_reply_count":0,"_bbp_total_topic_count":0,"_bbp_total_reply_count":0,"_bbp_voice_count":0,"_bbp_anonymous_reply_count":0,"_bbp_topic_count_hidden":0,"_bbp_reply_count_hidden":0,"_bbp_forum_subforum_count":0,"content-type":"","iawp_total_views":0,"footnotes":""},"categories":[108,1],"tags":[1576,145,2574,5215],"class_list":["post-66421","post","type-post","status-publish","format-standard","has-post-thumbnail","category-mas-vistas","category-portada","tag-carcel","tag-decreto","tag-nuevas-medidas","tag-terrorismo-medioambiente"],"_links":{"self":[{"href":"https:\/\/influencias.do\/index.php\/wp-json\/wp\/v2\/posts\/66421","targetHints":{"allow":["GET"]}}],"collection":[{"href":"https:\/\/influencias.do\/index.php\/wp-json\/wp\/v2\/posts"}],"about":[{"href":"https:\/\/influencias.do\/index.php\/wp-json\/wp\/v2\/types\/post"}],"author":[{"embeddable":true,"href":"https:\/\/influencias.do\/index.php\/wp-json\/wp\/v2\/users\/1"}],"replies":[{"embeddable":true,"href":"https:\/\/influencias.do\/index.php\/wp-json\/wp\/v2\/comments?post=66421"}],"version-history":[{"count":1,"href":"https:\/\/influencias.do\/index.php\/wp-json\/wp\/v2\/posts\/66421\/revisions"}],"predecessor-version":[{"id":66423,"href":"https:\/\/influencias.do\/index.php\/wp-json\/wp\/v2\/posts\/66421\/revisions\/66423"}],"wp:featuredmedia":[{"embeddable":true,"href":"https:\/\/influencias.do\/index.php\/wp-json\/wp\/v2\/media\/66422"}],"wp:attachment":[{"href":"https:\/\/influencias.do\/index.php\/wp-json\/wp\/v2\/media?parent=66421"}],"wp:term":[{"taxonomy":"category","embeddable":true,"href":"https:\/\/influencias.do\/index.php\/wp-json\/wp\/v2\/categories?post=66421"},{"taxonomy":"post_tag","embeddable":true,"href":"https:\/\/influencias.do\/index.php\/wp-json\/wp\/v2\/tags?post=66421"}],"curies":[{"name":"wp","href":"https:\/\/api.w.org\/{rel}","templated":true}]}}