{"id":66398,"date":"2026-09-02T20:01:35","date_gmt":"2026-09-02T20:01:35","guid":{"rendered":"https:\/\/influencias.do\/?p=66398"},"modified":"2026-09-02T20:01:35","modified_gmt":"2026-09-02T20:01:35","slug":"karen-yapoort-habla-de-su-separacion-y-pide-proteger-la-salud-emocional-de-sus-hijos","status":"publish","type":"post","link":"https:\/\/influencias.do\/index.php\/2026\/09\/02\/karen-yapoort-habla-de-su-separacion-y-pide-proteger-la-salud-emocional-de-sus-hijos\/","title":{"rendered":"Karen Yapoort habla de su separaci\u00f3n y pide proteger la salud emocional de sus hijos"},"content":{"rendered":"<p><strong>SANTO DOMINGO.<\/strong> La comunicadora Karen Yapoort se pronunci\u00f3 este mi\u00e9rcoles sobre la situaci\u00f3n que atraviesa su matrimonio con el expelotero de Grandes Ligas Edwin Encarnaci\u00f3n, acompa\u00f1ada de sus abogados y con un mensaje centrado en la protecci\u00f3n de sus hijos.<\/p>\n<p>\u201cGracias a los medios de comunicaci\u00f3n por cuidar la salud emocional de mi familia y de mis beb\u00e9s\u201d, expres\u00f3 Yapoort al referirse a la cobertura que ha recibido el caso.<\/p>\n<p>La comunicadora manifest\u00f3 adem\u00e1s que el proceso ser\u00e1 llevado por la v\u00eda correspondiente y que los detalles deber\u00e1n ser determinados en los tribunales.<\/p>\n<p>\u201cUn proceso que inici\u00f3 hace m\u00e1s de unas semanas, es un proceso que se va a determinar en los tribunales y por los mejores t\u00e9rminos posibles\u201d, expres\u00f3.<\/p>\n<div style=\"width: 480px;\" class=\"wp-video\"><video class=\"wp-video-shortcode\" id=\"video-66398-1\" width=\"480\" height=\"854\" preload=\"metadata\" controls=\"controls\"><source type=\"video\/mp4\" src=\"https:\/\/influencias.do\/wp-content\/uploads\/2026\/09\/Gracias-a-los-medios-de-comunicacion-por-cuidar-la-salud-emocional-de-mi-familia-y-de-mi-bebes-.-1.mp4?_=1\" \/><a href=\"https:\/\/influencias.do\/wp-content\/uploads\/2026\/09\/Gracias-a-los-medios-de-comunicacion-por-cuidar-la-salud-emocional-de-mi-familia-y-de-mi-bebes-.-1.mp4\">https:\/\/influencias.do\/wp-content\/uploads\/2026\/09\/Gracias-a-los-medios-de-comunicacion-por-cuidar-la-salud-emocional-de-mi-familia-y-de-mi-bebes-.-1.mp4<\/a><\/video><\/div>\n<p>Sin embargo, fue su abogado, Alberto Fiallo, quien ofreci\u00f3 mayores detalles sobre el momento en que comenz\u00f3 el proceso de separaci\u00f3n.<\/p>\n<p>Fiallo explic\u00f3 que <strong>fue Karen Yapoort quien solicit\u00f3 hace m\u00e1s de una semana iniciar un proceso de divorcio por mutuo consentimiento<\/strong>, contradiciendo as\u00ed las versiones que han circulado en las \u00faltimas horas sobre el origen de la separaci\u00f3n.<\/p>\n<p>El representante legal sostuvo que el proceso debe desarrollarse de manera tranquila y transparente, especialmente porque hay hijos de por medio, y consider\u00f3 que el caso deber\u00eda resultar m\u00e1s sencillo debido a que la pareja est\u00e1 casada bajo el r\u00e9gimen de separaci\u00f3n de bienes.<\/p>\n<p>La aparici\u00f3n p\u00fablica de Yapoort junto a sus abogados ocurre luego de que Edwin Encarnaci\u00f3n anunciara que hab\u00eda decidido iniciar un proceso de divorcio, declaraci\u00f3n que desat\u00f3 una amplia reacci\u00f3n en redes sociales y en los medios de comunicaci\u00f3n.<\/p>\n<p>Con su pronunciamiento, Yapoort evit\u00f3 entrar en detalles sobre las razones de la separaci\u00f3n y dej\u00f3 el proceso en manos de sus representantes legales, mientras pidi\u00f3 prudencia ante la exposici\u00f3n p\u00fablica de un asunto que involucra directamente a su familia y a sus hijos.<\/p>\n","protected":false},"excerpt":{"rendered":"<p>SANTO DOMINGO. La comunicadora Karen Yapoort se pronunci\u00f3 este mi\u00e9rcoles sobre la situaci\u00f3n que atraviesa su matrimonio con el expelotero de Grandes Ligas Edwin Encarnaci\u00f3n, acompa\u00f1ada de sus abogados y con un mensaje centrado en la protecci\u00f3n de sus hijos. \u201cGracias a los medios de comunicaci\u00f3n por cuidar la salud emocional de mi familia y [&hellip;]<\/p>\n","protected":false},"author":1,"featured_media":66400,"comment_status":"open","ping_status":"open","sticky":false,"template":"","format":"standard","meta":{"_bbp_topic_count":0,"_bbp_reply_count":0,"_bbp_total_topic_count":0,"_bbp_total_reply_count":0,"_bbp_voice_count":0,"_bbp_anonymous_reply_count":0,"_bbp_topic_count_hidden":0,"_bbp_reply_count_hidden":0,"_bbp_forum_subforum_count":0,"content-type":"","iawp_total_views":0,"footnotes":""},"categories":[125,108],"tags":[],"class_list":["post-66398","post","type-post","status-publish","format-standard","has-post-thumbnail","category-arte-y-espectaculos","category-mas-vistas"],"_links":{"self":[{"href":"https:\/\/influencias.do\/index.php\/wp-json\/wp\/v2\/posts\/66398","targetHints":{"allow":["GET"]}}],"collection":[{"href":"https:\/\/influencias.do\/index.php\/wp-json\/wp\/v2\/posts"}],"about":[{"href":"https:\/\/influencias.do\/index.php\/wp-json\/wp\/v2\/types\/post"}],"author":[{"embeddable":true,"href":"https:\/\/influencias.do\/index.php\/wp-json\/wp\/v2\/users\/1"}],"replies":[{"embeddable":true,"href":"https:\/\/influencias.do\/index.php\/wp-json\/wp\/v2\/comments?post=66398"}],"version-history":[{"count":1,"href":"https:\/\/influencias.do\/index.php\/wp-json\/wp\/v2\/posts\/66398\/revisions"}],"predecessor-version":[{"id":66401,"href":"https:\/\/influencias.do\/index.php\/wp-json\/wp\/v2\/posts\/66398\/revisions\/66401"}],"wp:featuredmedia":[{"embeddable":true,"href":"https:\/\/influencias.do\/index.php\/wp-json\/wp\/v2\/media\/66400"}],"wp:attachment":[{"href":"https:\/\/influencias.do\/index.php\/wp-json\/wp\/v2\/media?parent=66398"}],"wp:term":[{"taxonomy":"category","embeddable":true,"href":"https:\/\/influencias.do\/index.php\/wp-json\/wp\/v2\/categories?post=66398"},{"taxonomy":"post_tag","embeddable":true,"href":"https:\/\/influencias.do\/index.php\/wp-json\/wp\/v2\/tags?post=66398"}],"curies":[{"name":"wp","href":"https:\/\/api.w.org\/{rel}","templated":true}]}}