{"id":66396,"date":"2026-09-02T18:53:07","date_gmt":"2026-09-02T18:53:07","guid":{"rendered":"https:\/\/influencias.do\/?p=66396"},"modified":"2026-09-02T18:53:07","modified_gmt":"2026-09-02T18:53:07","slug":"policia-nacional-apresa-joven-senalada-por-muerte-de-otra-mujer-durante-conflicto-bajo-investigacion-en-san-jose-de-ocoa","status":"publish","type":"post","link":"https:\/\/influencias.do\/index.php\/2026\/09\/02\/policia-nacional-apresa-joven-senalada-por-muerte-de-otra-mujer-durante-conflicto-bajo-investigacion-en-san-jose-de-ocoa\/","title":{"rendered":"Polic\u00eda Nacional apresa joven se\u00f1alada por muerte de otra mujer durante conflicto bajo investigaci\u00f3n en San Jos\u00e9 de Ocoa"},"content":{"rendered":"<p>Agentes de la Polic\u00eda Nacional apresaron a una joven se\u00f1alada como la presunta responsable de ocasionarle la muerte por heridas de arma blanca a otra mujer, durante un hecho ocurrido en el sector Los Maestros, de la provincia San Jos\u00e9 de Ocoa.<\/p>\n<p>La detenida es Adriana Cuello Minyety, de 20 a\u00f1os, quien es se\u00f1alada como la presunta autora de las heridas que provocaron la muerte de Leidy Arianny Soto C\u00e1ceres, de 34 a\u00f1os.<\/p>\n<p>De acuerdo con las informaciones preliminares ofrecidas por el vocero de la Polic\u00eda Nacional, coronel Diego Pesqueira, el hecho se habr\u00eda originado a ra\u00edz de presuntos problemas personales que manten\u00edan ambas mujeres.<\/p>\n<p>La joven Cuello Minguetti fue apresada y se encuentra bajo control de las autoridades, mientras avanzan las investigaciones destinadas a establecer las circunstancias exactas en que ocurri\u00f3 el incidente y determinar las responsabilidades correspondientes.<\/p>\n<p>La Polic\u00eda Nacional indic\u00f3 que el caso contin\u00faa siendo investigado, en coordinaci\u00f3n con el Ministerio P\u00fablico, conforme al debido proceso establecido<\/p>\n","protected":false},"excerpt":{"rendered":"<p>Agentes de la Polic\u00eda Nacional apresaron a una joven se\u00f1alada como la presunta responsable de ocasionarle la muerte por heridas de arma blanca a otra mujer, durante un hecho ocurrido en el sector Los Maestros, de la provincia San Jos\u00e9 de Ocoa. La detenida es Adriana Cuello Minyety, de 20 a\u00f1os, quien es se\u00f1alada como [&hellip;]<\/p>\n","protected":false},"author":1,"featured_media":64000,"comment_status":"open","ping_status":"open","sticky":false,"template":"","format":"standard","meta":{"_bbp_topic_count":0,"_bbp_reply_count":0,"_bbp_total_topic_count":0,"_bbp_total_reply_count":0,"_bbp_voice_count":0,"_bbp_anonymous_reply_count":0,"_bbp_topic_count_hidden":0,"_bbp_reply_count_hidden":0,"_bbp_forum_subforum_count":0,"content-type":"","iawp_total_views":0,"footnotes":""},"categories":[1],"tags":[],"class_list":["post-66396","post","type-post","status-publish","format-standard","has-post-thumbnail","category-portada"],"_links":{"self":[{"href":"https:\/\/influencias.do\/index.php\/wp-json\/wp\/v2\/posts\/66396","targetHints":{"allow":["GET"]}}],"collection":[{"href":"https:\/\/influencias.do\/index.php\/wp-json\/wp\/v2\/posts"}],"about":[{"href":"https:\/\/influencias.do\/index.php\/wp-json\/wp\/v2\/types\/post"}],"author":[{"embeddable":true,"href":"https:\/\/influencias.do\/index.php\/wp-json\/wp\/v2\/users\/1"}],"replies":[{"embeddable":true,"href":"https:\/\/influencias.do\/index.php\/wp-json\/wp\/v2\/comments?post=66396"}],"version-history":[{"count":1,"href":"https:\/\/influencias.do\/index.php\/wp-json\/wp\/v2\/posts\/66396\/revisions"}],"predecessor-version":[{"id":66397,"href":"https:\/\/influencias.do\/index.php\/wp-json\/wp\/v2\/posts\/66396\/revisions\/66397"}],"wp:featuredmedia":[{"embeddable":true,"href":"https:\/\/influencias.do\/index.php\/wp-json\/wp\/v2\/media\/64000"}],"wp:attachment":[{"href":"https:\/\/influencias.do\/index.php\/wp-json\/wp\/v2\/media?parent=66396"}],"wp:term":[{"taxonomy":"category","embeddable":true,"href":"https:\/\/influencias.do\/index.php\/wp-json\/wp\/v2\/categories?post=66396"},{"taxonomy":"post_tag","embeddable":true,"href":"https:\/\/influencias.do\/index.php\/wp-json\/wp\/v2\/tags?post=66396"}],"curies":[{"name":"wp","href":"https:\/\/api.w.org\/{rel}","templated":true}]}}