{"id":66380,"date":"2026-09-02T14:07:14","date_gmt":"2026-09-02T14:07:14","guid":{"rendered":"https:\/\/influencias.do\/?p=66380"},"modified":"2026-09-02T14:07:14","modified_gmt":"2026-09-02T14:07:14","slug":"indomet-alerta-el-sol-de-esta-manana-dara-paso-a-aguaceros-y-tronadas-en-varias-provincias","status":"publish","type":"post","link":"https:\/\/influencias.do\/index.php\/2026\/09\/02\/indomet-alerta-el-sol-de-esta-manana-dara-paso-a-aguaceros-y-tronadas-en-varias-provincias\/","title":{"rendered":"Indomet alerta: el sol de esta ma\u00f1ana dar\u00e1 paso a aguaceros y tronadas en varias provincias"},"content":{"rendered":"<p><strong>SANTO DOMINGO, RD.<\/strong> El Instituto Dominicano de Meteorolog\u00eda (Indomet) inform\u00f3 que este mi\u00e9rcoles el pa\u00eds tendr\u00e1 una ma\u00f1ana mayormente soleada, pero las condiciones del tiempo cambiar\u00e1n a partir del mediod\u00eda, cuando se prev\u00e9 un incremento de la nubosidad y la ocurrencia de aguaceros, tronadas y r\u00e1fagas de viento en distintas zonas de Rep\u00fablica Dominicana.<\/p>\n<p>De acuerdo con el pron\u00f3stico, el aumento de la humedad, combinado con los efectos del calentamiento diurno y la orograf\u00eda local, favorecer\u00e1 el desarrollo de nublados durante la tarde.<\/p>\n<p>Las precipitaciones podr\u00edan registrarse en localidades de <strong>San Pedro de Macor\u00eds, Santo Domingo, Hato Mayor, Saman\u00e1, Duarte, San Jos\u00e9 de Ocoa, La Vega y Santiago<\/strong>.<\/p>\n<p>Tambi\u00e9n se esperan aguaceros en sectores de <strong>San Juan, Santiago Rodr\u00edguez, El\u00edas Pi\u00f1a, Dajab\u00f3n y Monte Cristi<\/strong>, principalmente durante la tarde y primeras horas de la noche.<\/p>\n<h3>\u00bfY Santo Domingo?<\/h3>\n<p>Para el Distrito Nacional y el Gran Santo Domingo se espera un ambiente mayormente soleado, con ligeros incrementos nubosos y posibilidad de <strong>chubascos aislados durante la noche<\/strong>.<\/p>\n<p>Mientras tanto, en otras zonas del pa\u00eds las lluvias podr\u00edan ser m\u00e1s frecuentes y acompa\u00f1arse de actividad el\u00e9ctrica y r\u00e1fagas de viento.<\/p>\n<h3>El calor tampoco dar\u00e1 tregua<\/h3>\n<p>Adem\u00e1s de las lluvias, las temperaturas continuar\u00e1n elevadas en buena parte del territorio nacional.<\/p>\n<p>En algunas provincias las m\u00e1ximas podr\u00edan alcanzar entre <strong>34 \u00b0C y 36 \u00b0C<\/strong>, mientras que Monte Cristi podr\u00eda registrar valores de hasta <strong>38 \u00b0C<\/strong>.<\/p>\n<p>Indomet recomienda a la poblaci\u00f3n mantenerse atenta a las actualizaciones meteorol\u00f3gicas y tomar precauciones ante posibles lluvias de mayor intensidad, especialmente en zonas vulnerables.<\/p>\n","protected":false},"excerpt":{"rendered":"<p>SANTO DOMINGO, RD. El Instituto Dominicano de Meteorolog\u00eda (Indomet) inform\u00f3 que este mi\u00e9rcoles el pa\u00eds tendr\u00e1 una ma\u00f1ana mayormente soleada, pero las condiciones del tiempo cambiar\u00e1n a partir del mediod\u00eda, cuando se prev\u00e9 un incremento de la nubosidad y la ocurrencia de aguaceros, tronadas y r\u00e1fagas de viento en distintas zonas de Rep\u00fablica Dominicana. De [&hellip;]<\/p>\n","protected":false},"author":1,"featured_media":56655,"comment_status":"open","ping_status":"open","sticky":false,"template":"","format":"standard","meta":{"_bbp_topic_count":0,"_bbp_reply_count":0,"_bbp_total_topic_count":0,"_bbp_total_reply_count":0,"_bbp_voice_count":0,"_bbp_anonymous_reply_count":0,"_bbp_topic_count_hidden":0,"_bbp_reply_count_hidden":0,"_bbp_forum_subforum_count":0,"content-type":"","iawp_total_views":0,"footnotes":""},"categories":[108,1],"tags":[2384,3410,667],"class_list":["post-66380","post","type-post","status-publish","format-standard","has-post-thumbnail","category-mas-vistas","category-portada","tag-aguaceros","tag-indomet","tag-lluvias"],"_links":{"self":[{"href":"https:\/\/influencias.do\/index.php\/wp-json\/wp\/v2\/posts\/66380","targetHints":{"allow":["GET"]}}],"collection":[{"href":"https:\/\/influencias.do\/index.php\/wp-json\/wp\/v2\/posts"}],"about":[{"href":"https:\/\/influencias.do\/index.php\/wp-json\/wp\/v2\/types\/post"}],"author":[{"embeddable":true,"href":"https:\/\/influencias.do\/index.php\/wp-json\/wp\/v2\/users\/1"}],"replies":[{"embeddable":true,"href":"https:\/\/influencias.do\/index.php\/wp-json\/wp\/v2\/comments?post=66380"}],"version-history":[{"count":1,"href":"https:\/\/influencias.do\/index.php\/wp-json\/wp\/v2\/posts\/66380\/revisions"}],"predecessor-version":[{"id":66381,"href":"https:\/\/influencias.do\/index.php\/wp-json\/wp\/v2\/posts\/66380\/revisions\/66381"}],"wp:featuredmedia":[{"embeddable":true,"href":"https:\/\/influencias.do\/index.php\/wp-json\/wp\/v2\/media\/56655"}],"wp:attachment":[{"href":"https:\/\/influencias.do\/index.php\/wp-json\/wp\/v2\/media?parent=66380"}],"wp:term":[{"taxonomy":"category","embeddable":true,"href":"https:\/\/influencias.do\/index.php\/wp-json\/wp\/v2\/categories?post=66380"},{"taxonomy":"post_tag","embeddable":true,"href":"https:\/\/influencias.do\/index.php\/wp-json\/wp\/v2\/tags?post=66380"}],"curies":[{"name":"wp","href":"https:\/\/api.w.org\/{rel}","templated":true}]}}