{"id":66373,"date":"2026-09-01T19:25:59","date_gmt":"2026-09-01T19:25:59","guid":{"rendered":"https:\/\/influencias.do\/?p=66373"},"modified":"2026-09-01T19:25:59","modified_gmt":"2026-09-01T19:25:59","slug":"diputados-aprueban-proyecto-de-ley-obliga-a-impartir-en-las-escuelas-la-materia-de-moral-y-civica","status":"publish","type":"post","link":"https:\/\/influencias.do\/index.php\/2026\/09\/01\/diputados-aprueban-proyecto-de-ley-obliga-a-impartir-en-las-escuelas-la-materia-de-moral-y-civica\/","title":{"rendered":"Diputados aprueban proyecto de ley obliga a impartir en las escuelas la materia de moral y c\u00edvica"},"content":{"rendered":"<div>\nSANTO DOMINGO.- La C\u00e1mara de Diputados aprob\u00f3 en primera lectura un proyecto de ley que tiene por finalidad la inclusi\u00f3n obligatoria de la materia moral y c\u00edvica en el sistema educativo dominicano.<\/p>\n<p>La Comisi\u00f3n permanente de Educaci\u00f3n de la C\u00e1mara de Diputados hab\u00eda sido apoderada de dos iniciativas en esa materia de la autor\u00eda de los diputados Jorge Manuel Zorrilla Gonz\u00e1lez y de Liz Adriana Mieses D\u00edaz, por lo que procedi\u00f3 a fusionar ambas iniciativas.<\/p>\n<p>La presente ley tiene por objeto establecer la obligatoriedad de la ense\u00f1anza de la asignatura Educaci\u00f3n Moral y C\u00edvica como parte integrante del curr\u00edculo del sistema educativo preuniversitario, tanto en los centros educativos p\u00fablicos como privados, a fin de fortalecer la formaci\u00f3n \u00e9tica, c\u00edvica y ciudadana de los estudiantes, contribuyendo al desarrollo integral de la sociedad dominicana.<\/p>\n<p>En la sesi\u00f3n de este martes el pleno de diputados tambi\u00e9n aprob\u00f3 dos grupos de resoluciones sometidas por diputados haciendo distintas solicitudes de obras y servicios a las autoridades correspondientes.<\/p>\n<p>Se trata del Octog\u00e9simo tercer y cuarto grupos de resoluciones internas, conforme a los procedimientos establecidos para agilizar el conocimiento de iniciativas legislativas relativas a resoluciones internas con informes.<\/p>\n<p>En las resoluciones aprobadas los diputados de las distintas bancadas solicitan entre otras obras la construcci\u00f3n de mercados municipales, construcci\u00f3n y equipamientos de escuelas, construcci\u00f3n de nuevas c\u00e1rceles, construcci\u00f3n de puentes y carreteras entre otras obras y servicios.<\/p>\n<p>Los diputados tambi\u00e9n liberaron de lectura, de ir a comisi\u00f3n y dejaron sobre la mesa el octog\u00e9simo quinto grupo de resoluciones internas, conforme a los procedimientos establecidos para agilizar el conocimiento de iniciativas legislativas relativas a resoluciones internas con informes, pendientes de conocimiento.<\/p>\n<p>El pleno de los diputados guard\u00f3 un minuto de silencio a la memoria del ex diputado de Hato Mayor Orlando Mazara y de Tony Polanco Uceta.<\/p>\n<p>El presidente de la C\u00e1mara de Diputados, Alfredo Pacheco, al finalizar los trabajos legislativos de este martes convoc\u00f3 a sesionar este mi\u00e9rcoles a partir de las 11:00 de la ma\u00f1ana.<\/p><\/div>\n<div><\/div>\n","protected":false},"excerpt":{"rendered":"<p>SANTO DOMINGO.- La C\u00e1mara de Diputados aprob\u00f3 en primera lectura un proyecto de ley que tiene por finalidad la inclusi\u00f3n obligatoria de la materia moral y c\u00edvica en el sistema educativo dominicano. La Comisi\u00f3n permanente de Educaci\u00f3n de la C\u00e1mara de Diputados hab\u00eda sido apoderada de dos iniciativas en esa materia de la autor\u00eda de [&hellip;]<\/p>\n","protected":false},"author":1,"featured_media":66374,"comment_status":"open","ping_status":"open","sticky":false,"template":"","format":"standard","meta":{"_bbp_topic_count":0,"_bbp_reply_count":0,"_bbp_total_topic_count":0,"_bbp_total_reply_count":0,"_bbp_voice_count":0,"_bbp_anonymous_reply_count":0,"_bbp_topic_count_hidden":0,"_bbp_reply_count_hidden":0,"_bbp_forum_subforum_count":0,"content-type":"","iawp_total_views":0,"footnotes":""},"categories":[1],"tags":[],"class_list":["post-66373","post","type-post","status-publish","format-standard","has-post-thumbnail","category-portada"],"_links":{"self":[{"href":"https:\/\/influencias.do\/index.php\/wp-json\/wp\/v2\/posts\/66373","targetHints":{"allow":["GET"]}}],"collection":[{"href":"https:\/\/influencias.do\/index.php\/wp-json\/wp\/v2\/posts"}],"about":[{"href":"https:\/\/influencias.do\/index.php\/wp-json\/wp\/v2\/types\/post"}],"author":[{"embeddable":true,"href":"https:\/\/influencias.do\/index.php\/wp-json\/wp\/v2\/users\/1"}],"replies":[{"embeddable":true,"href":"https:\/\/influencias.do\/index.php\/wp-json\/wp\/v2\/comments?post=66373"}],"version-history":[{"count":1,"href":"https:\/\/influencias.do\/index.php\/wp-json\/wp\/v2\/posts\/66373\/revisions"}],"predecessor-version":[{"id":66375,"href":"https:\/\/influencias.do\/index.php\/wp-json\/wp\/v2\/posts\/66373\/revisions\/66375"}],"wp:featuredmedia":[{"embeddable":true,"href":"https:\/\/influencias.do\/index.php\/wp-json\/wp\/v2\/media\/66374"}],"wp:attachment":[{"href":"https:\/\/influencias.do\/index.php\/wp-json\/wp\/v2\/media?parent=66373"}],"wp:term":[{"taxonomy":"category","embeddable":true,"href":"https:\/\/influencias.do\/index.php\/wp-json\/wp\/v2\/categories?post=66373"},{"taxonomy":"post_tag","embeddable":true,"href":"https:\/\/influencias.do\/index.php\/wp-json\/wp\/v2\/tags?post=66373"}],"curies":[{"name":"wp","href":"https:\/\/api.w.org\/{rel}","templated":true}]}}