{"id":66365,"date":"2026-09-01T15:02:47","date_gmt":"2026-09-01T15:02:47","guid":{"rendered":"https:\/\/influencias.do\/?p=66365"},"modified":"2026-09-01T15:02:47","modified_gmt":"2026-09-01T15:02:47","slug":"mueren-una-victima-del-doble-apunalamiento-en-times-square","status":"publish","type":"post","link":"https:\/\/influencias.do\/index.php\/2026\/09\/01\/mueren-una-victima-del-doble-apunalamiento-en-times-square\/","title":{"rendered":"Mueren una v\u00edctima del doble apu\u00f1alamiento en Times Square"},"content":{"rendered":"<p style=\"text-align: justify;\">Las autoridades de Nueva York divulgaron la muerte de una v\u00edctima del doble apu\u00f1alamiento ocurrido en Times Square, as\u00ed como la de la agresora, identificada como Patricia Cisneros, que cometi\u00f3 un ataque \u00abaleatorio\u00bb debido a problemas de salud mental, y a la que dispar\u00f3 la Polic\u00eda.<\/p>\n<p style=\"text-align: justify;\">La jefa de la Polic\u00eda, Jessica Tisch, dijo que sobre las 16.30 horas de la tarde, Cisneros, de 49 a\u00f1os, sac\u00f3 dos cuchillos de una bolsa de supermercado y en cuesti\u00f3n de 20 segundos apu\u00f1al\u00f3 en el abdomen a un hombre de 68 a\u00f1os, que est\u00e1 ingresado en condici\u00f3n estable, y a una mujer de 32 a\u00f1os, que falleci\u00f3 en el hospital.<\/p>\n<p style=\"text-align: justify;\">Cisneros, una mujer del distrito de Queens con un \u00abhistorial de incidentes de salud mental\u00bb, corri\u00f3 entonces calle arriba, hacia la estaci\u00f3n de polic\u00eda de la concurrida plaza, y fue rodeada por varios agentes, que durante los 4 siguientes minutos intentaron que soltara las armas sin \u00e9xito mientras les profer\u00eda amenazas.<\/p>\n<figure style=\"text-align: justify;\"><img loading=\"lazy\" loading=\"lazy\" decoding=\"async\" src=\"https:\/\/i0.wp.com\/efe.com\/wp-content\/uploads\/2026\/09\/tisch_ny.webp?resize=900%2C599&amp;ssl=1\" sizes=\"auto, (max-width: 900px) 100vw, 900px\" srcset=\"https:\/\/i0.wp.com\/efe.com\/wp-content\/uploads\/2026\/09\/tisch_ny.webp?w=900&amp;ssl=1 900w, https:\/\/i0.wp.com\/efe.com\/wp-content\/uploads\/2026\/09\/tisch_ny.webp?resize=300%2C200&amp;ssl=1 300w, https:\/\/i0.wp.com\/efe.com\/wp-content\/uploads\/2026\/09\/tisch_ny.webp?resize=768%2C511&amp;ssl=1 768w, https:\/\/i0.wp.com\/efe.com\/wp-content\/uploads\/2026\/09\/tisch_ny.webp?resize=430%2C286&amp;ssl=1 430w\" alt=\"Mueren una v\u00edctima del doble apu\u00f1alamiento &quot;aleatorio&quot; en Times Square y la agresora\" width=\"900\" height=\"599\" data-recalc-dims=\"1\" \/><figcaption>Fotograf\u00eda de archivo de la jefe de Polic\u00eda de Nueva York, Jessica Tisch. EFE\/EPA\/Sarah Yenesel<\/figcaption><\/figure>\n<p style=\"text-align: justify;\">\u00abNo voy a soltar nada, prefer\u00edr\u00eda matarlos a los dos. \u00a1Los matar\u00e9!\u00bb, dijo la agresora a los polic\u00edas, quienes usaron unas pistolas de descarga el\u00e9ctrica (taser) que \u00abresultaron no ser efectivas\u00bb y despu\u00e9s le dispararon con sus armas reglamentarias cuando esta avanz\u00f3 hacia ellos blandiendo los cuchillos, relat\u00f3 la jefa policial.<\/p>\n<p style=\"text-align: justify;\">Cisneros\u00a0<a href=\"https:\/\/efe.com\/?s=times+square\" target=\"_blank\" rel=\"noreferrer noopener nofollow\">tambi\u00e9n fue trasladada al hospital, donde los m\u00e9dicos certificaron su muerte<\/a>.<\/p>\n<h2 id=\"h-detalles-del-incidente\" style=\"text-align: justify;\">Detalles del incidente<\/h2>\n<p style=\"text-align: justify;\">El suceso tuvo lugar cerca de la calle 42 y la S\u00e9ptima Avenida, una zona habitualmente concurrida de turistas, y que fue cerrada al p\u00fablico temporalmente.<\/p>\n<p style=\"text-align: justify;\">\u00abNo tenemos razones para creer que esto fuera un acto de terrorismo\u00bb, aclar\u00f3 Tisch, que no obstante reconoci\u00f3 que ha sido \u00abuna situaci\u00f3n extraordinariamente peligrosa desencaden\u00e1ndose\u00bb en uno de los lugares m\u00e1s tur\u00edsticos del mundo, donde en cualquier momento del d\u00eda hay miles de personas.<\/p>\n<figure style=\"text-align: justify;\"><img loading=\"lazy\" loading=\"lazy\" decoding=\"async\" src=\"https:\/\/i0.wp.com\/efe.com\/wp-content\/uploads\/2026\/09\/OBJ_20220612T030252SW003I_1_1_1_26_7_1.webp?resize=900%2C620&amp;ssl=1\" sizes=\"auto, (max-width: 900px) 100vw, 900px\" srcset=\"https:\/\/i0.wp.com\/efe.com\/wp-content\/uploads\/2026\/09\/OBJ_20220612T030252SW003I_1_1_1_26_7_1.webp?w=900&amp;ssl=1 900w, https:\/\/i0.wp.com\/efe.com\/wp-content\/uploads\/2026\/09\/OBJ_20220612T030252SW003I_1_1_1_26_7_1.webp?resize=300%2C207&amp;ssl=1 300w, https:\/\/i0.wp.com\/efe.com\/wp-content\/uploads\/2026\/09\/OBJ_20220612T030252SW003I_1_1_1_26_7_1.webp?resize=768%2C529&amp;ssl=1 768w, https:\/\/i0.wp.com\/efe.com\/wp-content\/uploads\/2026\/09\/OBJ_20220612T030252SW003I_1_1_1_26_7_1.webp?resize=415%2C286&amp;ssl=1 415w\" alt=\"\" width=\"900\" height=\"620\" data-recalc-dims=\"1\" \/><figcaption>Personas caminan por Times Square en Nueva York, EE. UU., en una fotograf\u00eda de archivo. EFE\/EPA\/Jason Szenes<\/figcaption><\/figure>\n<p style=\"text-align: justify;\">El alcalde, Zohran Mamdani, presente en la rueda de prensa, expres\u00f3 su solidaridad con las familias de las v\u00edctimas, que no han sido identificadas porque a\u00fan se est\u00e1 informando a sus familiares, y agradeci\u00f3 la r\u00e1pida intervenci\u00f3n de la Polic\u00eda para evitar que \u00abun ataque horrible fuera a\u00fan peor\u00bb.<\/p>\n<p style=\"text-align: justify;\">La Polic\u00eda ten\u00eda registros de \u00abincidentes\u00bb de salud mental de la agresora en 2018 y 2019, pero no constaba ning\u00fan arresto, dijo Tisch.<\/p>\n<p style=\"text-align: justify;\">Seg\u00fan se observa en v\u00eddeos del tiroteo publicados en X por testigos, Cisneros iba vestida de manera informal, con pantalones tejanos, una camiseta rosa y un bolso cruzado.<\/p>\n<p>EFE<\/p>\n","protected":false},"excerpt":{"rendered":"<p>Las autoridades de Nueva York divulgaron la muerte de una v\u00edctima del doble apu\u00f1alamiento ocurrido en Times Square, as\u00ed como la de la agresora, identificada como Patricia Cisneros, que cometi\u00f3 un ataque \u00abaleatorio\u00bb debido a problemas de salud mental, y a la que dispar\u00f3 la Polic\u00eda. La jefa de la Polic\u00eda, Jessica Tisch, dijo que [&hellip;]<\/p>\n","protected":false},"author":1,"featured_media":66366,"comment_status":"open","ping_status":"open","sticky":false,"template":"","format":"standard","meta":{"_bbp_topic_count":0,"_bbp_reply_count":0,"_bbp_total_topic_count":0,"_bbp_total_reply_count":0,"_bbp_voice_count":0,"_bbp_anonymous_reply_count":0,"_bbp_topic_count_hidden":0,"_bbp_reply_count_hidden":0,"_bbp_forum_subforum_count":0,"content-type":"","iawp_total_views":0,"footnotes":""},"categories":[109],"tags":[],"class_list":["post-66365","post","type-post","status-publish","format-standard","has-post-thumbnail","category-internacionales"],"_links":{"self":[{"href":"https:\/\/influencias.do\/index.php\/wp-json\/wp\/v2\/posts\/66365","targetHints":{"allow":["GET"]}}],"collection":[{"href":"https:\/\/influencias.do\/index.php\/wp-json\/wp\/v2\/posts"}],"about":[{"href":"https:\/\/influencias.do\/index.php\/wp-json\/wp\/v2\/types\/post"}],"author":[{"embeddable":true,"href":"https:\/\/influencias.do\/index.php\/wp-json\/wp\/v2\/users\/1"}],"replies":[{"embeddable":true,"href":"https:\/\/influencias.do\/index.php\/wp-json\/wp\/v2\/comments?post=66365"}],"version-history":[{"count":1,"href":"https:\/\/influencias.do\/index.php\/wp-json\/wp\/v2\/posts\/66365\/revisions"}],"predecessor-version":[{"id":66367,"href":"https:\/\/influencias.do\/index.php\/wp-json\/wp\/v2\/posts\/66365\/revisions\/66367"}],"wp:featuredmedia":[{"embeddable":true,"href":"https:\/\/influencias.do\/index.php\/wp-json\/wp\/v2\/media\/66366"}],"wp:attachment":[{"href":"https:\/\/influencias.do\/index.php\/wp-json\/wp\/v2\/media?parent=66365"}],"wp:term":[{"taxonomy":"category","embeddable":true,"href":"https:\/\/influencias.do\/index.php\/wp-json\/wp\/v2\/categories?post=66365"},{"taxonomy":"post_tag","embeddable":true,"href":"https:\/\/influencias.do\/index.php\/wp-json\/wp\/v2\/tags?post=66365"}],"curies":[{"name":"wp","href":"https:\/\/api.w.org\/{rel}","templated":true}]}}