{"id":66362,"date":"2026-09-01T14:31:36","date_gmt":"2026-09-01T14:31:36","guid":{"rendered":"https:\/\/influencias.do\/?p=66362"},"modified":"2026-09-01T14:31:36","modified_gmt":"2026-09-01T14:31:36","slug":"escape-de-un-nino-destapa-investigacion-sobre-fundacion-que-acogia-menores-en-haina","status":"publish","type":"post","link":"https:\/\/influencias.do\/index.php\/2026\/09\/01\/escape-de-un-nino-destapa-investigacion-sobre-fundacion-que-acogia-menores-en-haina\/","title":{"rendered":"Escape de un ni\u00f1o destapa investigaci\u00f3n sobre fundaci\u00f3n que acog\u00eda menores en Haina"},"content":{"rendered":"<p style=\"text-align: justify;\"><strong>HAINA, San Crist\u00f3bal.<\/strong> Un ni\u00f1o de 12 a\u00f1os logr\u00f3 escapar de una fundaci\u00f3n ubicada en el sector Las Paredes de Haina y llegar hasta un destacamento policial para pedir ayuda. Su relato desencaden\u00f3 una investigaci\u00f3n que termin\u00f3 con el rescate de otros 13 menores, incluidos beb\u00e9s, y la detenci\u00f3n de varias personas.<\/p>\n<p style=\"text-align: justify;\">El caso mantiene bajo investigaci\u00f3n a la Fundaci\u00f3n Restaurando Vida, Un Muerto que Revive, intervenida por la Polic\u00eda Nacional, el Ministerio P\u00fablico y las autoridades de protecci\u00f3n de ni\u00f1os, ni\u00f1as y adolescentes.<\/p>\n<p style=\"text-align: justify;\">Las pesquisas comenzaron el pasado 28 de agosto, cuando el menor lleg\u00f3 al destacamento de Hatillo tras presuntamente escapar del lugar donde permanec\u00eda junto a otros ni\u00f1os.<\/p>\n<p style=\"text-align: justify;\">Seg\u00fan la informaci\u00f3n ofrecida inicialmente por las autoridades, el ni\u00f1o denunci\u00f3 haber sido sometido a maltratos y obligado a realizar labores vinculadas a la construcci\u00f3n y la agricultura.<\/p>\n<p style=\"text-align: justify;\">La investigaci\u00f3n tambi\u00e9n busca determinar si en el lugar se produjeron casos de explotaci\u00f3n laboral y si existen elementos que puedan configurar una eventual situaci\u00f3n de trata de personas.<\/p>\n<p style=\"text-align: justify;\">Durante los operativos fueron rescatados 14 menores. Informaciones divulgadas este lunes indican que entre ellos hab\u00eda ni\u00f1os de apenas meses de nacidos y adolescentes.<\/p>\n<h2 style=\"text-align: justify;\">El hombre se\u00f1alado en la investigaci\u00f3n<\/h2>\n<p style=\"text-align: justify;\">Las autoridades identificaron como una de las principales personas bajo investigaci\u00f3n a \u00c1ngel Gabriel Capell\u00e1n, de 69 a\u00f1os, conocido en el lugar como \u201cEl Pastor\u201d o \u201cEl Capell\u00e1n\u201d.<\/p>\n<p style=\"text-align: justify;\">La ministra de Interior y Polic\u00eda, Faride Raful, inform\u00f3 este lunes que la intervenci\u00f3n se produjo luego de la denuncia presentada por el menor y destac\u00f3 que el Ministerio P\u00fablico profundiza las investigaciones para establecer las responsabilidades correspondientes.<\/p>\n<p style=\"text-align: justify;\">Las informaciones oficiales se\u00f1alan que varias personas fueron detenidas para fines de investigaci\u00f3n. La cantidad de arrestados ha variado en los reportes difundidos por distintos medios, mientras el proceso contin\u00faa bajo la direcci\u00f3n del Ministerio P\u00fablico.<\/p>\n<h2 style=\"text-align: justify;\">La defensa niega los hechos<\/h2>\n<p style=\"text-align: justify;\">Sin embargo, la defensa de Capell\u00e1n rechaza las acusaciones.<\/p>\n<p style=\"text-align: justify;\">El abogado Claudio Dom\u00ednguez asegur\u00f3 que en la fundaci\u00f3n no se produc\u00edan agresiones contra los menores y sostuvo que su cliente lleva a\u00f1os realizando labores de ayuda para ni\u00f1os, mujeres y personas en condiciones de vulnerabilidad.<\/p>\n<p style=\"text-align: justify;\">Tambi\u00e9n afirm\u00f3 que los menores no permanec\u00edan obligados en el lugar y asegur\u00f3 que la fundaci\u00f3n hab\u00eda recibido inspecciones del Consejo Nacional para la Ni\u00f1ez y la Adolescencia.<\/p>\n<p style=\"text-align: justify;\">Estas declaraciones forman parte de la versi\u00f3n de la defensa y deber\u00e1n ser contrastadas con las evidencias que contin\u00faan siendo recopiladas por las autoridades.<\/p>\n<h2 style=\"text-align: justify;\">Las preguntas que ahora rodean el caso<\/h2>\n<p style=\"text-align: justify;\">La investigaci\u00f3n tambi\u00e9n ha puesto atenci\u00f3n en la forma en que los menores llegaron a la fundaci\u00f3n.<\/p>\n<p style=\"text-align: justify;\">De acuerdo con las informaciones recabadas inicialmente, algunas madres habr\u00edan entregado temporalmente a sus hijos debido a dificultades econ\u00f3micas. Las autoridades buscan establecer bajo qu\u00e9 circunstancias se produjeron estas entregas y si existieron vulneraciones a los derechos de los menores.<\/p>\n<p style=\"text-align: justify;\">Otro de los puntos bajo investigaci\u00f3n es el funcionamiento de la entidad y la procedencia de los ni\u00f1os que permanec\u00edan bajo su cuidado.<\/p>\n<p style=\"text-align: justify;\">Mientras tanto, los 14 menores rescatados permanecen bajo protecci\u00f3n de las autoridades competentes y reciben evaluaciones m\u00e9dicas, psicol\u00f3gicas y sociales.<\/p>\n<p style=\"text-align: justify;\">El caso contin\u00faa bajo investigaci\u00f3n y ser\u00e1 el Ministerio P\u00fablico el que deber\u00e1 determinar, a partir de las evidencias y testimonios recopilados, si existen responsabilidades penales.<\/p>\n<p style=\"text-align: justify;\">Lo que hasta ahora est\u00e1 claro es que el escape de un ni\u00f1o permiti\u00f3 a las autoridades llegar hasta una fundaci\u00f3n que manten\u00eda bajo su cuidado a otros 13 menores y abri\u00f3 una investigaci\u00f3n que todav\u00eda tiene muchas preguntas por responder.<\/p>\n","protected":false},"excerpt":{"rendered":"<p>HAINA, San Crist\u00f3bal. Un ni\u00f1o de 12 a\u00f1os logr\u00f3 escapar de una fundaci\u00f3n ubicada en el sector Las Paredes de Haina y llegar hasta un destacamento policial para pedir ayuda. Su relato desencaden\u00f3 una investigaci\u00f3n que termin\u00f3 con el rescate de otros 13 menores, incluidos beb\u00e9s, y la detenci\u00f3n de varias personas. El caso mantiene [&hellip;]<\/p>\n","protected":false},"author":1,"featured_media":66363,"comment_status":"open","ping_status":"open","sticky":false,"template":"","format":"standard","meta":{"_bbp_topic_count":0,"_bbp_reply_count":0,"_bbp_total_topic_count":0,"_bbp_total_reply_count":0,"_bbp_voice_count":0,"_bbp_anonymous_reply_count":0,"_bbp_topic_count_hidden":0,"_bbp_reply_count_hidden":0,"_bbp_forum_subforum_count":0,"content-type":"","iawp_total_views":0,"footnotes":""},"categories":[108,1],"tags":[1942,5210,5209,515,3143],"class_list":["post-66362","post","type-post","status-publish","format-standard","has-post-thumbnail","category-mas-vistas","category-portada","tag-autoridades","tag-casa-de-acogida","tag-hina","tag-investigacion","tag-menores-de-edad"],"_links":{"self":[{"href":"https:\/\/influencias.do\/index.php\/wp-json\/wp\/v2\/posts\/66362","targetHints":{"allow":["GET"]}}],"collection":[{"href":"https:\/\/influencias.do\/index.php\/wp-json\/wp\/v2\/posts"}],"about":[{"href":"https:\/\/influencias.do\/index.php\/wp-json\/wp\/v2\/types\/post"}],"author":[{"embeddable":true,"href":"https:\/\/influencias.do\/index.php\/wp-json\/wp\/v2\/users\/1"}],"replies":[{"embeddable":true,"href":"https:\/\/influencias.do\/index.php\/wp-json\/wp\/v2\/comments?post=66362"}],"version-history":[{"count":1,"href":"https:\/\/influencias.do\/index.php\/wp-json\/wp\/v2\/posts\/66362\/revisions"}],"predecessor-version":[{"id":66364,"href":"https:\/\/influencias.do\/index.php\/wp-json\/wp\/v2\/posts\/66362\/revisions\/66364"}],"wp:featuredmedia":[{"embeddable":true,"href":"https:\/\/influencias.do\/index.php\/wp-json\/wp\/v2\/media\/66363"}],"wp:attachment":[{"href":"https:\/\/influencias.do\/index.php\/wp-json\/wp\/v2\/media?parent=66362"}],"wp:term":[{"taxonomy":"category","embeddable":true,"href":"https:\/\/influencias.do\/index.php\/wp-json\/wp\/v2\/categories?post=66362"},{"taxonomy":"post_tag","embeddable":true,"href":"https:\/\/influencias.do\/index.php\/wp-json\/wp\/v2\/tags?post=66362"}],"curies":[{"name":"wp","href":"https:\/\/api.w.org\/{rel}","templated":true}]}}