{"id":66356,"date":"2026-09-01T00:39:27","date_gmt":"2026-09-01T00:39:27","guid":{"rendered":"https:\/\/influencias.do\/?p=66356"},"modified":"2026-09-01T00:39:27","modified_gmt":"2026-09-01T00:39:27","slug":"abinader-designa-a-victor-cedeno-brea-como-nuevo-superintendente-de-bancos","status":"publish","type":"post","link":"https:\/\/influencias.do\/index.php\/2026\/09\/01\/abinader-designa-a-victor-cedeno-brea-como-nuevo-superintendente-de-bancos\/","title":{"rendered":"Abinader designa a V\u00edctor Cede\u00f1o Brea como nuevo superintendente de Bancos"},"content":{"rendered":"<p>&nbsp;<\/p>\n<p style=\"text-align: justify;\">*Santo Domingo.\u2013* El presidente Luis Abinader design\u00f3 a V\u00edctor Livio Emmanuel Cede\u00f1o Brea como nuevo superintendente de Bancos de la Rep\u00fablica Dominicana.<\/p>\n<p style=\"text-align: justify;\">El nombramiento est\u00e1 contenido en el Decreto n\u00famero 606-26, emitido este lunes 31 de agosto de 2026 por el Poder Ejecutivo.<\/p>\n<p style=\"text-align: justify;\">Cede\u00f1o Brea sustituye en el cargo a Alejandro Fern\u00e1ndez Whipple, quien hab\u00eda sido confirmado como superintendente de Bancos mediante el Decreto 442-24, del 15 de agosto de 2024.<\/p>\n<p style=\"text-align: justify;\">La disposici\u00f3n presidencial cita la Ley Monetaria y Financiera 183-02, la cual establece que el superintendente de Bancos es designado por el presidente de la Rep\u00fablica por un periodo de dos a\u00f1os y puede ser renovado, siempre que cumpla con los requisitos legales.<\/p>\n<p style=\"text-align: justify;\">El decreto ordena comunicar la designaci\u00f3n a la Junta Monetaria, la Superintendencia de Bancos, el Ministerio de Administraci\u00f3n P\u00fablica, la C\u00e1mara de Cuentas, la Contralor\u00eda General de la Rep\u00fablica y las dem\u00e1s instituciones correspondientes, para su conocimiento y ejecuci\u00f3n.<\/p>\n","protected":false},"excerpt":{"rendered":"<p>&nbsp; *Santo Domingo.\u2013* El presidente Luis Abinader design\u00f3 a V\u00edctor Livio Emmanuel Cede\u00f1o Brea como nuevo superintendente de Bancos de la Rep\u00fablica Dominicana. El nombramiento est\u00e1 contenido en el Decreto n\u00famero 606-26, emitido este lunes 31 de agosto de 2026 por el Poder Ejecutivo. Cede\u00f1o Brea sustituye en el cargo a Alejandro Fern\u00e1ndez Whipple, quien [&hellip;]<\/p>\n","protected":false},"author":1,"featured_media":66357,"comment_status":"open","ping_status":"open","sticky":false,"template":"","format":"standard","meta":{"_bbp_topic_count":0,"_bbp_reply_count":0,"_bbp_total_topic_count":0,"_bbp_total_reply_count":0,"_bbp_voice_count":0,"_bbp_anonymous_reply_count":0,"_bbp_topic_count_hidden":0,"_bbp_reply_count_hidden":0,"_bbp_forum_subforum_count":0,"content-type":"","iawp_total_views":0,"footnotes":""},"categories":[1],"tags":[],"class_list":["post-66356","post","type-post","status-publish","format-standard","has-post-thumbnail","category-portada"],"_links":{"self":[{"href":"https:\/\/influencias.do\/index.php\/wp-json\/wp\/v2\/posts\/66356","targetHints":{"allow":["GET"]}}],"collection":[{"href":"https:\/\/influencias.do\/index.php\/wp-json\/wp\/v2\/posts"}],"about":[{"href":"https:\/\/influencias.do\/index.php\/wp-json\/wp\/v2\/types\/post"}],"author":[{"embeddable":true,"href":"https:\/\/influencias.do\/index.php\/wp-json\/wp\/v2\/users\/1"}],"replies":[{"embeddable":true,"href":"https:\/\/influencias.do\/index.php\/wp-json\/wp\/v2\/comments?post=66356"}],"version-history":[{"count":1,"href":"https:\/\/influencias.do\/index.php\/wp-json\/wp\/v2\/posts\/66356\/revisions"}],"predecessor-version":[{"id":66358,"href":"https:\/\/influencias.do\/index.php\/wp-json\/wp\/v2\/posts\/66356\/revisions\/66358"}],"wp:featuredmedia":[{"embeddable":true,"href":"https:\/\/influencias.do\/index.php\/wp-json\/wp\/v2\/media\/66357"}],"wp:attachment":[{"href":"https:\/\/influencias.do\/index.php\/wp-json\/wp\/v2\/media?parent=66356"}],"wp:term":[{"taxonomy":"category","embeddable":true,"href":"https:\/\/influencias.do\/index.php\/wp-json\/wp\/v2\/categories?post=66356"},{"taxonomy":"post_tag","embeddable":true,"href":"https:\/\/influencias.do\/index.php\/wp-json\/wp\/v2\/tags?post=66356"}],"curies":[{"name":"wp","href":"https:\/\/api.w.org\/{rel}","templated":true}]}}