{"id":66344,"date":"2026-08-31T16:07:41","date_gmt":"2026-08-31T16:07:41","guid":{"rendered":"https:\/\/influencias.do\/?p=66344"},"modified":"2026-08-31T16:07:41","modified_gmt":"2026-08-31T16:07:41","slug":"medicos-del-padre-billini-inician-paro-indefinido-en-rechazo-a-designacion-de-nuevo-director","status":"publish","type":"post","link":"https:\/\/influencias.do\/index.php\/2026\/08\/31\/medicos-del-padre-billini-inician-paro-indefinido-en-rechazo-a-designacion-de-nuevo-director\/","title":{"rendered":"M\u00e9dicos del Padre Billini inician paro indefinido en rechazo a designaci\u00f3n de nuevo director"},"content":{"rendered":"<p><strong>SANTO DOMINGO.<\/strong> Los m\u00e9dicos del Hospital Docente Padre Billini iniciaron este lunes un paro indefinido de labores en rechazo a la designaci\u00f3n del doctor Acosta Jim\u00e9nez como nuevo director del centro de salud, al considerar que debe ser escogido un profesional perteneciente a la propia instituci\u00f3n y con conocimiento de las necesidades que enfrenta el hospital.<\/p>\n<p>La paralizaci\u00f3n contempla la suspensi\u00f3n de las consultas externas, tanto en horario matutino como vespertino, adem\u00e1s de los procedimientos quir\u00fargicos y no quir\u00fargicos que se realizan en el centro asistencial.<\/p>\n<p>La doctora Griselda Quezada, secretaria de Acci\u00f3n Gremial del Colegio M\u00e9dico Dominicano (CMD), inform\u00f3 que la decisi\u00f3n fue adoptada luego de una asamblea realizada este lunes en el hospital, en la que, seg\u00fan explic\u00f3, los m\u00e9dicos expresaron de manera mayoritaria su oposici\u00f3n a la nueva designaci\u00f3n.<\/p>\n<div style=\"width: 478px;\" class=\"wp-video\"><video class=\"wp-video-shortcode\" id=\"video-66344-1\" width=\"478\" height=\"850\" preload=\"metadata\" controls=\"controls\"><source type=\"video\/mp4\" src=\"https:\/\/influencias.do\/wp-content\/uploads\/2026\/08\/WhatsApp-Video-2026-08-31-at-11.24.45-AM.mp4?_=1\" \/><a href=\"https:\/\/influencias.do\/wp-content\/uploads\/2026\/08\/WhatsApp-Video-2026-08-31-at-11.24.45-AM.mp4\">https:\/\/influencias.do\/wp-content\/uploads\/2026\/08\/WhatsApp-Video-2026-08-31-at-11.24.45-AM.mp4<\/a><\/video><\/div>\n<p>\u201cTodos los m\u00e9dicos estamos de acuerdo de que sea elegido un m\u00e9dico de nuestra instituci\u00f3n, conocedor de todo lo que est\u00e1 sucediendo en este hospital\u201d, afirm\u00f3 Quezada.<\/p>\n<p>La representante gremial sostuvo que los m\u00e9dicos solicitan que quede sin efecto la designaci\u00f3n del doctor Acosta Jim\u00e9nez, debido a que no pertenece al cuerpo m\u00e9dico de la instituci\u00f3n y, a juicio del gremio, desconoce las situaciones que afectan al hospital y las acciones que deben ejecutarse para mejorar su funcionamiento.<\/p>\n<p>\u201cRechazamos rotundamente la designaci\u00f3n de ese director y exigimos un director de nuestra instituci\u00f3n\u201d, manifest\u00f3.<\/p>\n<p>Los m\u00e9dicos entienden que quien asuma la direcci\u00f3n del Padre Billini debe conocer de primera mano las condiciones en las que opera el centro, sus necesidades y las dificultades que enfrentan tanto el personal de salud como los pacientes que acuden diariamente en busca de atenci\u00f3n.<\/p>\n<p>La protesta tambi\u00e9n cuenta con el respaldo de miembros del Consejo de Desarrollo Comunitario de la Zona Colonial, quienes se sumaron a los reclamos del personal m\u00e9dico y demandaron mejoras para el hospital.<\/p>\n<div style=\"width: 478px;\" class=\"wp-video\"><video class=\"wp-video-shortcode\" id=\"video-66344-2\" width=\"478\" height=\"850\" preload=\"metadata\" controls=\"controls\"><source type=\"video\/mp4\" src=\"https:\/\/influencias.do\/wp-content\/uploads\/2026\/08\/WhatsApp-Video-2026-08-31-at-11.25.36-AM.mp4?_=2\" \/><a href=\"https:\/\/influencias.do\/wp-content\/uploads\/2026\/08\/WhatsApp-Video-2026-08-31-at-11.25.36-AM.mp4\">https:\/\/influencias.do\/wp-content\/uploads\/2026\/08\/WhatsApp-Video-2026-08-31-at-11.25.36-AM.mp4<\/a><\/video><\/div>\n<p>Los representantes comunitarios tambi\u00e9n plantean la necesidad de que sean atendidas las condiciones de infraestructura y funcionamiento del centro asistencial, considerado un punto importante para la atenci\u00f3n de salud de residentes de la Zona Colonial y sectores aleda\u00f1os.<\/p>\n<p>Mientras se mantiene el paro indefinido, los m\u00e9dicos reiteraron que esperan una respuesta de las autoridades y que se revise la designaci\u00f3n del nuevo director para procurar que la posici\u00f3n sea ocupada por un profesional de la propia instituci\u00f3n.<\/p>\n","protected":false},"excerpt":{"rendered":"<p>SANTO DOMINGO. Los m\u00e9dicos del Hospital Docente Padre Billini iniciaron este lunes un paro indefinido de labores en rechazo a la designaci\u00f3n del doctor Acosta Jim\u00e9nez como nuevo director del centro de salud, al considerar que debe ser escogido un profesional perteneciente a la propia instituci\u00f3n y con conocimiento de las necesidades que enfrenta el [&hellip;]<\/p>\n","protected":false},"author":1,"featured_media":66347,"comment_status":"open","ping_status":"open","sticky":false,"template":"","format":"standard","meta":{"_bbp_topic_count":0,"_bbp_reply_count":0,"_bbp_total_topic_count":0,"_bbp_total_reply_count":0,"_bbp_voice_count":0,"_bbp_anonymous_reply_count":0,"_bbp_topic_count_hidden":0,"_bbp_reply_count_hidden":0,"_bbp_forum_subforum_count":0,"content-type":"","iawp_total_views":3,"footnotes":""},"categories":[108,1,2802],"tags":[2934,3888,1122,5208],"class_list":["post-66344","post","type-post","status-publish","format-standard","has-post-thumbnail","category-mas-vistas","category-portada","category-salud","tag-hospital-padre-billini","tag-medicos","tag-paro","tag-suspension-de-labores"],"_links":{"self":[{"href":"https:\/\/influencias.do\/index.php\/wp-json\/wp\/v2\/posts\/66344","targetHints":{"allow":["GET"]}}],"collection":[{"href":"https:\/\/influencias.do\/index.php\/wp-json\/wp\/v2\/posts"}],"about":[{"href":"https:\/\/influencias.do\/index.php\/wp-json\/wp\/v2\/types\/post"}],"author":[{"embeddable":true,"href":"https:\/\/influencias.do\/index.php\/wp-json\/wp\/v2\/users\/1"}],"replies":[{"embeddable":true,"href":"https:\/\/influencias.do\/index.php\/wp-json\/wp\/v2\/comments?post=66344"}],"version-history":[{"count":1,"href":"https:\/\/influencias.do\/index.php\/wp-json\/wp\/v2\/posts\/66344\/revisions"}],"predecessor-version":[{"id":66348,"href":"https:\/\/influencias.do\/index.php\/wp-json\/wp\/v2\/posts\/66344\/revisions\/66348"}],"wp:featuredmedia":[{"embeddable":true,"href":"https:\/\/influencias.do\/index.php\/wp-json\/wp\/v2\/media\/66347"}],"wp:attachment":[{"href":"https:\/\/influencias.do\/index.php\/wp-json\/wp\/v2\/media?parent=66344"}],"wp:term":[{"taxonomy":"category","embeddable":true,"href":"https:\/\/influencias.do\/index.php\/wp-json\/wp\/v2\/categories?post=66344"},{"taxonomy":"post_tag","embeddable":true,"href":"https:\/\/influencias.do\/index.php\/wp-json\/wp\/v2\/tags?post=66344"}],"curies":[{"name":"wp","href":"https:\/\/api.w.org\/{rel}","templated":true}]}}