{"id":66330,"date":"2026-08-31T02:31:28","date_gmt":"2026-08-31T02:31:28","guid":{"rendered":"https:\/\/influencias.do\/?p=66330"},"modified":"2026-08-31T02:31:28","modified_gmt":"2026-08-31T02:31:28","slug":"abinader-y-asfura-impulsan-nueva-etapa-de-cooperacion-entre-rd-y-honduras","status":"publish","type":"post","link":"https:\/\/influencias.do\/index.php\/2026\/08\/31\/abinader-y-asfura-impulsan-nueva-etapa-de-cooperacion-entre-rd-y-honduras\/","title":{"rendered":"Abinader y Asfura impulsan nueva etapa de cooperaci\u00f3n entre RD y Honduras"},"content":{"rendered":"<p style=\"text-align: justify;\">Santo Domingo. \u2013 En el marco de la visita oficial al pa\u00eds del presidente de Honduras, Nasry Asfura Zablah, y durante su encuentro con el presidente Luis Abinader en el Palacio Nacional, ambos mandatarios valoraron de forma positiva los resultados de dos d\u00edas de trabajo conjunto y coincidieron en la necesidad de fortalecer a\u00fan m\u00e1s los lazos bilaterales.<\/p>\n<p style=\"text-align: justify;\">El presidente Abinader agradeci\u00f3 la visita y calific\u00f3 de \u201cmuy positiva\u201d la agenda desarrollada.<\/p>\n<p style=\"text-align: justify;\">Expres\u00f3 satisfacci\u00f3n por las conversaciones francas en las que se revisaron temas de la relaci\u00f3n bilateral e identificaron \u00e1reas concretas de acuerdos.<\/p>\n<p style=\"text-align: justify;\">Construir una relaci\u00f3n cada vez m\u00e1s \u00fatil<\/p>\n<p>Abinader record\u00f3 que ambos pa\u00edses mantienen v\u00ednculos diplom\u00e1ticos de m\u00e1s de cien a\u00f1os y subray\u00f3 la importancia de aprovechar esa historia para construir una relaci\u00f3n cada vez m\u00e1s \u00fatil para sus pueblos.<\/p>\n<p style=\"text-align: justify;\">\u201cHemos conversado de comercio, inversi\u00f3n, conectividad, turismo, cultura y de nuevas oportunidades para nuestros sectores productivos. Hay espacio para crecer y ambos gobiernos tenemos inter\u00e9s en facilitar ese proceso\u201d, afirm\u00f3 Abinader, quien destac\u00f3 el aumento del intercambio comercial y la voluntad de mantener esa tendencia.<\/p>\n<p style=\"text-align: justify;\">Tambi\u00e9n se refiri\u00f3 a temas regionales como seguridad, democracia, migraci\u00f3n, el impacto del sargazo y la situaci\u00f3n de Hait\u00ed, y se\u00f1al\u00f3 que existe una visi\u00f3n cercana que permite avanzar de manera coordinada.<\/p>\n<p style=\"text-align: justify;\">Sobre los grupos criminales organizados, indic\u00f3 que hay cooperaci\u00f3n de inteligencia bilateral y a trav\u00e9s del Escudo de las Am\u00e9ricas, y que se convers\u00f3 para continuar colaborando.<\/p>\n<p style=\"text-align: justify;\">Presidente de Honduras<\/p>\n<p style=\"text-align: justify;\">El presidente Asfura afirm\u00f3 que la relaci\u00f3n se fortalece con el objetivo de hacerla m\u00e1s unida y estrecha.<\/p>\n<p style=\"text-align: justify;\">Destac\u00f3 que se abordaron la tecnificaci\u00f3n de la agricultura, la seguridad y el turismo, \u00e1mbito en el que reconoci\u00f3 la experiencia de m\u00e1s de 40 a\u00f1os de Rep\u00fablica Dominicana en desarrollo tur\u00edstico e infraestructura.<\/p>\n<p>Plante\u00f3 trabajar juntos de cara a una Am\u00e9rica pr\u00f3spera, protegida, productiva y fuerte, y coincidi\u00f3 en la necesidad de coordinar posiciones en foros internacionales como la ONU y el Escudo de las Am\u00e9ricas.<\/p>\n<p style=\"text-align: justify;\">Valora Juegos Centroamericanos y del Caribe<\/p>\n<p style=\"text-align: justify;\">Asfura valor\u00f3 el papel de Rep\u00fablica Dominicana en la organizaci\u00f3n de los Juegos Centroamericanos y del Caribe, que calific\u00f3 como un ejemplo de profesionalismo y desarrollo al alcanzar un r\u00e9cord de 155 medallas, y agradeci\u00f3 el apoyo de cara a la sede de los pr\u00f3ximos juegos, que se celebrar\u00e1n en Honduras en noviembre de 2029.<\/p>\n<p style=\"text-align: justify;\">Subray\u00f3 los retos de la innovaci\u00f3n y la transformaci\u00f3n para enfrentar las guerras econ\u00f3micas actuales, reconoci\u00f3 el impulso dado al SICA durante la presidencia pro t\u00e9mpore dominicana y destac\u00f3 el recorrido realizado junto a Abinader por las obras de protecci\u00f3n fronteriza, como ejemplo de defensa de la democracia, la libertad y la soberan\u00eda.<\/p>\n<p style=\"text-align: justify;\">Agenda para seguir avanzando<\/p>\n<p style=\"text-align: justify;\">Ambos jefes de Estado coincidieron en que la visita deja una agenda concreta para seguir avanzando.<\/p>\n<p style=\"text-align: justify;\">Abinader asegur\u00f3 que se fortalecer\u00e1n los espacios de di\u00e1logo para convertir las buenas relaciones pol\u00edticas en cooperaci\u00f3n e intercambios concretos, y reiter\u00f3 que Honduras puede contar con Rep\u00fablica Dominicana como pa\u00eds amigo y socio. Asfura, a su vez, extendi\u00f3 una invitaci\u00f3n al presidente dominicano para visitar Honduras, asegurando que ser\u00e1 recibido con los brazos abiertos junto a las personas que estime conveniente.<\/p>\n","protected":false},"excerpt":{"rendered":"<p>Santo Domingo. \u2013 En el marco de la visita oficial al pa\u00eds del presidente de Honduras, Nasry Asfura Zablah, y durante su encuentro con el presidente Luis Abinader en el Palacio Nacional, ambos mandatarios valoraron de forma positiva los resultados de dos d\u00edas de trabajo conjunto y coincidieron en la necesidad de fortalecer a\u00fan m\u00e1s [&hellip;]<\/p>\n","protected":false},"author":1,"featured_media":66331,"comment_status":"open","ping_status":"open","sticky":false,"template":"","format":"standard","meta":{"_bbp_topic_count":0,"_bbp_reply_count":0,"_bbp_total_topic_count":0,"_bbp_total_reply_count":0,"_bbp_voice_count":0,"_bbp_anonymous_reply_count":0,"_bbp_topic_count_hidden":0,"_bbp_reply_count_hidden":0,"_bbp_forum_subforum_count":0,"content-type":"","iawp_total_views":2,"footnotes":""},"categories":[1],"tags":[],"class_list":["post-66330","post","type-post","status-publish","format-standard","has-post-thumbnail","category-portada"],"_links":{"self":[{"href":"https:\/\/influencias.do\/index.php\/wp-json\/wp\/v2\/posts\/66330","targetHints":{"allow":["GET"]}}],"collection":[{"href":"https:\/\/influencias.do\/index.php\/wp-json\/wp\/v2\/posts"}],"about":[{"href":"https:\/\/influencias.do\/index.php\/wp-json\/wp\/v2\/types\/post"}],"author":[{"embeddable":true,"href":"https:\/\/influencias.do\/index.php\/wp-json\/wp\/v2\/users\/1"}],"replies":[{"embeddable":true,"href":"https:\/\/influencias.do\/index.php\/wp-json\/wp\/v2\/comments?post=66330"}],"version-history":[{"count":1,"href":"https:\/\/influencias.do\/index.php\/wp-json\/wp\/v2\/posts\/66330\/revisions"}],"predecessor-version":[{"id":66332,"href":"https:\/\/influencias.do\/index.php\/wp-json\/wp\/v2\/posts\/66330\/revisions\/66332"}],"wp:featuredmedia":[{"embeddable":true,"href":"https:\/\/influencias.do\/index.php\/wp-json\/wp\/v2\/media\/66331"}],"wp:attachment":[{"href":"https:\/\/influencias.do\/index.php\/wp-json\/wp\/v2\/media?parent=66330"}],"wp:term":[{"taxonomy":"category","embeddable":true,"href":"https:\/\/influencias.do\/index.php\/wp-json\/wp\/v2\/categories?post=66330"},{"taxonomy":"post_tag","embeddable":true,"href":"https:\/\/influencias.do\/index.php\/wp-json\/wp\/v2\/tags?post=66330"}],"curies":[{"name":"wp","href":"https:\/\/api.w.org\/{rel}","templated":true}]}}