{"id":6592,"date":"2023-03-28T09:23:44","date_gmt":"2023-03-28T13:23:44","guid":{"rendered":"https:\/\/influencias.do\/?p=6592"},"modified":"2023-03-28T09:23:44","modified_gmt":"2023-03-28T13:23:44","slug":"suecia-prohibe-a-sus-militares-el-uso-de-tiktok-para-preservar-la-seguridad-de-datos","status":"publish","type":"post","link":"https:\/\/influencias.do\/index.php\/2023\/03\/28\/suecia-prohibe-a-sus-militares-el-uso-de-tiktok-para-preservar-la-seguridad-de-datos\/","title":{"rendered":"Suecia proh\u00edbe a sus militares el uso de TikTok para preservar la seguridad de datos"},"content":{"rendered":"\n<p>Las Fuerzas Armadas de Suecia se&nbsp;unieron a la campa\u00f1a de Occidente contra TikTok, al decretar que por motivos de seguridad su personal militar no est\u00e1 autorizado a utilizar esa aplicaci\u00f3n de intercambio de videos, de propiedad china, en sus dispositivos laborales.<\/p>\n\n\n\n<p>El Ministerio de Defensa del pa\u00eds escandinavo comunic\u00f3 el lunes su decisi\u00f3n de prohibir el uso de TikTok. La preocupaci\u00f3n por la seguridad se basa en &#8220;informaciones aparecidas en fuentes abiertas sobre la forma en que la aplicaci\u00f3n gestiona la\u00a0<strong>informaci\u00f3n de usuarios<\/strong>\u00a0y las acciones de la empresa propietaria, ByteDance&#8221;, seg\u00fan el ministerio,\u00a0<a rel=\"noreferrer noopener\" href=\"https:\/\/euro.dayfr.com\/world\/70305.html\" target=\"_blank\">citado<\/a>\u00a0por AFP.<\/p>\n\n\n\n<p>&#8220;El uso de tel\u00e9fonos m\u00f3viles y tabletas puede ser en s\u00ed mismo una&nbsp;<strong>amenaza para la seguridad<\/strong>, por lo que no queremos TikTok en nuestros equipos de trabajo&#8221;, declar\u00f3 la portavoz del organismo, Guna Graufeldt.<\/p>\n\n\n\n<p>La decisi\u00f3n sigue medidas similares emprendidas \u00faltimamente por una cantidad de pa\u00edses occidentales. As\u00ed, el Gobierno de&nbsp;<strong>Francia<\/strong>&nbsp;<a href=\"https:\/\/actualidad.rt.com\/actualidad\/461906-francia-prohibe-tiktok-aplicaciones-telefonos-funcionarios-publicos\" target=\"_blank\" rel=\"noreferrer noopener\">prohibi\u00f3<\/a>&nbsp;la instalaci\u00f3n y el uso de TikTok y varias otras aplicaciones en los celulares de trabajo de los funcionarios p\u00fablicos, seg\u00fan dio a conocer la semana pasada.&nbsp;<strong>Noruega<\/strong>&nbsp;proscribi\u00f3 el uso de la aplicaci\u00f3n en los dispositivos que pueden acceder a la red inform\u00e1tica de su Parlamento, mientras que el&nbsp;<strong>Reino Unido<\/strong>&nbsp;y&nbsp;<strong>B\u00e9lgica<\/strong>&nbsp;la&nbsp;<a href=\"https:\/\/actualidad.rt.com\/actualidad\/460432-belgica-prohibe-tiktok-telefonos-oficiales-ministros\" target=\"_blank\" rel=\"noreferrer noopener\">prohibieron<\/a>&nbsp;en todos los m\u00f3viles gubernamentales. El Ministerio de Defensa de&nbsp;<strong>Dinamarca<\/strong>&nbsp;y el Ministerio de Exteriores de&nbsp;<strong>Letonia<\/strong>&nbsp;aplicaron una medida similar contra el uso de TikTok a principios de este marzo. La&nbsp;<strong>Comisi\u00f3n Europea<\/strong>, por su parte,&nbsp;<a href=\"https:\/\/actualidad.rt.com\/actualidad\/458960-comision-europea-prohibir-tiktok-dispositivos-oficiales\" target=\"_blank\" rel=\"noreferrer noopener\">inst\u00f3<\/a>&nbsp;a sus empleados a desinstalar TikTok de sus dispositivos corporativos lo antes posible, y a m\u00e1s tardar el 15 de marzo, citando preocupaciones sobre la protecci\u00f3n de datos.<\/p>\n\n\n\n<p>Este mes, Estados Unidos, Nueva Zelanda y Canad\u00e1 tambi\u00e9n&nbsp;<a href=\"https:\/\/actualidad.rt.com\/actualidad\/459339-canada-prohibir-tiktok-dispositivos-moviles-gobierno\" target=\"_blank\" rel=\"noreferrer noopener\">prohibieron<\/a>&nbsp;la aplicaci\u00f3n en los dispositivos gubernamentales, argumentando que los m\u00e9todos de recopilaci\u00f3n de datos de TikTok proporcionan un &#8220;acceso considerable&#8221; al contenido del tel\u00e9fono.<\/p>\n\n\n\n<p>Washington fue m\u00e1s all\u00e1. El Comit\u00e9 de Asuntos Exteriores de la C\u00e1mara de Representantes&nbsp;<a href=\"https:\/\/actualidad.rt.com\/actualidad\/459543-camara-representantes-eeuu-aprueba-proyecto-ley-prohibir-tiktok\" target=\"_blank\" rel=\"noreferrer noopener\">vot\u00f3<\/a>&nbsp;a principios de este mes a favor de promover una ley que facilite la prohibici\u00f3n de TikTok<strong>&nbsp;en todo el territorio<\/strong>&nbsp;estadounidense.<\/p>\n\n\n\n<p>Los defensores de la prohibici\u00f3n de la aplicaci\u00f3n en EE.UU. afirman que ByteDance, la empresa matriz de TikTok, con sede en China, podr\u00eda verse obligada a compartir los datos de los usuarios con el\u00a0<strong>Partido Comunista Chino<\/strong>, por lo que la Casa Blanca exigi\u00f3 a ByteDance que venda su participaci\u00f3n en la aplicaci\u00f3n.<\/p>\n\n\n\n<p>El director general de TikTok, Shou Zi Chew, fue&nbsp;<a href=\"https:\/\/actualidad.rt.com\/actualidad\/461758-ceo-tiktok-interrogado-capitolio-china\" target=\"_blank\" rel=\"noreferrer noopener\">interrogado<\/a>&nbsp;el pasado jueves en el&nbsp;<strong>Capitolio<\/strong>, en busca de respuestas sobre los riesgos que la popular red social de videos implicar\u00eda para la seguridad nacional de EE.UU.<\/p>\n\n\n\n<p>En esta l\u00ednea, la portavoz del Ministerio de Exteriores chino, Mao Ning,&nbsp;<a href=\"https:\/\/actualidad.rt.com\/actualidad\/461844-china-comenta-interrogatorio-director-general-tiktok-congreso-eeuu\" target=\"_blank\" rel=\"noreferrer noopener\">acus\u00f3<\/a>&nbsp;a EE.UU. de reprimir y atacar a la compa\u00f1\u00eda &#8220;sobre la base de la presunci\u00f3n de culpabilidad&#8221; y sin ninguna evidencia o prueba de que TikTok amenace la seguridad nacional de EE.UU.<\/p>\n\n\n\n<p>&#8220;El Gobierno de China nunca ha pedido y nunca pedir\u00e1 a ninguna empresa o individuo\u00a0<strong>recopilar o proporcionar datos<\/strong>, informaci\u00f3n o inteligencia situados en el extranjero, en contra de las leyes locales&#8221;, dijo la vocera el viernes.<\/p>\n\n\n\n<p>RT<\/p>\n","protected":false},"excerpt":{"rendered":"<p>Las Fuerzas Armadas de Suecia se&nbsp;unieron a la campa\u00f1a de Occidente contra TikTok, al decretar que por motivos de seguridad su personal militar no est\u00e1 autorizado a utilizar esa aplicaci\u00f3n de intercambio de videos, de propiedad china, en sus dispositivos laborales. El Ministerio de Defensa del pa\u00eds escandinavo comunic\u00f3 el lunes su decisi\u00f3n de prohibir [&hellip;]<\/p>\n","protected":false},"author":2,"featured_media":6594,"comment_status":"open","ping_status":"open","sticky":false,"template":"","format":"standard","meta":{"_bbp_topic_count":0,"_bbp_reply_count":0,"_bbp_total_topic_count":0,"_bbp_total_reply_count":0,"_bbp_voice_count":0,"_bbp_anonymous_reply_count":0,"_bbp_topic_count_hidden":0,"_bbp_reply_count_hidden":0,"_bbp_forum_subforum_count":0,"content-type":"","iawp_total_views":0,"footnotes":""},"categories":[109],"tags":[],"class_list":{"0":"post-6592","1":"post","2":"type-post","3":"status-publish","4":"format-standard","5":"has-post-thumbnail","7":"category-internacionales"},"_links":{"self":[{"href":"https:\/\/influencias.do\/index.php\/wp-json\/wp\/v2\/posts\/6592","targetHints":{"allow":["GET"]}}],"collection":[{"href":"https:\/\/influencias.do\/index.php\/wp-json\/wp\/v2\/posts"}],"about":[{"href":"https:\/\/influencias.do\/index.php\/wp-json\/wp\/v2\/types\/post"}],"author":[{"embeddable":true,"href":"https:\/\/influencias.do\/index.php\/wp-json\/wp\/v2\/users\/2"}],"replies":[{"embeddable":true,"href":"https:\/\/influencias.do\/index.php\/wp-json\/wp\/v2\/comments?post=6592"}],"version-history":[{"count":0,"href":"https:\/\/influencias.do\/index.php\/wp-json\/wp\/v2\/posts\/6592\/revisions"}],"wp:featuredmedia":[{"embeddable":true,"href":"https:\/\/influencias.do\/index.php\/wp-json\/"}],"wp:attachment":[{"href":"https:\/\/influencias.do\/index.php\/wp-json\/wp\/v2\/media?parent=6592"}],"wp:term":[{"taxonomy":"category","embeddable":true,"href":"https:\/\/influencias.do\/index.php\/wp-json\/wp\/v2\/categories?post=6592"},{"taxonomy":"post_tag","embeddable":true,"href":"https:\/\/influencias.do\/index.php\/wp-json\/wp\/v2\/tags?post=6592"}],"curies":[{"name":"wp","href":"https:\/\/api.w.org\/{rel}","templated":true}]}}