{"id":6392,"date":"2023-03-26T16:29:33","date_gmt":"2023-03-26T20:29:33","guid":{"rendered":"https:\/\/influencias.do\/?p=6392"},"modified":"2023-03-26T16:29:33","modified_gmt":"2023-03-26T20:29:33","slug":"iv-juegos-municipales-santo-domingo-este-seran-en-noviembre","status":"publish","type":"post","link":"https:\/\/influencias.do\/index.php\/2023\/03\/26\/iv-juegos-municipales-santo-domingo-este-seran-en-noviembre\/","title":{"rendered":"IV Juegos Municipales Santo Domingo Este ser\u00e1n en noviembre"},"content":{"rendered":"\n<p>&nbsp;Los IV Juegos Deportivos Municipales de Santo Domingo Este, correspondientes a este a\u00f1o, se celebrar\u00e1n del 7 al 25 de noviembre, anunci\u00f3 el alcalde Manuel Jim\u00e9nez.&nbsp;<\/p>\n\n\n\n<p>El principal funcionario de la alcald\u00eda del municipio m\u00e1s grande del pa\u00eds explic\u00f3 que en los juegos competir\u00e1n m\u00e1s de 7 mil atletas, representando nuevamente las 3 circunscripciones del mismo.&nbsp;<\/p>\n\n\n\n<p>Jim\u00e9nez record\u00f3 que la anterior versi\u00f3n de los juegos, en el 2022, constituy\u00f3 un rotundo \u00e9xito, por la participaci\u00f3n numerosa de atletas (m\u00e1s de cinco mil); respaldo popular en cada una de las cinco circunscripciones del municipio y el bien ponderado nivel organizativo de las 27 disciplinas deportivas en las cuales se compiti\u00f3, en 36 instalaciones remozadas y acondicionadas para la ocasi\u00f3n del evento.&nbsp;<\/p>\n\n\n\n<p>El funcionario edilicio destac\u00f3 que los IV Juegos Municipales de Santo Domingo Este tendr\u00e1n por lema: \u201cIV Juegos Deportivos Santo Domingo Este, por la Ciudad Trinitaria\u201d; en alusi\u00f3n al proyecto de ley que reposa en el Congreso Nacional y que tiene como prop\u00f3sito dotar al municipio con el nombre de una ciudad (Trinitaria) y a sus residentes con el gentilicio de trinitarios.&nbsp;<\/p>\n\n\n\n<p><strong><u>Estructura&nbsp;&nbsp;organizativa&nbsp;<\/u><\/strong><\/p>\n\n\n\n<p>Jim\u00e9nez manifest\u00f3 que el montaje delos IV Juegos Municipales de Santo Domingo Este tendr\u00e1 una din\u00e1mica estructura de trabajo, en la cual habr\u00e1 un comit\u00e9 organizador y un comit\u00e9 operativo.&nbsp;<\/p>\n\n\n\n<p>El comit\u00e9 organizador estar\u00e1 integrado por un presidente, un vicepresidente, un director general, un director ejecutivo y varios miembros.&nbsp;<\/p>\n\n\n\n<p>El comit\u00e9 operativo estar\u00e1 constituido por comisiones y gerencias, a la cabeza de las cuales estar\u00e1n experimentados y calificados expertos en diferentes \u00e1reas.&nbsp;<\/p>\n\n\n\n<p>Entre las comisiones que formar\u00e1n el comit\u00e9 operativo, Jim\u00e9nez se\u00f1al\u00f3 la t\u00e9cnica, m\u00e9dica, de relaciones p\u00fablicas, prensa, transportaci\u00f3n, operaciones deportivas, seguridad, protocolo, inform\u00e1tica, mercadeo, instalaciones deportivas.&nbsp;<\/p>\n\n\n\n<p>Tambi\u00e9n la gerencia deportiva, y la de supervisi\u00f3n y control.&nbsp;<\/p>\n\n\n\n<p>En los pr\u00f3ximos d\u00edas se dar\u00e1n a conocer los nombres de los miembros del comit\u00e9 organizador, as\u00ed como de los directores y gerentes del comit\u00e9 operativo, en cuya integraci\u00f3n ya trabaja un peque\u00f1o comit\u00e9 que encabeza el profesor Roberto NerIs, director de deportes de la Alcald\u00eda de Santo domingo Este; junto a miembros del departamento que est\u00e1 a su cargo en esa instituci\u00f3n.&nbsp;<\/p>\n\n\n\n<p><strong><u>Exhorta a respaldar&nbsp;<\/u><\/strong><\/p>\n\n\n\n<p>El alcalde Jim\u00e9nez exhort\u00f3 a los residentes en el municipio Santo Domingo Este a respaldar de manera entusiasta los juegos de noviembre pr\u00f3ximo.&nbsp;<\/p>\n\n\n\n<p>Manifest\u00f3&nbsp;&nbsp;que la integraci\u00f3n de la poblaci\u00f3n del municipio y de todo el llamado Gran Santo Domingo constituir\u00eda un espaldarazo a la juventud sana, que es la gran mayor\u00eda, la cual procura por medio al deporte tener esparcimiento y crecimiento personal, como parte de su formaci\u00f3n integral.&nbsp;<\/p>\n","protected":false},"excerpt":{"rendered":"<p>&nbsp;Los IV Juegos Deportivos Municipales de Santo Domingo Este, correspondientes a este a\u00f1o, se celebrar\u00e1n del 7 al 25 de noviembre, anunci\u00f3 el alcalde Manuel Jim\u00e9nez.&nbsp; El principal funcionario de la alcald\u00eda del municipio m\u00e1s grande del pa\u00eds explic\u00f3 que en los juegos competir\u00e1n m\u00e1s de 7 mil atletas, representando nuevamente las 3 circunscripciones del [&hellip;]<\/p>\n","protected":false},"author":2,"featured_media":6394,"comment_status":"open","ping_status":"open","sticky":false,"template":"","format":"standard","meta":{"_bbp_topic_count":0,"_bbp_reply_count":0,"_bbp_total_topic_count":0,"_bbp_total_reply_count":0,"_bbp_voice_count":0,"_bbp_anonymous_reply_count":0,"_bbp_topic_count_hidden":0,"_bbp_reply_count_hidden":0,"_bbp_forum_subforum_count":0,"content-type":"","iawp_total_views":0,"footnotes":""},"categories":[123],"tags":[],"class_list":{"0":"post-6392","1":"post","2":"type-post","3":"status-publish","4":"format-standard","5":"has-post-thumbnail","7":"category-deportes"},"_links":{"self":[{"href":"https:\/\/influencias.do\/index.php\/wp-json\/wp\/v2\/posts\/6392","targetHints":{"allow":["GET"]}}],"collection":[{"href":"https:\/\/influencias.do\/index.php\/wp-json\/wp\/v2\/posts"}],"about":[{"href":"https:\/\/influencias.do\/index.php\/wp-json\/wp\/v2\/types\/post"}],"author":[{"embeddable":true,"href":"https:\/\/influencias.do\/index.php\/wp-json\/wp\/v2\/users\/2"}],"replies":[{"embeddable":true,"href":"https:\/\/influencias.do\/index.php\/wp-json\/wp\/v2\/comments?post=6392"}],"version-history":[{"count":0,"href":"https:\/\/influencias.do\/index.php\/wp-json\/wp\/v2\/posts\/6392\/revisions"}],"wp:featuredmedia":[{"embeddable":true,"href":"https:\/\/influencias.do\/index.php\/wp-json\/"}],"wp:attachment":[{"href":"https:\/\/influencias.do\/index.php\/wp-json\/wp\/v2\/media?parent=6392"}],"wp:term":[{"taxonomy":"category","embeddable":true,"href":"https:\/\/influencias.do\/index.php\/wp-json\/wp\/v2\/categories?post=6392"},{"taxonomy":"post_tag","embeddable":true,"href":"https:\/\/influencias.do\/index.php\/wp-json\/wp\/v2\/tags?post=6392"}],"curies":[{"name":"wp","href":"https:\/\/api.w.org\/{rel}","templated":true}]}}