{"id":63793,"date":"2026-05-01T18:00:57","date_gmt":"2026-05-01T18:00:57","guid":{"rendered":"https:\/\/influencias.do\/?p=63793"},"modified":"2026-05-01T18:00:57","modified_gmt":"2026-05-01T18:00:57","slug":"kylie-jenner-enfrenta-una-segunda-demanda-de-exempleada-por-acoso-y-discriminacion","status":"publish","type":"post","link":"https:\/\/influencias.do\/index.php\/2026\/05\/01\/kylie-jenner-enfrenta-una-segunda-demanda-de-exempleada-por-acoso-y-discriminacion\/","title":{"rendered":"Kylie Jenner enfrenta una segunda demanda de exempleada por acoso y discriminaci\u00f3n"},"content":{"rendered":"<p style=\"text-align: justify;\" data-mrf-recirculation=\"Links inline\">Una segunda exempleada demand\u00f3 a\u00a0<a title=\"https:\/\/www.infobae.com\/entretenimiento\/2026\/04\/21\/kylie-jenner-enfrenta-demanda-de-exempleada-por-presunta-discriminacion-laboral\/\" href=\"https:\/\/www.infobae.com\/entretenimiento\/2026\/04\/21\/kylie-jenner-enfrenta-demanda-de-exempleada-por-presunta-discriminacion-laboral\/\" target=\"_blank\" rel=\"noopener noreferrer\" data-mrf-link=\"https:\/\/www.infobae.com\/entretenimiento\/2026\/04\/21\/kylie-jenner-enfrenta-demanda-de-exempleada-por-presunta-discriminacion-laboral\/\">Kylie Jenner<\/a>\u00a0ante el Tribunal Superior del condado de Los \u00c1ngeles por presunto\u00a0acoso, discriminaci\u00f3n racial y falta de pago de salarios, en un caso que acumula 20 cargos contra la empresaria y figura televisiva.<\/p>\n<p style=\"text-align: justify;\" data-mrf-recirculation=\"Links inline\">La demanda se suma a otra presentada apenas d\u00edas antes por una situaci\u00f3n similar, lo que agrava el panorama legal de la empresaria y modelo.<\/p>\n<p style=\"text-align: justify;\" data-mrf-recirculation=\"Links inline\">La demandante,\u00a0Juana Delgado Soto, present\u00f3 la acci\u00f3n judicial el mi\u00e9rcoles en Los \u00c1ngeles. Seg\u00fan inform\u00f3\u00a0TMZ, los cargos incluyen acoso, discriminaci\u00f3n por raza, falta de pago de salarios y omisi\u00f3n en la prevenci\u00f3n o correcci\u00f3n del acoso.<\/p>\n<p style=\"text-align: justify;\" data-mrf-recirculation=\"Links inline\">Soto afirma haber comenzado a trabajar para Jenner en mayo de 2019 y se\u00f1ala que desde el inicio no se le otorgaron los descansos para comida y descanso correspondientes.<\/p>\n<p style=\"text-align: justify;\" data-mrf-recirculation=\"Links inline\">De acuerdo con la demanda, los problemas m\u00e1s graves comenzaron en 2023, cuando una supervisora identificada como\u00a0Itzel Sibrian comenz\u00f3 a burlarse de su acento extranjero y de su estatus migratorio.<\/p>\n<div style=\"text-align: justify;\"><picture><source srcset=\"https:\/\/www.infobae.com\/resizer\/v2\/ZNMTIJ5I7J72ATLVDESS4F2VDQ.jpg?auth=d9633ff7a9b21ac10ddee6f82d789d9b093085b0ca513ee8175f91db528cdb86&amp;smart=true&amp;width=992&amp;height=662&amp;quality=85\" media=\"(min-width: 1000px)\" \/><source srcset=\"https:\/\/www.infobae.com\/resizer\/v2\/ZNMTIJ5I7J72ATLVDESS4F2VDQ.jpg?auth=d9633ff7a9b21ac10ddee6f82d789d9b093085b0ca513ee8175f91db528cdb86&amp;smart=true&amp;width=768&amp;height=512&amp;quality=85\" media=\"(min-width: 768px)\" \/><source srcset=\"https:\/\/www.infobae.com\/resizer\/v2\/ZNMTIJ5I7J72ATLVDESS4F2VDQ.jpg?auth=d9633ff7a9b21ac10ddee6f82d789d9b093085b0ca513ee8175f91db528cdb86&amp;smart=true&amp;width=577&amp;height=385&amp;quality=85\" media=\"(min-width: 580px)\" \/><source srcset=\"https:\/\/www.infobae.com\/resizer\/v2\/ZNMTIJ5I7J72ATLVDESS4F2VDQ.jpg?auth=d9633ff7a9b21ac10ddee6f82d789d9b093085b0ca513ee8175f91db528cdb86&amp;smart=true&amp;width=420&amp;height=280&amp;quality=85\" media=\"(min-width: 350px)\" \/><source srcset=\"https:\/\/www.infobae.com\/resizer\/v2\/ZNMTIJ5I7J72ATLVDESS4F2VDQ.jpg?auth=d9633ff7a9b21ac10ddee6f82d789d9b093085b0ca513ee8175f91db528cdb86&amp;smart=true&amp;width=350&amp;height=233&amp;quality=85\" media=\"(min-width: 80px)\" \/><img loading=\"lazy\" loading=\"lazy\" decoding=\"async\" src=\"https:\/\/www.infobae.com\/resizer\/v2\/ZNMTIJ5I7J72ATLVDESS4F2VDQ.jpg?auth=d9633ff7a9b21ac10ddee6f82d789d9b093085b0ca513ee8175f91db528cdb86&amp;smart=true&amp;width=350&amp;height=233&amp;quality=85\" alt=\"El caso eleva a 20 los cargos legales acumulados contra Jenner por presuntas irregularidades laborales (REUTERS\/Andrew Kelly)\" width=\"7426\" height=\"4953\" \/><\/picture>El caso eleva a 20 los cargos legales acumulados contra Jenner por presuntas irregularidades laborales (REUTERS\/Andrew Kelly)<\/div>\n<p style=\"text-align: justify;\" data-mrf-recirculation=\"Links inline\">Seg\u00fan los documentos judiciales recogidos por\u00a0TMZ, Sibrian fue trasladada temporalmente a otro puesto tras las quejas de Soto, pero luego fue restituida en su cargo y, seg\u00fan la denunciante, comenz\u00f3 a tomar represalias:\u00a0le redujo el salario por hora, le asign\u00f3 tareas poco razonables y modific\u00f3 su horario sin justificaci\u00f3n.<\/p>\n<p style=\"text-align: justify;\" data-mrf-recirculation=\"Links inline\">La demanda describe adem\u00e1s un episodio puntual en el que Sibrian habr\u00eda amenazado a Soto con despedirla por no quedarse a trabajar hasta tarde el d\u00eda de su cumplea\u00f1os. De acuerdo a la informaci\u00f3n recogida por\u00a0TMZ, Sibrian le dijo: \u201cA nadie le importa tu cumplea\u00f1os, Kylie tiene una cena\u201d.<\/p>\n<p style=\"text-align: justify;\" data-mrf-recirculation=\"Links inline\">Ante la falta de respuesta de sus superiores directos, Soto decidi\u00f3 escribir una carta extensa dirigida a Jenner y la coloc\u00f3 sobre su cama de masajes, detallando el acoso y las represalias que dec\u00eda estar sufriendo.<\/p>\n<p style=\"text-align: justify;\" data-mrf-recirculation=\"Links inline\">La iniciativa, sin embargo, tuvo el efecto contrario al buscado. Seg\u00fan la demanda, Soto fue amenazada con ser despedida y se le orden\u00f3 que no volviera a contactar a Jenner.<\/p>\n<p style=\"text-align: justify;\" data-mrf-recirculation=\"Links inline\">Los documentos judiciales precisan que le comunicaron que\u00a0ya no ten\u00eda permitido \u201cmirar a Kylie\u201c, \u201csonre\u00edrle a Kylie\u201d y que, si la ve\u00eda, deb\u00eda \u201cdesaparecer\u201d. Jenner no es acusada directamente de ninguna conducta de acoso en la demanda.<\/p>\n<div style=\"text-align: justify;\"><picture><source srcset=\"https:\/\/www.infobae.com\/resizer\/v2\/6ZGLGTXEPRA5ZEUN6ANM2J52UA.jpg?auth=1187b4495fc016015372e39bd72e58d30b3a48f1cd7596ee92b6c1254dedb7c9&amp;smart=true&amp;width=992&amp;height=558&amp;quality=85\" media=\"(min-width: 1000px)\" \/><source srcset=\"https:\/\/www.infobae.com\/resizer\/v2\/6ZGLGTXEPRA5ZEUN6ANM2J52UA.jpg?auth=1187b4495fc016015372e39bd72e58d30b3a48f1cd7596ee92b6c1254dedb7c9&amp;smart=true&amp;width=768&amp;height=432&amp;quality=85\" media=\"(min-width: 768px)\" \/><source srcset=\"https:\/\/www.infobae.com\/resizer\/v2\/6ZGLGTXEPRA5ZEUN6ANM2J52UA.jpg?auth=1187b4495fc016015372e39bd72e58d30b3a48f1cd7596ee92b6c1254dedb7c9&amp;smart=true&amp;width=577&amp;height=325&amp;quality=85\" media=\"(min-width: 580px)\" \/><source srcset=\"https:\/\/www.infobae.com\/resizer\/v2\/6ZGLGTXEPRA5ZEUN6ANM2J52UA.jpg?auth=1187b4495fc016015372e39bd72e58d30b3a48f1cd7596ee92b6c1254dedb7c9&amp;smart=true&amp;width=420&amp;height=236&amp;quality=85\" media=\"(min-width: 350px)\" \/><source srcset=\"https:\/\/www.infobae.com\/resizer\/v2\/6ZGLGTXEPRA5ZEUN6ANM2J52UA.jpg?auth=1187b4495fc016015372e39bd72e58d30b3a48f1cd7596ee92b6c1254dedb7c9&amp;smart=true&amp;width=350&amp;height=197&amp;quality=85\" media=\"(min-width: 80px)\" \/><img loading=\"lazy\" loading=\"lazy\" decoding=\"async\" src=\"https:\/\/www.infobae.com\/resizer\/v2\/6ZGLGTXEPRA5ZEUN6ANM2J52UA.jpg?auth=1187b4495fc016015372e39bd72e58d30b3a48f1cd7596ee92b6c1254dedb7c9&amp;smart=true&amp;width=350&amp;height=197&amp;quality=85\" alt=\"Kylie Jenner vacaciones en Grecia\" width=\"1920\" height=\"1080\" \/><\/picture>La denuncia se\u00f1ala que V\u00e1squez sufri\u00f3 ataques verbales y f\u00edsicos, lo que la llev\u00f3 a renunciar ante la falta de respuesta a sus reclamos (Instagram\/@kyliejenner)<\/div>\n<p style=\"text-align: justify;\" data-mrf-recirculation=\"Links inline\">TMZ\u00a0intent\u00f3 obtener una declaraci\u00f3n de la representante de\u00a0Kylie Jenner, pero hasta el momento de la publicaci\u00f3n no hab\u00eda recibido respuesta.<\/p>\n<p style=\"text-align: justify;\" data-mrf-recirculation=\"Links inline\">Este caso se produce una semana despu\u00e9s de que otra exempleada dom\u00e9stica,\u00a0Ang\u00e9lica V\u00e1squez, de origen salvadore\u00f1o, presentara una demanda separada contra Jenner por discriminaci\u00f3n laboral.<\/p>\n<p style=\"text-align: justify;\" data-mrf-recirculation=\"Links inline\">Seg\u00fan documentos legales citados por\u00a0TMZ, V\u00e1squez comenz\u00f3 a trabajar el 10 de septiembre de 2024 en la residencia de Jenner en Beverly Hills y fue trasladada poco despu\u00e9s a otra propiedad en Hidden Hills.<\/p>\n<p style=\"text-align: justify;\" data-mrf-recirculation=\"Links inline\">All\u00ed, seg\u00fan su denuncia, fue sometida a\u00a0\u201cacoso severo y constante\u201d por parte de supervisoras identificadas como Elsi y Patsy, quienes la habr\u00edan humillado frente a sus compa\u00f1eros por su raza, su origen nacional y sus creencias religiosas.<\/p>\n<p style=\"text-align: justify;\" data-mrf-recirculation=\"Links inline\">V\u00e1squez, quien se identifica como cat\u00f3lica, afirma haber escuchado frases como\u00a0\u201clos cat\u00f3licos son personas horribles\u201d y se\u00f1ala que en una ocasi\u00f3n una supervisora le arroj\u00f3 ganchos de ropa durante una reprimenda. Renunci\u00f3 en agosto de 2025, alegando que sus quejas nunca fueron atendidas.<\/p>\n<div style=\"text-align: justify;\"><picture><source srcset=\"https:\/\/www.infobae.com\/resizer\/v2\/TAB3VI5O6RGADJTM5ZBXOTN5KU.jpeg?auth=a3551878197ee04fe8be1c0f4e958ac8cfac563b36660d12fc06b7ba5dd2911b&amp;smart=true&amp;width=992&amp;height=677&amp;quality=85\" media=\"(min-width: 1000px)\" \/><source srcset=\"https:\/\/www.infobae.com\/resizer\/v2\/TAB3VI5O6RGADJTM5ZBXOTN5KU.jpeg?auth=a3551878197ee04fe8be1c0f4e958ac8cfac563b36660d12fc06b7ba5dd2911b&amp;smart=true&amp;width=768&amp;height=524&amp;quality=85\" media=\"(min-width: 768px)\" \/><source srcset=\"https:\/\/www.infobae.com\/resizer\/v2\/TAB3VI5O6RGADJTM5ZBXOTN5KU.jpeg?auth=a3551878197ee04fe8be1c0f4e958ac8cfac563b36660d12fc06b7ba5dd2911b&amp;smart=true&amp;width=577&amp;height=394&amp;quality=85\" media=\"(min-width: 580px)\" \/><source srcset=\"https:\/\/www.infobae.com\/resizer\/v2\/TAB3VI5O6RGADJTM5ZBXOTN5KU.jpeg?auth=a3551878197ee04fe8be1c0f4e958ac8cfac563b36660d12fc06b7ba5dd2911b&amp;smart=true&amp;width=420&amp;height=287&amp;quality=85\" media=\"(min-width: 350px)\" \/><source srcset=\"https:\/\/www.infobae.com\/resizer\/v2\/TAB3VI5O6RGADJTM5ZBXOTN5KU.jpeg?auth=a3551878197ee04fe8be1c0f4e958ac8cfac563b36660d12fc06b7ba5dd2911b&amp;smart=true&amp;width=350&amp;height=239&amp;quality=85\" media=\"(min-width: 80px)\" \/><img loading=\"lazy\" loading=\"lazy\" decoding=\"async\" src=\"https:\/\/www.infobae.com\/resizer\/v2\/TAB3VI5O6RGADJTM5ZBXOTN5KU.jpeg?auth=a3551878197ee04fe8be1c0f4e958ac8cfac563b36660d12fc06b7ba5dd2911b&amp;smart=true&amp;width=350&amp;height=239&amp;quality=85\" alt=\"Kylie Jenner\" width=\"633\" height=\"432\" \/><\/picture>A pesar de enfrentar m\u00faltiples cargos legales, Kylie Jenner mantiene alta visibilidad en eventos p\u00fablicos y redes sociales, sin pronunciarse sobre los casos (Instagram)<\/div>\n<p style=\"text-align: justify;\" data-mrf-recirculation=\"Links inline\">En el caso de\u00a0Ang\u00e9lica\u00a0V\u00e1squez, fuentes cercanas al entorno de\u00a0Kylie\u00a0Jenner\u00a0ofrecieron a\u00a0TMZ\u00a0una versi\u00f3n distinta: seg\u00fan esos informantes, la exempleada era una trabajadora de nivel inicial con problemas de asistencia y otras dificultades relacionadas con su desempe\u00f1o. Jenner tampoco se ha pronunciado p\u00fablicamente sobre esa demanda.<\/p>\n<p style=\"text-align: justify;\" data-mrf-recirculation=\"Links inline\">Ambos casos se tramitan en Los \u00c1ngeles y podr\u00edan avanzar en las pr\u00f3ximas semanas.<\/p>\n<p style=\"text-align: justify;\" data-mrf-recirculation=\"Links inline\">La situaci\u00f3n legal de la socialit\u00e9 contrasta con su visible presencia p\u00fablica reciente: la empresaria particip\u00f3 en los dos fines de semana del festival Coachella, donde comparti\u00f3 im\u00e1genes en redes sociales luciendo prendas de su marca Khy.<\/p>\n<p style=\"text-align: justify;\" data-mrf-recirculation=\"Links inline\">Infobae<\/p>\n","protected":false},"excerpt":{"rendered":"<p>Una segunda exempleada demand\u00f3 a\u00a0Kylie Jenner\u00a0ante el Tribunal Superior del condado de Los \u00c1ngeles por presunto\u00a0acoso, discriminaci\u00f3n racial y falta de pago de salarios, en un caso que acumula 20 cargos contra la empresaria y figura televisiva. La demanda se suma a otra presentada apenas d\u00edas antes por una situaci\u00f3n similar, lo que agrava el [&hellip;]<\/p>\n","protected":false},"author":1,"featured_media":63794,"comment_status":"open","ping_status":"open","sticky":false,"template":"","format":"standard","meta":{"_bbp_topic_count":0,"_bbp_reply_count":0,"_bbp_total_topic_count":0,"_bbp_total_reply_count":0,"_bbp_voice_count":0,"_bbp_anonymous_reply_count":0,"_bbp_topic_count_hidden":0,"_bbp_reply_count_hidden":0,"_bbp_forum_subforum_count":0,"content-type":"","iawp_total_views":0,"footnotes":""},"categories":[125],"tags":[5077],"class_list":{"0":"post-63793","1":"post","2":"type-post","3":"status-publish","4":"format-standard","5":"has-post-thumbnail","7":"category-arte-y-espectaculos","8":"tag-kylie-jenner"},"_links":{"self":[{"href":"https:\/\/influencias.do\/index.php\/wp-json\/wp\/v2\/posts\/63793","targetHints":{"allow":["GET"]}}],"collection":[{"href":"https:\/\/influencias.do\/index.php\/wp-json\/wp\/v2\/posts"}],"about":[{"href":"https:\/\/influencias.do\/index.php\/wp-json\/wp\/v2\/types\/post"}],"author":[{"embeddable":true,"href":"https:\/\/influencias.do\/index.php\/wp-json\/wp\/v2\/users\/1"}],"replies":[{"embeddable":true,"href":"https:\/\/influencias.do\/index.php\/wp-json\/wp\/v2\/comments?post=63793"}],"version-history":[{"count":1,"href":"https:\/\/influencias.do\/index.php\/wp-json\/wp\/v2\/posts\/63793\/revisions"}],"predecessor-version":[{"id":63795,"href":"https:\/\/influencias.do\/index.php\/wp-json\/wp\/v2\/posts\/63793\/revisions\/63795"}],"wp:featuredmedia":[{"embeddable":true,"href":"https:\/\/influencias.do\/index.php\/wp-json\/wp\/v2\/media\/63794"}],"wp:attachment":[{"href":"https:\/\/influencias.do\/index.php\/wp-json\/wp\/v2\/media?parent=63793"}],"wp:term":[{"taxonomy":"category","embeddable":true,"href":"https:\/\/influencias.do\/index.php\/wp-json\/wp\/v2\/categories?post=63793"},{"taxonomy":"post_tag","embeddable":true,"href":"https:\/\/influencias.do\/index.php\/wp-json\/wp\/v2\/tags?post=63793"}],"curies":[{"name":"wp","href":"https:\/\/api.w.org\/{rel}","templated":true}]}}