{"id":63787,"date":"2026-05-01T15:45:12","date_gmt":"2026-05-01T15:45:12","guid":{"rendered":"https:\/\/influencias.do\/?p=63787"},"modified":"2026-05-01T15:45:12","modified_gmt":"2026-05-01T15:45:12","slug":"mp-solicitara-prision-preventiva-contra-hombre-que-choco-vehiculo-digesett-en-pedro-brand","status":"publish","type":"post","link":"https:\/\/influencias.do\/index.php\/2026\/05\/01\/mp-solicitara-prision-preventiva-contra-hombre-que-choco-vehiculo-digesett-en-pedro-brand\/","title":{"rendered":"MP solicitar\u00e1 prisi\u00f3n preventiva contra hombre que choc\u00f3 veh\u00edculo Digesett en Pedro Brand  \u00a0"},"content":{"rendered":"<p style=\"text-align: justify;\"><span lang=\"ES-DO\">SANTO DOMINGO.-<\/span><span lang=\"ES-DO\">\u00a0El Ministerio P\u00fablico someter\u00e1 a la justicia y solicitar\u00e1 la imposici\u00f3n de prisi\u00f3n preventiva en contra de un hombre que atropell\u00f3 a una unidad m\u00f3vil de la Direcci\u00f3n General de Seguridad de Tr\u00e1nsito y Transporte Terrestre (Digesett) cuando dos agentes que iban a bordo de esta le pidieron detenerse por cometer varias infracciones de tr\u00e1nsito mientras se desplazaba en un cami\u00f3n por el municipio de Pedro Brand.<\/span><\/p>\n<p style=\"text-align: justify;\"><span lang=\"ES-DO\">\u00a0<\/span><span lang=\"ES-DO\">La medida ser\u00e1 solicitada contra Asbel Jos\u00e9 S\u00e1nchez Novas, arrestado en flagrante delito luego de chocar la unidad m\u00f3vil en la que viajaba el capit\u00e1n Wilkin Gonz\u00e1lez Moreno y el sargento Di\u00f3genes Mart\u00ednez Yan, ambos miembros de la Polic\u00eda Nacional, adscritos a la Digesett.<\/span><\/p>\n<p style=\"text-align: justify;\"><span lang=\"ES-DO\">\u00a0<\/span><span lang=\"ES-DO\">De acuerdo con la investigaci\u00f3n de la fiscal Yessica Dur\u00e1n, el hecho ocurri\u00f3 en el tramo II de la Circunvalaci\u00f3n, del referido municipio, el 28 de abril, cuando los agentes le pidieron al procesado que detuviera el cami\u00f3n que conduc\u00eda por cometer varias infracciones de tr\u00e1nsito como el uso del celular, un cristal roto, no uso del cintur\u00f3n y franjas invisibles.<\/span><\/p>\n<p style=\"text-align: justify;\"><span lang=\"ES-DO\">\u00a0<\/span><span lang=\"ES-DO\">No obstante, cuando los agentes le hicieron cuatro se\u00f1alamientos e intentaron detenerlo tratando de adelantar la unidad m\u00f3vil, ficha 573, del veh\u00edculo Mitsubishi, rotulada con la identificaci\u00f3n de la instituci\u00f3n Digesett, frente al cami\u00f3n, el imputado en vez de acatar la orden de parada, atropell\u00f3 la camioneta con los agentes a bordo, impactando y caus\u00e1ndole da\u00f1os al veh\u00edculo, quedando estos hechos captados por la c\u00e1mara de un ciudadano que grab\u00f3 los hechos con su tel\u00e9fono celular y que luego lo subi\u00f3 a sus redes sociales.<\/span><\/p>\n<p style=\"text-align: justify;\"><span lang=\"ES-DO\">\u00a0<\/span><span lang=\"ES-DO\">Los hechos cometidos por el procesado han sido calificados de manera provisional como violaci\u00f3n a los art\u00edculos 209, 2-95, 304 y 479 del C\u00f3digo Penal Dominicano.<\/span><\/p>\n<p style=\"text-align: justify;\"><span lang=\"ES-DO\">\u00a0<\/span><span lang=\"ES-DO\">A trav\u00e9s de un comunicado de prensa, el \u00f3rgano persecutor inform\u00f3 que en las pr\u00f3ximas horas el imputado ser\u00e1 presentado ante la Oficina Judicial de Servicios de Atenci\u00f3n Permanente de Santo Domingo Oeste para el conocimiento de la medida de coerci\u00f3n. <\/span><\/p>\n<p style=\"text-align: justify;\"><span lang=\"ES-DO\">El imputado se encuentra detenido en el destacamento policial de Las Caoba hasta que se conozca la solicitud de medida de coerci\u00f3n.<\/span><\/p>\n","protected":false},"excerpt":{"rendered":"<p>SANTO DOMINGO.-\u00a0El Ministerio P\u00fablico someter\u00e1 a la justicia y solicitar\u00e1 la imposici\u00f3n de prisi\u00f3n preventiva en contra de un hombre que atropell\u00f3 a una unidad m\u00f3vil de la Direcci\u00f3n General de Seguridad de Tr\u00e1nsito y Transporte Terrestre (Digesett) cuando dos agentes que iban a bordo de esta le pidieron detenerse por cometer varias infracciones de [&hellip;]<\/p>\n","protected":false},"author":1,"featured_media":63788,"comment_status":"open","ping_status":"open","sticky":false,"template":"","format":"standard","meta":{"_bbp_topic_count":0,"_bbp_reply_count":0,"_bbp_total_topic_count":0,"_bbp_total_reply_count":0,"_bbp_voice_count":0,"_bbp_anonymous_reply_count":0,"_bbp_topic_count_hidden":0,"_bbp_reply_count_hidden":0,"_bbp_forum_subforum_count":0,"content-type":"","iawp_total_views":0,"footnotes":""},"categories":[108,105],"tags":[],"class_list":{"0":"post-63787","1":"post","2":"type-post","3":"status-publish","4":"format-standard","5":"has-post-thumbnail","7":"category-mas-vistas","8":"category-nacionales"},"_links":{"self":[{"href":"https:\/\/influencias.do\/index.php\/wp-json\/wp\/v2\/posts\/63787","targetHints":{"allow":["GET"]}}],"collection":[{"href":"https:\/\/influencias.do\/index.php\/wp-json\/wp\/v2\/posts"}],"about":[{"href":"https:\/\/influencias.do\/index.php\/wp-json\/wp\/v2\/types\/post"}],"author":[{"embeddable":true,"href":"https:\/\/influencias.do\/index.php\/wp-json\/wp\/v2\/users\/1"}],"replies":[{"embeddable":true,"href":"https:\/\/influencias.do\/index.php\/wp-json\/wp\/v2\/comments?post=63787"}],"version-history":[{"count":1,"href":"https:\/\/influencias.do\/index.php\/wp-json\/wp\/v2\/posts\/63787\/revisions"}],"predecessor-version":[{"id":63789,"href":"https:\/\/influencias.do\/index.php\/wp-json\/wp\/v2\/posts\/63787\/revisions\/63789"}],"wp:featuredmedia":[{"embeddable":true,"href":"https:\/\/influencias.do\/index.php\/wp-json\/wp\/v2\/media\/63788"}],"wp:attachment":[{"href":"https:\/\/influencias.do\/index.php\/wp-json\/wp\/v2\/media?parent=63787"}],"wp:term":[{"taxonomy":"category","embeddable":true,"href":"https:\/\/influencias.do\/index.php\/wp-json\/wp\/v2\/categories?post=63787"},{"taxonomy":"post_tag","embeddable":true,"href":"https:\/\/influencias.do\/index.php\/wp-json\/wp\/v2\/tags?post=63787"}],"curies":[{"name":"wp","href":"https:\/\/api.w.org\/{rel}","templated":true}]}}