{"id":63731,"date":"2026-04-28T15:14:28","date_gmt":"2026-04-28T15:14:28","guid":{"rendered":"https:\/\/influencias.do\/?p=63731"},"modified":"2026-04-28T15:14:28","modified_gmt":"2026-04-28T15:14:28","slug":"apresan-a-el-jardinero-un-presunto-nuevo-lider-del-cartel-jalisco-nueva-generacion","status":"publish","type":"post","link":"https:\/\/influencias.do\/index.php\/2026\/04\/28\/apresan-a-el-jardinero-un-presunto-nuevo-lider-del-cartel-jalisco-nueva-generacion\/","title":{"rendered":"Apresan a &#8220;El Jardinero&#8221;, un presunto nuevo l\u00edder del Cartel Jalisco Nueva Generaci\u00f3n"},"content":{"rendered":"<p>El secretario de Seguridad y Protecci\u00f3n Ciudadana (SSPC) de M\u00e9xico, Omar Garc\u00eda Harfuch, anunci\u00f3 este lunes la detenci\u00f3n de Audias Flores Silva, alias El Jardinero, identificado por autoridades estadounidenses como uno de los dirigentes del Cartel Jalisco Nueva Generaci\u00f3n (CJNG) y por quien se ofrec\u00eda una recompensa de cinco millones de d\u00f3lares.<\/p>\n<p>El arresto ocurri\u00f3 en el estado de Nayarit (oeste), en una regi\u00f3n con fuerte presencia del CJNG, a dos meses de la muerte en un operativo militar del capo Nemesio Oseguera Cervantes, alias El Mencho, de quien se consideraba su posible sucesor.<\/p>\n<p>Garc\u00eda Harfuch explic\u00f3 que el detenido cuenta con una orden de aprehensi\u00f3n en M\u00e9xico y es requerido por autoridades de Estados Unidos con fines de extradici\u00f3n.<\/p>\n<p>\u00abPor su captura, el gobierno estadounidense ofrec\u00eda una recompensa de 5 millones de d\u00f3lares\u00bb, mencion\u00f3 en un breve mensaje en su cuenta de X.<\/p>\n<p>La operaci\u00f3n fue \u00abplaneada, desarrollada y ejecutada\u00bb por personal de la Secretar\u00eda de Marina (Semar), se\u00f1al\u00f3 el funcionario.<\/p>\n<p>El Gobierno del estado mexicano de Nayarit llam\u00f3 a la ciudadan\u00eda a no salir de casa debido a una serie de violentos bloqueos que se han desatado tras la captura de alias El Jardinero. Adem\u00e1s, exhort\u00f3 a trav\u00e9s de un comunicado \u00aba los ciudadanos a mantenerse informados a trav\u00e9s de canales oficiales, evitar la difusi\u00f3n de rumores y, de manera preventiva, permanecer en sus casas y limitar traslados mientras siguen las acciones de seguridad en la regi\u00f3n\u00bb.<\/p>\n<h2 id=\"h-control-territorial\" class=\"wp-block-heading\">Control territorial<\/h2>\n<p>En abril de 2021, el Gobierno de EE.UU. anunci\u00f3 sanciones contra Flores Silva, a quien identific\u00f3 como uno de los dirigentes regionales del CJNG.<\/p>\n<p>Flores Silva, de 45 a\u00f1os, tambi\u00e9n ha sido se\u00f1alado como jefe se seguridad de Oseguera Cervantes, seg\u00fan reportes de medios que citan a la Administraci\u00f3n para el Control de Drogas (DEA, en ingl\u00e9s).<\/p>\n<figure class=\"wp-block-image size-full\"><img loading=\"lazy\" loading=\"lazy\" decoding=\"async\" class=\"wp-image-2641431\" src=\"https:\/\/i0.wp.com\/efe.com\/wp-content\/uploads\/2026\/04\/jalisco.webp?resize=900%2C600&amp;ssl=1\" sizes=\"auto, (max-width: 900px) 100vw, 900px\" srcset=\"https:\/\/i0.wp.com\/efe.com\/wp-content\/uploads\/2026\/04\/jalisco.webp?w=900&amp;ssl=1 900w, https:\/\/i0.wp.com\/efe.com\/wp-content\/uploads\/2026\/04\/jalisco.webp?resize=300%2C200&amp;ssl=1 300w, https:\/\/i0.wp.com\/efe.com\/wp-content\/uploads\/2026\/04\/jalisco.webp?resize=768%2C512&amp;ssl=1 768w, https:\/\/i0.wp.com\/efe.com\/wp-content\/uploads\/2026\/04\/jalisco.webp?resize=430%2C286&amp;ssl=1 430w\" alt=\"El Jardinero\" width=\"900\" height=\"600\" data-recalc-dims=\"1\" \/><figcaption class=\"wp-element-caption\">Integrantes de la Guardia Nacional y del Ejercito de M\u00e9xico, Jalisco (M\u00e9xico). EFE\/ Francisco Guasco<\/figcaption><\/figure>\n<p>El Departamento del Tesoro estadounidense afirm\u00f3 entonces que controlaba amplias zonas del Pac\u00edfico mexicano, incluido Nayarit, y lo se\u00f1al\u00f3 de traficar con grandes cantidades de opi\u00e1ceos y coca\u00edna.<\/p>\n<p>Tambi\u00e9n fue imputado en EE.UU. por conspiraci\u00f3n para distribuir coca\u00edna y hero\u00edna, as\u00ed como por delitos con armas de fuego.<\/p>\n<p>Posteriormente, en junio de 2025, El Jardinero volvi\u00f3 a ser incluido en un paquete de sanciones contra altos mandos del CJNG, donde se le vincul\u00f3 con la operaci\u00f3n de laboratorios clandestinos de metanfetamina.<\/p>\n<h2 id=\"h-seguimiento-e-inteligencia\" class=\"wp-block-heading\">Seguimiento e inteligencia<\/h2>\n<p>En febrero pasado,\u00a0<a href=\"https:\/\/efe.com\/foto-del-dia\/2026-02-23\/caos-violencia-mexico-muerte-mencho\/\">tras la muerte de El Mencho<\/a>, fundador del CJNG, especialistas se\u00f1alaron al ahora detenido como parte de un grupo de l\u00edderes que qued\u00f3 al frente del cartel.<\/p>\n<p>Autoridades mexicanas indicaron que la detenci\u00f3n ocurri\u00f3 tras 19 meses de seguimiento y trabajos de inteligencia, as\u00ed como del intercambio de informaci\u00f3n con agencias estadounidenses.<\/p>\n<p>Tambi\u00e9n destacaron que Flores Silva cuenta con orden de extradici\u00f3n por el delito de asociaci\u00f3n delictuosa contra la salud y portaci\u00f3n de arma de fuego, solicitada por Estados Unidos y tiene una orden de reaprehensi\u00f3n de 2024 por homicidio.<\/p>\n<p>Las agencias de Seguridad mexicana apuntaron que se tiene conocimiento que el ahora detenido \u00abcontrolaba laboratorios de metanfetamina, pistas clandestinas y avionetas, camiones de carga y veh\u00edculos de pasajeros para transportar coca\u00edna, hero\u00edna\u00bb y otras drogas desde Centroam\u00e9rica a M\u00e9xico y posteriormente a c\u00e9lulas de distribuci\u00f3n en varios estados de Estados Unidos en los estados de California, Texas, Illinois, Georgia, Washington y Virginia.<\/p>\n<h2 id=\"h-arrestan-a-presunto-operador-financiero\" class=\"wp-block-heading\">Arrestan a presunto operador financiero<\/h2>\n<p>Fuerzas Especiales del Ej\u00e9rcito mexicano y de la Guardia Nacional capturaron este lunes a C\u00e9sar Alejandro \u2018N\u2019, alias El G\u00fcero Conta, identificado como presunto operador financiero de Audias Flores Silva, alias El Jardinero, capturado horas antes, se\u00f1alado como uno de los dirigentes del CJNG y por quien se ofrec\u00eda una recompensa de cinco millones de d\u00f3lares.<\/p>\n<p>\u00abEl d\u00eda de hoy en Zapopan, Jalisco (oeste) Fuerzas Especiales del Ej\u00e9rcito mexicano y de la Guardia Nacional detuvieron a C\u00e9sar Alejandro \u2018N\u2019, alias \u2018El G\u00fcero Conta\u2019, identificado como operador financiero de Audias Flores Silva, alias \u2018El Jardinero\u2019, jefe regional del CJNG\u2019, indic\u00f3 en un mensaje en redes sociales el secretario de Seguridad y Protecci\u00f3n Ciudadana (SSPC) de M\u00e9xico, Omar Garc\u00eda Harfuch<\/p>\n<p>Agreg\u00f3 que El G\u00fcero Conta es se\u00f1alado por lavar recursos provenientes de actividades il\u00edcitas mediante empresas y prestanombres, as\u00ed como por adquirir aeronaves, embarcaciones, casas, ranchos e invertir en productoras de tequila.<\/p>\n<p>\u00abEsta detenci\u00f3n representa un golpe importante a la estructura financiera de dicho grupo criminal\u00bb, apunt\u00f3 Garc\u00eda Harfuch y se\u00f1al\u00f3 que las instituciones del Gabinete de Seguridad mantienen acciones permanentes \u00abpara debilitar a las organizaciones delictivas y llevar ante la justicia a quienes generan violencia\u00bb.<\/p>\n<h2 id=\"h-detienen-a-alias-metro-9\" class=\"wp-block-heading\">Detienen a alias \u2018Metro 9\u2019<\/h2>\n<p>Los agentes de las fuerzas de seguridad tambi\u00e9n detuvieron en el estado de Tamaulipas (noroeste) a Alexander \u2018N\u2019, identificado como el l\u00edder de una facci\u00f3n del Cartel del Golfo, designado como grupo terrorista por Estados Unidos, en un operativo que fue respondido por el crimen organizado con bloqueos viales e incendios.<\/p>\n<p>A trav\u00e9s de sus redes sociales, la Vocer\u00eda de Seguridad estatal inform\u00f3 de que agentes federales de la SSPC arrestaron a este individuo, calificado de \u00abobjetivo prioritario\u00bb, en un domicilio en el municipio de Reynosa, fronterizo con EEUU.<\/p>\n<p>El detenido, conocido por el sobrenombre de \u2018Metro 9\u2019, ser\u00eda el l\u00edder del grupo criminal Los Metros, uno de los brazos armados del Cartel del Golfo, seg\u00fan detallaron medios locales.<\/p>\n<p>EFE<\/p>\n","protected":false},"excerpt":{"rendered":"<p>El secretario de Seguridad y Protecci\u00f3n Ciudadana (SSPC) de M\u00e9xico, Omar Garc\u00eda Harfuch, anunci\u00f3 este lunes la detenci\u00f3n de Audias Flores Silva, alias El Jardinero, identificado por autoridades estadounidenses como uno de los dirigentes del Cartel Jalisco Nueva Generaci\u00f3n (CJNG) y por quien se ofrec\u00eda una recompensa de cinco millones de d\u00f3lares. El arresto ocurri\u00f3 [&hellip;]<\/p>\n","protected":false},"author":1,"featured_media":63732,"comment_status":"open","ping_status":"open","sticky":false,"template":"","format":"standard","meta":{"_bbp_topic_count":0,"_bbp_reply_count":0,"_bbp_total_topic_count":0,"_bbp_total_reply_count":0,"_bbp_voice_count":0,"_bbp_anonymous_reply_count":0,"_bbp_topic_count_hidden":0,"_bbp_reply_count_hidden":0,"_bbp_forum_subforum_count":0,"content-type":"","iawp_total_views":0,"footnotes":""},"categories":[109],"tags":[],"class_list":{"0":"post-63731","1":"post","2":"type-post","3":"status-publish","4":"format-standard","5":"has-post-thumbnail","7":"category-internacionales"},"_links":{"self":[{"href":"https:\/\/influencias.do\/index.php\/wp-json\/wp\/v2\/posts\/63731","targetHints":{"allow":["GET"]}}],"collection":[{"href":"https:\/\/influencias.do\/index.php\/wp-json\/wp\/v2\/posts"}],"about":[{"href":"https:\/\/influencias.do\/index.php\/wp-json\/wp\/v2\/types\/post"}],"author":[{"embeddable":true,"href":"https:\/\/influencias.do\/index.php\/wp-json\/wp\/v2\/users\/1"}],"replies":[{"embeddable":true,"href":"https:\/\/influencias.do\/index.php\/wp-json\/wp\/v2\/comments?post=63731"}],"version-history":[{"count":1,"href":"https:\/\/influencias.do\/index.php\/wp-json\/wp\/v2\/posts\/63731\/revisions"}],"predecessor-version":[{"id":63733,"href":"https:\/\/influencias.do\/index.php\/wp-json\/wp\/v2\/posts\/63731\/revisions\/63733"}],"wp:featuredmedia":[{"embeddable":true,"href":"https:\/\/influencias.do\/index.php\/wp-json\/wp\/v2\/media\/63732"}],"wp:attachment":[{"href":"https:\/\/influencias.do\/index.php\/wp-json\/wp\/v2\/media?parent=63731"}],"wp:term":[{"taxonomy":"category","embeddable":true,"href":"https:\/\/influencias.do\/index.php\/wp-json\/wp\/v2\/categories?post=63731"},{"taxonomy":"post_tag","embeddable":true,"href":"https:\/\/influencias.do\/index.php\/wp-json\/wp\/v2\/tags?post=63731"}],"curies":[{"name":"wp","href":"https:\/\/api.w.org\/{rel}","templated":true}]}}