{"id":63707,"date":"2026-04-27T17:39:42","date_gmt":"2026-04-27T17:39:42","guid":{"rendered":"https:\/\/influencias.do\/?p=63707"},"modified":"2026-04-27T17:39:42","modified_gmt":"2026-04-27T17:39:42","slug":"avanzada-del-presidente-sufre-accidente-en-puerto-plata","status":"publish","type":"post","link":"https:\/\/influencias.do\/index.php\/2026\/04\/27\/avanzada-del-presidente-sufre-accidente-en-puerto-plata\/","title":{"rendered":"Avanzada del presidente sufre accidente en Puerto Plata"},"content":{"rendered":"<p>El Cuerpo de Seguridad Presidencial (CUSEP) inform\u00f3 que la ma\u00f1ana de este lunes, se produjo un accidente de tr\u00e1nsito en el tramo carretero Maim\u00f3n\u2013Puerto Plata, mientras personal de la avanzada presidencial se trasladaba hacia una actividad oficial en la provincia de Puerto Plata.<\/p>\n<p>En el hecho estuvieron involucrados dos veh\u00edculos, una unidad oficial asignada a la escolta presidencial y un veh\u00edculo civil.<\/p>\n<div style=\"width: 854px;\" class=\"wp-video\"><video class=\"wp-video-shortcode\" id=\"video-63707-1\" width=\"854\" height=\"480\" preload=\"metadata\" controls=\"controls\"><source type=\"video\/mp4\" src=\"https:\/\/influencias.do\/wp-content\/uploads\/2026\/04\/clideo_editor_6dfea4a8edb0405fac5a376e79d2d0ef.mp4?_=1\" \/><a href=\"https:\/\/influencias.do\/wp-content\/uploads\/2026\/04\/clideo_editor_6dfea4a8edb0405fac5a376e79d2d0ef.mp4\">https:\/\/influencias.do\/wp-content\/uploads\/2026\/04\/clideo_editor_6dfea4a8edb0405fac5a376e79d2d0ef.mp4<\/a><\/video><\/div>\n<p>Como resultado del accidente, dos miembros de la escolta presidencial y un ciudadano civil presentaron traumas diversos. Los afectados fueron asistidos de inmediato y trasladados a los centros de salud m\u00e1s cercanos, donde reciben las atenciones m\u00e9dicas correspondientes.<\/p>\n<p>En el comunicado se precisa que el presidente Luis Abinader no se desplazaba en dicha caravana al momento del incidente.<\/p>\n","protected":false},"excerpt":{"rendered":"<p>El Cuerpo de Seguridad Presidencial (CUSEP) inform\u00f3 que la ma\u00f1ana de este lunes, se produjo un accidente de tr\u00e1nsito en el tramo carretero Maim\u00f3n\u2013Puerto Plata, mientras personal de la avanzada presidencial se trasladaba hacia una actividad oficial en la provincia de Puerto Plata. En el hecho estuvieron involucrados dos veh\u00edculos, una unidad oficial asignada a [&hellip;]<\/p>\n","protected":false},"author":1,"featured_media":63710,"comment_status":"open","ping_status":"open","sticky":false,"template":"","format":"standard","meta":{"_bbp_topic_count":0,"_bbp_reply_count":0,"_bbp_total_topic_count":0,"_bbp_total_reply_count":0,"_bbp_voice_count":0,"_bbp_anonymous_reply_count":0,"_bbp_topic_count_hidden":0,"_bbp_reply_count_hidden":0,"_bbp_forum_subforum_count":0,"content-type":"","iawp_total_views":0,"footnotes":""},"categories":[108,1],"tags":[],"class_list":{"0":"post-63707","1":"post","2":"type-post","3":"status-publish","4":"format-standard","5":"has-post-thumbnail","7":"category-mas-vistas","8":"category-portada"},"_links":{"self":[{"href":"https:\/\/influencias.do\/index.php\/wp-json\/wp\/v2\/posts\/63707","targetHints":{"allow":["GET"]}}],"collection":[{"href":"https:\/\/influencias.do\/index.php\/wp-json\/wp\/v2\/posts"}],"about":[{"href":"https:\/\/influencias.do\/index.php\/wp-json\/wp\/v2\/types\/post"}],"author":[{"embeddable":true,"href":"https:\/\/influencias.do\/index.php\/wp-json\/wp\/v2\/users\/1"}],"replies":[{"embeddable":true,"href":"https:\/\/influencias.do\/index.php\/wp-json\/wp\/v2\/comments?post=63707"}],"version-history":[{"count":1,"href":"https:\/\/influencias.do\/index.php\/wp-json\/wp\/v2\/posts\/63707\/revisions"}],"predecessor-version":[{"id":63711,"href":"https:\/\/influencias.do\/index.php\/wp-json\/wp\/v2\/posts\/63707\/revisions\/63711"}],"wp:featuredmedia":[{"embeddable":true,"href":"https:\/\/influencias.do\/index.php\/wp-json\/wp\/v2\/media\/63710"}],"wp:attachment":[{"href":"https:\/\/influencias.do\/index.php\/wp-json\/wp\/v2\/media?parent=63707"}],"wp:term":[{"taxonomy":"category","embeddable":true,"href":"https:\/\/influencias.do\/index.php\/wp-json\/wp\/v2\/categories?post=63707"},{"taxonomy":"post_tag","embeddable":true,"href":"https:\/\/influencias.do\/index.php\/wp-json\/wp\/v2\/tags?post=63707"}],"curies":[{"name":"wp","href":"https:\/\/api.w.org\/{rel}","templated":true}]}}