{"id":63703,"date":"2026-04-27T16:08:29","date_gmt":"2026-04-27T16:08:29","guid":{"rendered":"https:\/\/influencias.do\/?p=63703"},"modified":"2026-04-27T16:08:29","modified_gmt":"2026-04-27T16:08:29","slug":"tension-en-caso-jet-set-comunicador-abofetea-a-padre-de-victima-en-plena-audiencia","status":"publish","type":"post","link":"https:\/\/influencias.do\/index.php\/2026\/04\/27\/tension-en-caso-jet-set-comunicador-abofetea-a-padre-de-victima-en-plena-audiencia\/","title":{"rendered":"Tensi\u00f3n en caso Jet Set: comunicador abofetea a padre de v\u00edctima en plena audiencia"},"content":{"rendered":"<p data-start=\"1792\" data-end=\"2046\">Santo Domingo.\u2013 Un momento de alta tensi\u00f3n se vivi\u00f3 este lunes en el Palacio de Justicia de Ciudad Nueva, donde el comunicador Jhossan Capell agredi\u00f3 f\u00edsicamente a Jos\u00e9 Luis Custodio, padre de una de las v\u00edctimas de la tragedia del Jet Set.<\/p>\n<p data-start=\"2048\" data-end=\"2219\">El hecho ocurri\u00f3 mientras se desarrollaba la audiencia preliminar del caso contra los hermanos Espaillat, imputados por el colapso de la discoteca que dej\u00f3 236 fallecidos.<\/p>\n<p data-start=\"2221\" data-end=\"2519\">Seg\u00fan reportes, Capell ofrec\u00eda declaraciones a la prensa en defensa de los acusados cuando Custodio lo interrumpi\u00f3 visiblemente indignado. En medio del intercambio verbal, el comunicador reaccion\u00f3 propin\u00e1ndole una bofetada, acci\u00f3n que qued\u00f3 registrada en video y se ha viralizado en redes sociales.<\/p>\n<div style=\"width: 1024px;\" class=\"wp-video\"><video class=\"wp-video-shortcode\" id=\"video-63703-1\" width=\"1024\" height=\"576\" preload=\"metadata\" controls=\"controls\"><source type=\"video\/mp4\" src=\"https:\/\/influencias.do\/wp-content\/uploads\/2026\/04\/ssstwitter.com_1777304975870.mp4?_=1\" \/><a href=\"https:\/\/influencias.do\/wp-content\/uploads\/2026\/04\/ssstwitter.com_1777304975870.mp4\">https:\/\/influencias.do\/wp-content\/uploads\/2026\/04\/ssstwitter.com_1777304975870.mp4<\/a><\/video><\/div>\n<p data-start=\"2521\" data-end=\"2702\">Custodio, quien perdi\u00f3 varios familiares en la tragedia, incluyendo un hijo, ha sido uno de los querellantes m\u00e1s activos en el proceso judicial, exigiendo justicia por las v\u00edctimas.<\/p>\n<p data-start=\"2704\" data-end=\"2839\">Tras la agresi\u00f3n, agentes de seguridad intervinieron de inmediato para evitar que la situaci\u00f3n escalara y retiraron a Capell del lugar.<\/p>\n<p data-start=\"2841\" data-end=\"3025\">El incidente ha provocado una ola de cr\u00edticas y reabre el debate sobre el respeto en los espacios judiciales y el trato hacia las v\u00edctimas en medio de procesos legales de alto impacto.<\/p>\n","protected":false},"excerpt":{"rendered":"<p>Santo Domingo.\u2013 Un momento de alta tensi\u00f3n se vivi\u00f3 este lunes en el Palacio de Justicia de Ciudad Nueva, donde el comunicador Jhossan Capell agredi\u00f3 f\u00edsicamente a Jos\u00e9 Luis Custodio, padre de una de las v\u00edctimas de la tragedia del Jet Set. El hecho ocurri\u00f3 mientras se desarrollaba la audiencia preliminar del caso contra los [&hellip;]<\/p>\n","protected":false},"author":1,"featured_media":63705,"comment_status":"open","ping_status":"open","sticky":false,"template":"","format":"standard","meta":{"_bbp_topic_count":0,"_bbp_reply_count":0,"_bbp_total_topic_count":0,"_bbp_total_reply_count":0,"_bbp_voice_count":0,"_bbp_anonymous_reply_count":0,"_bbp_topic_count_hidden":0,"_bbp_reply_count_hidden":0,"_bbp_forum_subforum_count":0,"content-type":"","iawp_total_views":2,"footnotes":""},"categories":[108,1],"tags":[],"class_list":{"0":"post-63703","1":"post","2":"type-post","3":"status-publish","4":"format-standard","5":"has-post-thumbnail","7":"category-mas-vistas","8":"category-portada"},"_links":{"self":[{"href":"https:\/\/influencias.do\/index.php\/wp-json\/wp\/v2\/posts\/63703","targetHints":{"allow":["GET"]}}],"collection":[{"href":"https:\/\/influencias.do\/index.php\/wp-json\/wp\/v2\/posts"}],"about":[{"href":"https:\/\/influencias.do\/index.php\/wp-json\/wp\/v2\/types\/post"}],"author":[{"embeddable":true,"href":"https:\/\/influencias.do\/index.php\/wp-json\/wp\/v2\/users\/1"}],"replies":[{"embeddable":true,"href":"https:\/\/influencias.do\/index.php\/wp-json\/wp\/v2\/comments?post=63703"}],"version-history":[{"count":1,"href":"https:\/\/influencias.do\/index.php\/wp-json\/wp\/v2\/posts\/63703\/revisions"}],"predecessor-version":[{"id":63706,"href":"https:\/\/influencias.do\/index.php\/wp-json\/wp\/v2\/posts\/63703\/revisions\/63706"}],"wp:featuredmedia":[{"embeddable":true,"href":"https:\/\/influencias.do\/index.php\/wp-json\/wp\/v2\/media\/63705"}],"wp:attachment":[{"href":"https:\/\/influencias.do\/index.php\/wp-json\/wp\/v2\/media?parent=63703"}],"wp:term":[{"taxonomy":"category","embeddable":true,"href":"https:\/\/influencias.do\/index.php\/wp-json\/wp\/v2\/categories?post=63703"},{"taxonomy":"post_tag","embeddable":true,"href":"https:\/\/influencias.do\/index.php\/wp-json\/wp\/v2\/tags?post=63703"}],"curies":[{"name":"wp","href":"https:\/\/api.w.org\/{rel}","templated":true}]}}