{"id":63694,"date":"2026-04-27T14:14:41","date_gmt":"2026-04-27T14:14:41","guid":{"rendered":"https:\/\/influencias.do\/?p=63694"},"modified":"2026-04-27T14:14:41","modified_gmt":"2026-04-27T14:14:41","slug":"policia-apresa-a-indigente-por-ataques-con-piedras-en-las-americas-hiere-a-anciana-de-79-anos","status":"publish","type":"post","link":"https:\/\/influencias.do\/index.php\/2026\/04\/27\/policia-apresa-a-indigente-por-ataques-con-piedras-en-las-americas-hiere-a-anciana-de-79-anos\/","title":{"rendered":"Polic\u00eda apresa a indigente por ataques con piedras en Las Am\u00e9ricas; hiere a anciana de 79 a\u00f1os"},"content":{"rendered":"<p>Santo Domingo Este.\u2013 Miembros de la Subdirecci\u00f3n de Investigaciones Criminales (DICRIM) de la Polic\u00eda Nacional apresaron a un indigente acusado de lanzar piedras contra veh\u00edculos en marcha, agresiones perpetradas en la avenida Las Am\u00e9ricas, pr\u00f3ximo al \u00e1rea conocida como \u201cEl Cristo\u201d, en las inmediaciones del parque Los Tres Ojos, en Santo Domingo Este.<\/p>\n<p>El detenido fue identificado como Yoel Antonio Hurtado, alias \u201cChino\u201d, de 25 a\u00f1os, quien, seg\u00fan informes preliminares, su \u00faltima v\u00edctima se produjo cuando lanz\u00f3 una piedra a un veh\u00edculo en movimiento, impactando a una mujer identificada como Mercedes Gil, de 79 a\u00f1os, abuela del denunciante, provoc\u00e1ndole heridas.<\/p>\n<p>De acuerdo con el informe policial, al momento de su detenci\u00f3n el individuo portaba varias piedras en los bolsillos y en las manos, con las cuales presuntamente se dispon\u00eda a continuar cometiendo estos hechos delictivos.<\/p>\n<p>La r\u00e1pida intervenci\u00f3n de los agentes actuantes evit\u00f3 que se produjeran mayores da\u00f1os, logrando su captura en el lugar.<\/p>\n<p>El detenido ser\u00e1 puesto a disposici\u00f3n del Ministerio P\u00fablico para los fines legales correspondientes.<\/p>\n","protected":false},"excerpt":{"rendered":"<p>Santo Domingo Este.\u2013 Miembros de la Subdirecci\u00f3n de Investigaciones Criminales (DICRIM) de la Polic\u00eda Nacional apresaron a un indigente acusado de lanzar piedras contra veh\u00edculos en marcha, agresiones perpetradas en la avenida Las Am\u00e9ricas, pr\u00f3ximo al \u00e1rea conocida como \u201cEl Cristo\u201d, en las inmediaciones del parque Los Tres Ojos, en Santo Domingo Este. El detenido [&hellip;]<\/p>\n","protected":false},"author":1,"featured_media":63695,"comment_status":"open","ping_status":"open","sticky":false,"template":"","format":"standard","meta":{"_bbp_topic_count":0,"_bbp_reply_count":0,"_bbp_total_topic_count":0,"_bbp_total_reply_count":0,"_bbp_voice_count":0,"_bbp_anonymous_reply_count":0,"_bbp_topic_count_hidden":0,"_bbp_reply_count_hidden":0,"_bbp_forum_subforum_count":0,"content-type":"","iawp_total_views":0,"footnotes":""},"categories":[105],"tags":[],"class_list":{"0":"post-63694","1":"post","2":"type-post","3":"status-publish","4":"format-standard","5":"has-post-thumbnail","7":"category-nacionales"},"_links":{"self":[{"href":"https:\/\/influencias.do\/index.php\/wp-json\/wp\/v2\/posts\/63694","targetHints":{"allow":["GET"]}}],"collection":[{"href":"https:\/\/influencias.do\/index.php\/wp-json\/wp\/v2\/posts"}],"about":[{"href":"https:\/\/influencias.do\/index.php\/wp-json\/wp\/v2\/types\/post"}],"author":[{"embeddable":true,"href":"https:\/\/influencias.do\/index.php\/wp-json\/wp\/v2\/users\/1"}],"replies":[{"embeddable":true,"href":"https:\/\/influencias.do\/index.php\/wp-json\/wp\/v2\/comments?post=63694"}],"version-history":[{"count":1,"href":"https:\/\/influencias.do\/index.php\/wp-json\/wp\/v2\/posts\/63694\/revisions"}],"predecessor-version":[{"id":63696,"href":"https:\/\/influencias.do\/index.php\/wp-json\/wp\/v2\/posts\/63694\/revisions\/63696"}],"wp:featuredmedia":[{"embeddable":true,"href":"https:\/\/influencias.do\/index.php\/wp-json\/wp\/v2\/media\/63695"}],"wp:attachment":[{"href":"https:\/\/influencias.do\/index.php\/wp-json\/wp\/v2\/media?parent=63694"}],"wp:term":[{"taxonomy":"category","embeddable":true,"href":"https:\/\/influencias.do\/index.php\/wp-json\/wp\/v2\/categories?post=63694"},{"taxonomy":"post_tag","embeddable":true,"href":"https:\/\/influencias.do\/index.php\/wp-json\/wp\/v2\/tags?post=63694"}],"curies":[{"name":"wp","href":"https:\/\/api.w.org\/{rel}","templated":true}]}}