{"id":63691,"date":"2026-04-27T13:34:10","date_gmt":"2026-04-27T13:34:10","guid":{"rendered":"https:\/\/influencias.do\/?p=63691"},"modified":"2026-04-27T13:34:10","modified_gmt":"2026-04-27T13:34:10","slug":"rd-mortalidad-materna-cae-en-un-44-en-primeros-meses-del-2026","status":"publish","type":"post","link":"https:\/\/influencias.do\/index.php\/2026\/04\/27\/rd-mortalidad-materna-cae-en-un-44-en-primeros-meses-del-2026\/","title":{"rendered":"RD: Mortalidad materna cae en un 44 % en primeros meses del 2026"},"content":{"rendered":"<p>Durante los primeros meses de 2026, Rep\u00fablica Dominicana experiment\u00f3 una notable reducci\u00f3n tanto en las muertes maternas como en la mortalidad infantil, aunque algunas provincias registraron aumentos preocupantes en las cifras neonatales.<\/p>\n<p>De acuerdo con el Bolet\u00edn Epidemiol\u00f3gico Semanal de la Direcci\u00f3n de Epidemiolog\u00eda (DIEPI), entre las semanas 1 y 14 del a\u00f1o se notificaron 30 muertes maternas, lo que implica un descenso del 44% respecto al mismo lapso de 2025, cuando se reportaron 54 muertes.<\/p>\n<p>Esta reducci\u00f3n significa una mejora en el riesgo sanitario para mujeres embarazadas durante esa etapa, pero la tendencia no fue uniforme en todo el territorio.<\/p>\n<p>El informe oficial detalla que el 65.52% de las muertes maternas correspondi\u00f3 a personas de nacionalidad dominicana, mientras que el 34.48% involucr\u00f3 a la poblaci\u00f3n haitiana residente en el pa\u00eds. En t\u00e9rminos etarios, la mayor cantidad de casos se concentr\u00f3 en mujeres de 20 a 29 a\u00f1os, seguidas por casos hasta los 49 a\u00f1os.<\/p>\n<p>El segmento de adolescentes entre los 10 a 19 a\u00f1os registr\u00f3 la menor proporci\u00f3n de defunciones maternas.<\/p>\n<p>Monte Plata present\u00f3 el mayor aumento de mortalidad neonatal en el pa\u00eds<\/p>\n<p>Pese a la ca\u00edda en la mortalidad materna e infantil a escala nacional, la provincia de Monte Plata registr\u00f3 un incremento alarmante en las muertes neonatales, d\u00f3nde se clasifican los fallecimientos que ocurren antes de los 28 d\u00edas de vida, con una subida del 400% respecto al a\u00f1o pasado durante el periodo analizado, se reportaron 10 muertes frente a las 2 de 2025.<\/p>\n<p>Adem\u00e1s, las muertes infantiles (ni\u00f1os menores de un a\u00f1o) subieron un 267% en Monte Plata, al pasar de 3 casos en 2025 a 11 en 2026, seg\u00fan la Direcci\u00f3n de Epidemiolog\u00eda.<\/p>\n<p>Las autoridades a\u00fan no detallaron las causas espec\u00edficas de estas muertes neonatales e infantiles en la provincia, pero estos incrementos contrastan con la tendencia descendente a escala nacional. Otras provincias con aumentos en la mortalidad neonatal incluyen a Monse\u00f1or Nouel, con una variaci\u00f3n del 260%, y Saman\u00e1, donde el indicador ascendi\u00f3 un 60% en relaci\u00f3n con el a\u00f1o anterior.<\/p>\n<p>Beb\u00e9 prematuro<\/p>\n<p>Las mujeres de entre 20 y 29 a\u00f1os representaron el grupo con mayor cantidad de muertes maternas reportadas en el bolet\u00edn epidemiol\u00f3gico. (Cr\u00e9dito UNSAM)<\/p>\n<p>Complicaciones prevenibles siguen siendo la principal causa de muerte materna<\/p>\n<p>La explicaci\u00f3n de fondo sobre la mortalidad materna se encuentra en complicaciones durante el embarazo o el parto que, en su mayor\u00eda, pueden evitarse o tratarse con atenci\u00f3n m\u00e9dica adecuada.<\/p>\n<p>La Organizaci\u00f3n Mundial de la Salud (OMS), se\u00f1ala como responsables del 75% de los fallecimientos maternos a las hemorragias graves, principalmente despu\u00e9s del parto, infecciones posteriores al nacimiento, hipertensi\u00f3n arterial en el embarazo (preeclampsia y eclampsia), complicaciones en el parto y abortos peligrosos.<\/p>\n<p>Muchas de estas condiciones se agravan durante la gestaci\u00f3n, especialmente si la atenci\u00f3n sanitaria es insuficiente antes y despu\u00e9s del parto.<\/p>\n<p>Reducci\u00f3n de riesgos en la mortalidad infantil<\/p>\n<p>El Bolet\u00edn Epidemiol\u00f3gico precisa la definici\u00f3n de mortalidad infantil como el deceso de todo reci\u00e9n nacido vivo que muera y\/o pese al menos 500 gramos al nacer, o que haya alcanzado 22 semanas de gestaci\u00f3n o mida 25 cent\u00edmetros desde la coronilla hasta el tal\u00f3n, en cualquier momento hasta cumplir 364 d\u00edas. E<\/p>\n<p>n este rubro, el documento evidencia una ca\u00edda del 11% en los primeros meses de 2026 respecto a 2025, hecho que el sistema de vigilancia interpreta como un descenso en el riesgo poblacional vinculado al fallecimiento de lactantes.<\/p>\n<p>Seg\u00fan la Direcci\u00f3n de Epidemiolog\u00eda, la reducci\u00f3n de la mortalidad infantil y materna en los datos globales se interpreta como resultado de estrategias de prevenci\u00f3n y mejora en la atenci\u00f3n, aunque la persistencia de focos con aumentos graves, como ocurre en Monte Plata, subraya la necesidad de monitoreo continuo y de reforzar los servicios sanitarios a nivel local.<\/p>\n<p>Infobae<\/p>\n","protected":false},"excerpt":{"rendered":"<p>Durante los primeros meses de 2026, Rep\u00fablica Dominicana experiment\u00f3 una notable reducci\u00f3n tanto en las muertes maternas como en la mortalidad infantil, aunque algunas provincias registraron aumentos preocupantes en las cifras neonatales. De acuerdo con el Bolet\u00edn Epidemiol\u00f3gico Semanal de la Direcci\u00f3n de Epidemiolog\u00eda (DIEPI), entre las semanas 1 y 14 del a\u00f1o se notificaron [&hellip;]<\/p>\n","protected":false},"author":1,"featured_media":63692,"comment_status":"open","ping_status":"open","sticky":false,"template":"","format":"standard","meta":{"_bbp_topic_count":0,"_bbp_reply_count":0,"_bbp_total_topic_count":0,"_bbp_total_reply_count":0,"_bbp_voice_count":0,"_bbp_anonymous_reply_count":0,"_bbp_topic_count_hidden":0,"_bbp_reply_count_hidden":0,"_bbp_forum_subforum_count":0,"content-type":"","iawp_total_views":0,"footnotes":""},"categories":[2802],"tags":[],"class_list":{"0":"post-63691","1":"post","2":"type-post","3":"status-publish","4":"format-standard","5":"has-post-thumbnail","7":"category-salud"},"_links":{"self":[{"href":"https:\/\/influencias.do\/index.php\/wp-json\/wp\/v2\/posts\/63691","targetHints":{"allow":["GET"]}}],"collection":[{"href":"https:\/\/influencias.do\/index.php\/wp-json\/wp\/v2\/posts"}],"about":[{"href":"https:\/\/influencias.do\/index.php\/wp-json\/wp\/v2\/types\/post"}],"author":[{"embeddable":true,"href":"https:\/\/influencias.do\/index.php\/wp-json\/wp\/v2\/users\/1"}],"replies":[{"embeddable":true,"href":"https:\/\/influencias.do\/index.php\/wp-json\/wp\/v2\/comments?post=63691"}],"version-history":[{"count":1,"href":"https:\/\/influencias.do\/index.php\/wp-json\/wp\/v2\/posts\/63691\/revisions"}],"predecessor-version":[{"id":63693,"href":"https:\/\/influencias.do\/index.php\/wp-json\/wp\/v2\/posts\/63691\/revisions\/63693"}],"wp:featuredmedia":[{"embeddable":true,"href":"https:\/\/influencias.do\/index.php\/wp-json\/wp\/v2\/media\/63692"}],"wp:attachment":[{"href":"https:\/\/influencias.do\/index.php\/wp-json\/wp\/v2\/media?parent=63691"}],"wp:term":[{"taxonomy":"category","embeddable":true,"href":"https:\/\/influencias.do\/index.php\/wp-json\/wp\/v2\/categories?post=63691"},{"taxonomy":"post_tag","embeddable":true,"href":"https:\/\/influencias.do\/index.php\/wp-json\/wp\/v2\/tags?post=63691"}],"curies":[{"name":"wp","href":"https:\/\/api.w.org\/{rel}","templated":true}]}}