{"id":63688,"date":"2026-04-27T13:17:33","date_gmt":"2026-04-27T13:17:33","guid":{"rendered":"https:\/\/influencias.do\/?p=63688"},"modified":"2026-04-27T13:17:33","modified_gmt":"2026-04-27T13:17:33","slug":"trump-atribuye-a-odio-religioso-el-ataque-en-washington-mientras-autoridades-mantienen-abiertas-las-hipotesis","status":"publish","type":"post","link":"https:\/\/influencias.do\/index.php\/2026\/04\/27\/trump-atribuye-a-odio-religioso-el-ataque-en-washington-mientras-autoridades-mantienen-abiertas-las-hipotesis\/","title":{"rendered":"Trump atribuye a \u201codio religioso\u201d el ataque en Washington, mientras autoridades mantienen abiertas las hip\u00f3tesis"},"content":{"rendered":"<p data-start=\"118\" data-end=\"438\">El presidente de Estados Unidos, <span class=\"hover:entity-accent entity-underline inline cursor-pointer align-baseline\"><span class=\"whitespace-normal\">Donald Trump<\/span><\/span>, asegur\u00f3 que el presunto autor del tiroteo ocurrido durante la Cena de Corresponsales en Washington habr\u00eda actuado impulsado por un fuerte rechazo hacia los cristianos, basado en escritos y evidencias preliminares recopiladas por los investigadores.<\/p>\n<p data-start=\"440\" data-end=\"702\">En declaraciones a Fox News, el mandatario describi\u00f3 al sospechoso como una persona con serios problemas y vincul\u00f3 sus motivaciones a un trasfondo religioso radical. \u201cAl revisar su manifiesto, queda claro que existe un odio marcado hacia los cristianos\u201d, afirm\u00f3.<\/p>\n<p data-start=\"704\" data-end=\"965\">El incidente se registr\u00f3 en el hotel donde se celebraba el evento, lo que oblig\u00f3 a activar de inmediato los protocolos de seguridad. Trump fue evacuado por el Servicio Secreto junto a otros funcionarios, mientras se escuchaban detonaciones en las inmediaciones.<\/p>\n<p data-start=\"967\" data-end=\"1324\">Por su parte, el fiscal general interino, <span class=\"hover:entity-accent entity-underline inline cursor-pointer align-baseline\"><span class=\"whitespace-normal\">Todd Blanche<\/span><\/span>, indic\u00f3 a NBC que las primeras indagatorias apuntan a que el ataque podr\u00eda haber estado dirigido contra el propio presidente y otros miembros del Gobierno. Sin embargo, aclar\u00f3 que las investigaciones a\u00fan est\u00e1n en una fase inicial y que no se ha establecido un m\u00f3vil definitivo.<\/p>\n<p data-start=\"1326\" data-end=\"1656\">El sospechoso, identificado como Cole Tomas Allen, de 31 a\u00f1os, habr\u00eda viajado desde Los \u00c1ngeles hasta la capital estadounidense d\u00edas antes del hecho, hosped\u00e1ndose en el mismo hotel donde se desarrollaba la actividad. Actualmente permanece bajo custodia m\u00e9dica y, seg\u00fan las autoridades, no est\u00e1 colaborando con los interrogatorios.<\/p>\n<p data-start=\"1658\" data-end=\"1744\">Se espera que enfrente cargos formales ante un tribunal federal en las pr\u00f3ximas horas.<\/p>\n<p data-start=\"1746\" data-end=\"1961\">El suceso interrumpi\u00f3 la tradicional gala anual y gener\u00f3 tensi\u00f3n entre los asistentes, incluyendo a la primera dama, <span class=\"hover:entity-accent entity-underline inline cursor-pointer align-baseline\"><span class=\"whitespace-normal\">Melania Trump<\/span><\/span>, quien acompa\u00f1aba al presidente en el momento del incidente.<\/p>\n<p data-start=\"1963\" data-end=\"2220\">M\u00e1s adelante, en una entrevista con el programa \u201c60 Minutes\u201d de CBS, Trump rest\u00f3 dramatismo a la situaci\u00f3n y afirm\u00f3 que no sinti\u00f3 temor. \u201cVivimos en tiempos complicados\u201d, expres\u00f3, al tiempo que reconoci\u00f3 que su esposa s\u00ed se mostr\u00f3 impactada por lo ocurrido.<\/p>\n<p data-start=\"2222\" data-end=\"2567\">Durante ese mismo espacio, el mandatario reaccion\u00f3 con molestia cuando la periodista <span class=\"hover:entity-accent entity-underline inline cursor-pointer align-baseline\"><span class=\"whitespace-normal\">Norah O\u2019Donnell<\/span><\/span> cit\u00f3 fragmentos del manifiesto del atacante, en el que se inclu\u00edan acusaciones directas en su contra. Trump rechaz\u00f3 esas afirmaciones y las calific\u00f3 como \u201ccomentarios sin fundamento provenientes de una persona perturbada\u201d.<\/p>\n<p data-start=\"2569\" data-end=\"2761\" data-is-last-node=\"\" data-is-only-node=\"\">Mientras contin\u00faan las investigaciones, las autoridades federales analizan el contenido de dispositivos electr\u00f3nicos y otros elementos que permitan esclarecer el motivo real detr\u00e1s del ataque.<\/p>\n","protected":false},"excerpt":{"rendered":"<p>El presidente de Estados Unidos, Donald Trump, asegur\u00f3 que el presunto autor del tiroteo ocurrido durante la Cena de Corresponsales en Washington habr\u00eda actuado impulsado por un fuerte rechazo hacia los cristianos, basado en escritos y evidencias preliminares recopiladas por los investigadores. En declaraciones a Fox News, el mandatario describi\u00f3 al sospechoso como una persona [&hellip;]<\/p>\n","protected":false},"author":1,"featured_media":63689,"comment_status":"open","ping_status":"open","sticky":false,"template":"","format":"standard","meta":{"_bbp_topic_count":0,"_bbp_reply_count":0,"_bbp_total_topic_count":0,"_bbp_total_reply_count":0,"_bbp_voice_count":0,"_bbp_anonymous_reply_count":0,"_bbp_topic_count_hidden":0,"_bbp_reply_count_hidden":0,"_bbp_forum_subforum_count":0,"content-type":"","iawp_total_views":0,"footnotes":""},"categories":[109,108],"tags":[2070],"class_list":{"0":"post-63688","1":"post","2":"type-post","3":"status-publish","4":"format-standard","5":"has-post-thumbnail","7":"category-internacionales","8":"category-mas-vistas","9":"tag-donald-trump"},"_links":{"self":[{"href":"https:\/\/influencias.do\/index.php\/wp-json\/wp\/v2\/posts\/63688","targetHints":{"allow":["GET"]}}],"collection":[{"href":"https:\/\/influencias.do\/index.php\/wp-json\/wp\/v2\/posts"}],"about":[{"href":"https:\/\/influencias.do\/index.php\/wp-json\/wp\/v2\/types\/post"}],"author":[{"embeddable":true,"href":"https:\/\/influencias.do\/index.php\/wp-json\/wp\/v2\/users\/1"}],"replies":[{"embeddable":true,"href":"https:\/\/influencias.do\/index.php\/wp-json\/wp\/v2\/comments?post=63688"}],"version-history":[{"count":1,"href":"https:\/\/influencias.do\/index.php\/wp-json\/wp\/v2\/posts\/63688\/revisions"}],"predecessor-version":[{"id":63690,"href":"https:\/\/influencias.do\/index.php\/wp-json\/wp\/v2\/posts\/63688\/revisions\/63690"}],"wp:featuredmedia":[{"embeddable":true,"href":"https:\/\/influencias.do\/index.php\/wp-json\/wp\/v2\/media\/63689"}],"wp:attachment":[{"href":"https:\/\/influencias.do\/index.php\/wp-json\/wp\/v2\/media?parent=63688"}],"wp:term":[{"taxonomy":"category","embeddable":true,"href":"https:\/\/influencias.do\/index.php\/wp-json\/wp\/v2\/categories?post=63688"},{"taxonomy":"post_tag","embeddable":true,"href":"https:\/\/influencias.do\/index.php\/wp-json\/wp\/v2\/tags?post=63688"}],"curies":[{"name":"wp","href":"https:\/\/api.w.org\/{rel}","templated":true}]}}