{"id":63674,"date":"2026-04-26T23:30:01","date_gmt":"2026-04-26T23:30:01","guid":{"rendered":"https:\/\/influencias.do\/?p=63674"},"modified":"2026-04-26T23:42:29","modified_gmt":"2026-04-26T23:42:29","slug":"gobierno-entrega-carretera-mata-bonita-los-memisos-de-13-8-kilometros-en-las-gordas-nagua","status":"publish","type":"post","link":"https:\/\/influencias.do\/index.php\/2026\/04\/26\/gobierno-entrega-carretera-mata-bonita-los-memisos-de-13-8-kilometros-en-las-gordas-nagua\/","title":{"rendered":"Gobierno entrega carretera Mata Bonita\u2013Los Memisos de 13.8 kil\u00f3metros en Las Gordas, Nagua"},"content":{"rendered":"<p>&nbsp;<\/p>\n<p style=\"text-align: justify;\"><strong>Mar\u00eda Trinidad S\u00e1nchez.<\/strong>\u2013 El presidente Luis Abinader inaugur\u00f3 este domingo la carretera Mata Bonita\u2013Los Memisos, de 13.8 kil\u00f3metros de longitud, en el distrito municipal de Las Gordas, municipio de Nagua, construida por la Empresa de Generaci\u00f3n Hidroel\u00e9ctrica Dominicana (EGEHID), dando respuesta a un reclamo de m\u00e1s de 50 a\u00f1os de las comunidades de la zona.<\/p>\n<p style=\"text-align: justify;\">La v\u00eda, con una inversi\u00f3n superior a RD$281 millones, impacta directamente a las comunidades de Los Memisos, Mata Bonita, Los Guayabitos, Las Catalinas y otras zonas de Las Gordas, adem\u00e1s de garantizar el acceso seguro de equipos y maquinarias a la Central Hidroel\u00e9ctrica Rosa Julia de la Cruz (Boba).<\/p>\n<p style=\"text-align: justify;\">Los trabajos incluyeron la construcci\u00f3n de contenes, canaletas, badenes, alcantarillas, un puente bad\u00e9n, gaviones, protecci\u00f3n de taludes, base triturada, imprimaci\u00f3n, hormig\u00f3n asf\u00e1ltico caliente, asfaltado, as\u00ed como se\u00f1alizaci\u00f3n vertical y horizontal.<\/p>\n<p style=\"text-align: justify;\">En el acto, el administrador de EGEHID, Rafael Salazar, destac\u00f3 que la obra responde a una visi\u00f3n del presidente Luis Abinader de impactar directamente a las comunidades con mayores necesidades, priorizando soluciones que mejoren la calidad de vida, el acceso a la salud, la educaci\u00f3n y el desarrollo productivo.<\/p>\n<p><img loading=\"lazy\" loading=\"lazy\" decoding=\"async\" class=\"size-full wp-image-63675 aligncenter\" src=\"https:\/\/influencias.do\/wp-content\/uploads\/2026\/04\/1d6807ca-e368-4eb9-a3cb-dc7cdeb56589.jpeg\" alt=\"\" width=\"1280\" height=\"868\" srcset=\"https:\/\/influencias.do\/wp-content\/uploads\/2026\/04\/1d6807ca-e368-4eb9-a3cb-dc7cdeb56589.jpeg 1280w, https:\/\/influencias.do\/wp-content\/uploads\/2026\/04\/1d6807ca-e368-4eb9-a3cb-dc7cdeb56589-300x203.jpeg 300w, https:\/\/influencias.do\/wp-content\/uploads\/2026\/04\/1d6807ca-e368-4eb9-a3cb-dc7cdeb56589-1024x694.jpeg 1024w, https:\/\/influencias.do\/wp-content\/uploads\/2026\/04\/1d6807ca-e368-4eb9-a3cb-dc7cdeb56589-768x521.jpeg 768w, https:\/\/influencias.do\/wp-content\/uploads\/2026\/04\/1d6807ca-e368-4eb9-a3cb-dc7cdeb56589-860x583.jpeg 860w\" sizes=\"auto, (max-width: 1280px) 100vw, 1280px\" \/><\/p>\n<p style=\"text-align: justify;\">Se\u00f1al\u00f3 que ha sido muy edificante trabajar junto a una comunidad integrada y comprometida, resaltando que esta carretera permite a los ciudadanos movilizarse con mayor rapidez ante emergencias, facilita el acceso de los estudiantes a sus centros educativos y mejora las condiciones para la producci\u00f3n agr\u00edcola. Asimismo, explic\u00f3 que la v\u00eda, de unos 13.8 kil\u00f3metros incluyendo accesos integrados, fue ampliada incorporando elementos adicionales solicitados por la comunidad, siguiendo la orientaci\u00f3n del mandatario de aprovechar al m\u00e1ximo los recursos para elevar el bienestar de la gente.<\/p>\n<p style=\"text-align: justify;\">Salazar tambi\u00e9n llam\u00f3 a las autoridades y comunitarios a preservar la obra, evitando intervenciones inadecuadas y garantizando su mantenimiento, al tiempo que valor\u00f3 como una bendici\u00f3n para la zona contar con una infraestructura de esta calidad, fruto del compromiso del Gobierno de cumplir con las demandas sociales y promover el desarrollo sostenible. \u201cEs una bendici\u00f3n para ustedes tener esta obra de calidad y un honor para nosotros y para el presidente poder cumplir con lo que exige la comunidad, con el bienestar de la gente, con la salud de la gente y con el buen vivir de la gente\u201d.<\/p>\n<p style=\"text-align: justify;\">*Un Gobierno que cumple lo que promete y que ha transformado la provincia*<\/p>\n<p style=\"text-align: justify;\">Asimismo, la gobernadora de Mar\u00eda Trinidad S\u00e1nchez, Mirna L\u00f3pez Polanco, destac\u00f3 el liderazgo del presidente Abinader, al afirmar que se trata de un Gobierno que cumple lo que promete y que ha transformado la provincia a trav\u00e9s de una amplia inversi\u00f3n en infraestructura vial. En ese sentido, resalt\u00f3 la construcci\u00f3n de m\u00e1s de 200 kil\u00f3metros de carreteras durante la actual gesti\u00f3n, incluyendo la v\u00eda inaugurada de unos 13 kil\u00f3metros que conecta comunidades como Los Memisos, Matabonita y zonas del Bajo Yuna, as\u00ed como tramos como Arroyo Al Medio\u2013R\u00edo Agua (13.5 km), Boba\u2013Juncal (7 km), San Rafael\u2013Copeyito (12 km) y diversas rutas en R\u00edo San Juan, Sabaneta y Nagua.<\/p>\n<p style=\"text-align: justify;\">Adem\u00e1s, en representaci\u00f3n de los comunitarios, Santo Burgos expres\u00f3 su profundo agradecimiento al presidente Abinader por hacer realidad una obra largamente esperada por m\u00e1s de 50 a\u00f1os, destacando que su gesti\u00f3n ha cumplido con la palabra empe\u00f1ada y ha llevado bienestar, desarrollo y dignidad a comunidades que por d\u00e9cadas enfrentaron dificultades de acceso y resalt\u00f3 que esta carretera no solo facilita la movilidad y la producci\u00f3n agr\u00edcola, sino que tambi\u00e9n representa vida, salud y seguridad para los residentes, al tiempo que valor\u00f3 el compromiso del mandatario con ejecutar soluciones concretas y rodearse de funcionarios que trabajan en beneficio de la gente.<\/p>\n<p style=\"text-align: justify;\">*Liderazgo del presidente Abinader en medio de grandes desaf\u00edos*<\/p>\n<p style=\"text-align: justify;\">Tambi\u00e9n, el p\u00e1rroco Luis Mar\u00eda Ram\u00f3n durante su invocaci\u00f3n, el religioso se\u00f1al\u00f3 que en seis a\u00f1os de gesti\u00f3n el mandatario ha gobernado en tiempos de grandes desaf\u00edos, demostrando su liderazgo en medio de crisis. Indic\u00f3 que el pa\u00eds ha superado situaciones complejas, como problemas de seguridad y el impacto de factores internacionales, logrando avanzar y mantenerse en funcionamiento.<\/p>\n<p style=\"text-align: justify;\">Resalt\u00f3, adem\u00e1s, que el presidente Abinader ha marcado una l\u00ednea clara frente a la corrupci\u00f3n, al se\u00f1alar que ha demostrado con hechos que \u201ctiene muchos amigos, pero no c\u00f3mplices\u201d, actuando sin titubeos ante irregularidades, sin negociar impunidad y dando ejemplo de integridad en la gesti\u00f3n p\u00fablica.<\/p>\n<p style=\"text-align: justify;\">Asimismo, destac\u00f3 que actualmente se registra una de las tasas de homicidios m\u00e1s bajas en la historia, junto a importantes avances en \u00e1reas como salud, infraestructura y servicios b\u00e1sicos. Tambi\u00e9n resalt\u00f3 la firmeza del presidente ante situaciones que han puesto a prueba la soberan\u00eda nacional, subrayando que ha actuado con determinaci\u00f3n y responsabilidad, sin comprometer los intereses del pa\u00eds ni perder el sentido humano. \u201cEso es firmeza con dignidad y coraje sin prepotencia\u201d, expres\u00f3.<\/p>\n<p style=\"text-align: justify;\">En ese sentido, valor\u00f3 los logros alcanzados, entre ellos la reducci\u00f3n de enfermedades, la construcci\u00f3n de hospitales y centros de atenci\u00f3n primaria, as\u00ed como la llegada de servicios como agua, energ\u00eda y v\u00edas a comunidades que por a\u00f1os permanecieron olvidadas.<\/p>\n<p style=\"text-align: justify;\">Finalmente, elev\u00f3 una oraci\u00f3n para que Dios bendiga la obra inaugurada en las comunidades de Los Mellizos, La Laguna y Pata Bonita, as\u00ed como a todos los que hicieron posible su ejecuci\u00f3n, pidiendo que esta sirva de ejemplo para las futuras generaciones y reafirme la construcci\u00f3n de una Rep\u00fablica Dominicana basada en la integridad, el di\u00e1logo y decisiones que favorezcan al pueblo.<\/p>\n<p style=\"text-align: justify;\">Esta infraestructura vial forma parte del Programa de Responsabilidad Social de EGEHID, orientado a impulsar obras que contribuyan al desarrollo integral de las comunidades donde operan los complejos hidroel\u00e9ctricos.<\/p>\n<p style=\"text-align: justify;\">Estuvieron presentes el senador de Mar\u00eda Trinidad S\u00e1nchez, Alexis Victoria Yeb; el gerente general del Banco de Desarrollo y Exportaciones (Bandex), Catalino Correa Hiciano; el director de la Direcci\u00f3n de Infraestructura Escolar, Roberto Herrera; los alcaldes del municipio de Nagua, Junior Peralta y del distrito municipal Las Gordas, Julio C\u00e9sar de la Cruz; los diputados Jes\u00fas Stalyn V\u00e1zquez y Jorge Cavoli.<\/p>\n","protected":false},"excerpt":{"rendered":"<p>&nbsp; Mar\u00eda Trinidad S\u00e1nchez.\u2013 El presidente Luis Abinader inaugur\u00f3 este domingo la carretera Mata Bonita\u2013Los Memisos, de 13.8 kil\u00f3metros de longitud, en el distrito municipal de Las Gordas, municipio de Nagua, construida por la Empresa de Generaci\u00f3n Hidroel\u00e9ctrica Dominicana (EGEHID), dando respuesta a un reclamo de m\u00e1s de 50 a\u00f1os de las comunidades de la [&hellip;]<\/p>\n","protected":false},"author":1,"featured_media":63676,"comment_status":"open","ping_status":"open","sticky":false,"template":"","format":"standard","meta":{"_bbp_topic_count":0,"_bbp_reply_count":0,"_bbp_total_topic_count":0,"_bbp_total_reply_count":0,"_bbp_voice_count":0,"_bbp_anonymous_reply_count":0,"_bbp_topic_count_hidden":0,"_bbp_reply_count_hidden":0,"_bbp_forum_subforum_count":0,"content-type":"","iawp_total_views":0,"footnotes":""},"categories":[105],"tags":[],"class_list":{"0":"post-63674","1":"post","2":"type-post","3":"status-publish","4":"format-standard","5":"has-post-thumbnail","7":"category-nacionales"},"_links":{"self":[{"href":"https:\/\/influencias.do\/index.php\/wp-json\/wp\/v2\/posts\/63674","targetHints":{"allow":["GET"]}}],"collection":[{"href":"https:\/\/influencias.do\/index.php\/wp-json\/wp\/v2\/posts"}],"about":[{"href":"https:\/\/influencias.do\/index.php\/wp-json\/wp\/v2\/types\/post"}],"author":[{"embeddable":true,"href":"https:\/\/influencias.do\/index.php\/wp-json\/wp\/v2\/users\/1"}],"replies":[{"embeddable":true,"href":"https:\/\/influencias.do\/index.php\/wp-json\/wp\/v2\/comments?post=63674"}],"version-history":[{"count":4,"href":"https:\/\/influencias.do\/index.php\/wp-json\/wp\/v2\/posts\/63674\/revisions"}],"predecessor-version":[{"id":63680,"href":"https:\/\/influencias.do\/index.php\/wp-json\/wp\/v2\/posts\/63674\/revisions\/63680"}],"wp:featuredmedia":[{"embeddable":true,"href":"https:\/\/influencias.do\/index.php\/wp-json\/wp\/v2\/media\/63676"}],"wp:attachment":[{"href":"https:\/\/influencias.do\/index.php\/wp-json\/wp\/v2\/media?parent=63674"}],"wp:term":[{"taxonomy":"category","embeddable":true,"href":"https:\/\/influencias.do\/index.php\/wp-json\/wp\/v2\/categories?post=63674"},{"taxonomy":"post_tag","embeddable":true,"href":"https:\/\/influencias.do\/index.php\/wp-json\/wp\/v2\/tags?post=63674"}],"curies":[{"name":"wp","href":"https:\/\/api.w.org\/{rel}","templated":true}]}}