{"id":63643,"date":"2026-04-25T18:14:56","date_gmt":"2026-04-25T18:14:56","guid":{"rendered":"https:\/\/influencias.do\/?p=63643"},"modified":"2026-04-25T22:15:58","modified_gmt":"2026-04-25T22:15:58","slug":"abinader-asciende-a-francisco-pimentel-a-general-y-lo-designa-director-de-transformacion-policial","status":"publish","type":"post","link":"https:\/\/influencias.do\/index.php\/2026\/04\/25\/abinader-asciende-a-francisco-pimentel-a-general-y-lo-designa-director-de-transformacion-policial\/","title":{"rendered":"Abinader asciende a Francisco Pimentel a general y lo designa director de Transformaci\u00f3n Policial"},"content":{"rendered":"<p>&nbsp;<\/p>\n<p style=\"text-align: justify;\">Santo Domingo. \u2013 El presidente de la Rep\u00fablica, Luis Abinader, dispuso el ascenso del coronel Francisco Adolfo Francisco Pimentel al rango de general de la Polic\u00eda Nacional y su designaci\u00f3n como director de Transformaci\u00f3n Policial, mediante el decreto n\u00fam. 202-26, en una decisi\u00f3n que fortalece el n\u00facleo operativo de la reforma que impulsa el Gobierno.<\/p>\n<p style=\"text-align: justify;\">La designaci\u00f3n se produce en un momento determinante para la consolidaci\u00f3n del nuevo modelo policial, colocando en una posici\u00f3n estrat\u00e9gica a un oficial con perfil t\u00e9cnico, experiencia operativa y conocimiento profundo de la estructura institucional, elementos considerados clave para la sostenibilidad del proceso de cambio.<\/p>\n<p style=\"text-align: justify;\">Con este movimiento, el Poder Ejecutivo env\u00eda una se\u00f1al clara de respaldo a la transformaci\u00f3n de la Polic\u00eda Nacional, apostando por liderazgos internos con capacidad de ejecuci\u00f3n, disciplina y credibilidad para impulsar las reformas estructurales que demanda la sociedad dominicana.<\/p>\n<p style=\"text-align: justify;\">El general Pimentel ha desarrollado una trayectoria de m\u00e1s de dos d\u00e9cadas dentro de la instituci\u00f3n, ocupando posiciones relevantes en \u00e1reas de inteligencia, operaciones, formaci\u00f3n y gesti\u00f3n administrativa, lo que le ha permitido construir una visi\u00f3n integral del sistema de seguridad p\u00fablica.<\/p>\n<p style=\"text-align: justify;\">Previo a esta designaci\u00f3n, se desempe\u00f1\u00f3 como intendente de armas de la Polic\u00eda Nacional, donde lider\u00f3 un proceso de fortalecimiento institucional enfocado en la reorganizaci\u00f3n de los controles internos, la mejora de los mecanismos de supervisi\u00f3n y la consolidaci\u00f3n de est\u00e1ndares m\u00e1s rigurosos en la gesti\u00f3n de recursos estrat\u00e9gicos, en estrecha coordinaci\u00f3n con la alta direcci\u00f3n policial.<\/p>\n<p style=\"text-align: justify;\">Su perfil acad\u00e9mico complementa su experiencia operativa. Es licenciado en Derecho y en Ciencias Policiales, con maestr\u00edas en Seguridad P\u00fablica y Pol\u00edticas P\u00fablicas, as\u00ed como en Direcci\u00f3n y Gesti\u00f3n de Proyectos, adem\u00e1s de una amplia formaci\u00f3n en inteligencia, investigaciones criminales y gesti\u00f3n estrat\u00e9gica.<\/p>\n<p style=\"text-align: justify;\">La reforma policial, uno de los ejes centrales de la gesti\u00f3n del presidente Abinader, busca consolidar una instituci\u00f3n m\u00e1s profesional, transparente y cercana a la ciudadan\u00eda, en la que el liderazgo t\u00e9cnico y la capacidad de gesti\u00f3n resultan determinantes.<\/p>\n<p style=\"text-align: justify;\">Con la designaci\u00f3n de Pimentel, el Gobierno refuerza su apuesta por una transformaci\u00f3n institucional sostenida, colocando al frente de este proceso a un oficial con experiencia en control, organizaci\u00f3n y ejecuci\u00f3n en \u00e1reas de alta sensibilidad dentro de la estructura policial.<\/p>\n","protected":false},"excerpt":{"rendered":"<p>&nbsp; Santo Domingo. \u2013 El presidente de la Rep\u00fablica, Luis Abinader, dispuso el ascenso del coronel Francisco Adolfo Francisco Pimentel al rango de general de la Polic\u00eda Nacional y su designaci\u00f3n como director de Transformaci\u00f3n Policial, mediante el decreto n\u00fam. 202-26, en una decisi\u00f3n que fortalece el n\u00facleo operativo de la reforma que impulsa el [&hellip;]<\/p>\n","protected":false},"author":1,"featured_media":63644,"comment_status":"open","ping_status":"open","sticky":false,"template":"","format":"standard","meta":{"_bbp_topic_count":0,"_bbp_reply_count":0,"_bbp_total_topic_count":0,"_bbp_total_reply_count":0,"_bbp_voice_count":0,"_bbp_anonymous_reply_count":0,"_bbp_topic_count_hidden":0,"_bbp_reply_count_hidden":0,"_bbp_forum_subforum_count":0,"content-type":"","iawp_total_views":0,"footnotes":""},"categories":[105],"tags":[],"class_list":{"0":"post-63643","1":"post","2":"type-post","3":"status-publish","4":"format-standard","5":"has-post-thumbnail","7":"category-nacionales"},"_links":{"self":[{"href":"https:\/\/influencias.do\/index.php\/wp-json\/wp\/v2\/posts\/63643","targetHints":{"allow":["GET"]}}],"collection":[{"href":"https:\/\/influencias.do\/index.php\/wp-json\/wp\/v2\/posts"}],"about":[{"href":"https:\/\/influencias.do\/index.php\/wp-json\/wp\/v2\/types\/post"}],"author":[{"embeddable":true,"href":"https:\/\/influencias.do\/index.php\/wp-json\/wp\/v2\/users\/1"}],"replies":[{"embeddable":true,"href":"https:\/\/influencias.do\/index.php\/wp-json\/wp\/v2\/comments?post=63643"}],"version-history":[{"count":1,"href":"https:\/\/influencias.do\/index.php\/wp-json\/wp\/v2\/posts\/63643\/revisions"}],"predecessor-version":[{"id":63645,"href":"https:\/\/influencias.do\/index.php\/wp-json\/wp\/v2\/posts\/63643\/revisions\/63645"}],"wp:featuredmedia":[{"embeddable":true,"href":"https:\/\/influencias.do\/index.php\/wp-json\/wp\/v2\/media\/63644"}],"wp:attachment":[{"href":"https:\/\/influencias.do\/index.php\/wp-json\/wp\/v2\/media?parent=63643"}],"wp:term":[{"taxonomy":"category","embeddable":true,"href":"https:\/\/influencias.do\/index.php\/wp-json\/wp\/v2\/categories?post=63643"},{"taxonomy":"post_tag","embeddable":true,"href":"https:\/\/influencias.do\/index.php\/wp-json\/wp\/v2\/tags?post=63643"}],"curies":[{"name":"wp","href":"https:\/\/api.w.org\/{rel}","templated":true}]}}