{"id":63615,"date":"2026-04-24T14:17:46","date_gmt":"2026-04-24T14:17:46","guid":{"rendered":"https:\/\/influencias.do\/?p=63615"},"modified":"2026-04-24T14:17:46","modified_gmt":"2026-04-24T14:17:46","slug":"rina-entre-internos-en-najayo-20-deja-dos-heridos-y-activa-protocolo-de-seguridad","status":"publish","type":"post","link":"https:\/\/influencias.do\/index.php\/2026\/04\/24\/rina-entre-internos-en-najayo-20-deja-dos-heridos-y-activa-protocolo-de-seguridad\/","title":{"rendered":"Ri\u00f1a entre internos en Najayo 20 deja dos heridos y activa protocolo de seguridad"},"content":{"rendered":"<p data-start=\"100\" data-end=\"403\">Un enfrentamiento entre cinco privados de libertad en el Centro Correccional Najayo 20, en San Crist\u00f3bal, dej\u00f3 dos internos lesionados la noche del jueves, mientras autoridades penitenciarias intervinieron para controlar la situaci\u00f3n y reforzar las medidas de seguridad dentro del recinto.<\/p>\n<p data-start=\"100\" data-end=\"403\">La Direcci\u00f3n General de Servicios Penitenciarios y Correccionales (DGSPC) inform\u00f3 que el personal de seguridad logr\u00f3 controlar un incidente registrado alrededor de las 8:20 de la noche, en el \u00e1rea M1, tercer piso, donde cinco internos se vieron involucrados en una ri\u00f1a por presuntas disputas internas.<\/p>\n<p data-start=\"734\" data-end=\"949\">La directora del centro, Yadira de los Santos Valdez, explic\u00f3 que las causas del enfrentamiento a\u00fan est\u00e1n bajo investigaci\u00f3n, con el objetivo de establecer responsabilidades y aplicar las sanciones correspondientes.<\/p>\n<p data-start=\"951\" data-end=\"1137\">Los privados de libertad implicados fueron identificados como Alexander Javier Ventura Castro, Carlos Manuel Flete, Delvin Yornanny Santana, Luis Junior Mart\u00ednez Lorenzo y Robert Cede\u00f1o.<\/p>\n<p data-start=\"1139\" data-end=\"1309\">Como resultado del incidente, Delvin Yornanny Santana y Robert Cede\u00f1o resultaron heridos, por lo que fueron trasladados a un centro de salud para recibir atenci\u00f3n m\u00e9dica.<\/p>\n<p data-start=\"1311\" data-end=\"1527\">Las autoridades indicaron que, tras la situaci\u00f3n, se aplicaron los protocolos de seguridad y convivencia penitenciaria, que incluyeron la reubicaci\u00f3n y el aislamiento temporal de los otros tres internos involucrados.<\/p>\n<p data-start=\"1529\" data-end=\"1760\">Asimismo, la DGSPC asegur\u00f3 que el orden fue restablecido en el recinto y que no se registraron alteraciones en las dem\u00e1s \u00e1reas, garantizando la continuidad de las actividades y el descanso del resto de la poblaci\u00f3n penitenciaria.<\/p>\n","protected":false},"excerpt":{"rendered":"<p>Un enfrentamiento entre cinco privados de libertad en el Centro Correccional Najayo 20, en San Crist\u00f3bal, dej\u00f3 dos internos lesionados la noche del jueves, mientras autoridades penitenciarias intervinieron para controlar la situaci\u00f3n y reforzar las medidas de seguridad dentro del recinto. La Direcci\u00f3n General de Servicios Penitenciarios y Correccionales (DGSPC) inform\u00f3 que el personal de [&hellip;]<\/p>\n","protected":false},"author":1,"featured_media":63616,"comment_status":"open","ping_status":"open","sticky":false,"template":"","format":"standard","meta":{"_bbp_topic_count":0,"_bbp_reply_count":0,"_bbp_total_topic_count":0,"_bbp_total_reply_count":0,"_bbp_voice_count":0,"_bbp_anonymous_reply_count":0,"_bbp_topic_count_hidden":0,"_bbp_reply_count_hidden":0,"_bbp_forum_subforum_count":0,"content-type":"","iawp_total_views":0,"footnotes":""},"categories":[105],"tags":[5075,5074,5072,5073,5076],"class_list":{"0":"post-63615","1":"post","2":"type-post","3":"status-publish","4":"format-standard","5":"has-post-thumbnail","7":"category-nacionales","8":"tag-dgspc","9":"tag-internos-heridos-san-cristobal","10":"tag-najayo-20","11":"tag-rina-en-carcel","12":"tag-sistema-penitenciario-republica-dominicana"},"_links":{"self":[{"href":"https:\/\/influencias.do\/index.php\/wp-json\/wp\/v2\/posts\/63615","targetHints":{"allow":["GET"]}}],"collection":[{"href":"https:\/\/influencias.do\/index.php\/wp-json\/wp\/v2\/posts"}],"about":[{"href":"https:\/\/influencias.do\/index.php\/wp-json\/wp\/v2\/types\/post"}],"author":[{"embeddable":true,"href":"https:\/\/influencias.do\/index.php\/wp-json\/wp\/v2\/users\/1"}],"replies":[{"embeddable":true,"href":"https:\/\/influencias.do\/index.php\/wp-json\/wp\/v2\/comments?post=63615"}],"version-history":[{"count":1,"href":"https:\/\/influencias.do\/index.php\/wp-json\/wp\/v2\/posts\/63615\/revisions"}],"predecessor-version":[{"id":63617,"href":"https:\/\/influencias.do\/index.php\/wp-json\/wp\/v2\/posts\/63615\/revisions\/63617"}],"wp:featuredmedia":[{"embeddable":true,"href":"https:\/\/influencias.do\/index.php\/wp-json\/wp\/v2\/media\/63616"}],"wp:attachment":[{"href":"https:\/\/influencias.do\/index.php\/wp-json\/wp\/v2\/media?parent=63615"}],"wp:term":[{"taxonomy":"category","embeddable":true,"href":"https:\/\/influencias.do\/index.php\/wp-json\/wp\/v2\/categories?post=63615"},{"taxonomy":"post_tag","embeddable":true,"href":"https:\/\/influencias.do\/index.php\/wp-json\/wp\/v2\/tags?post=63615"}],"curies":[{"name":"wp","href":"https:\/\/api.w.org\/{rel}","templated":true}]}}