{"id":63606,"date":"2026-04-24T13:20:11","date_gmt":"2026-04-24T13:20:11","guid":{"rendered":"https:\/\/influencias.do\/?p=63606"},"modified":"2026-04-24T13:20:11","modified_gmt":"2026-04-24T13:20:11","slug":"israel-y-el-libano-extienden-el-alto-el-fuego-tres-semanas-anuncia-trump","status":"publish","type":"post","link":"https:\/\/influencias.do\/index.php\/2026\/04\/24\/israel-y-el-libano-extienden-el-alto-el-fuego-tres-semanas-anuncia-trump\/","title":{"rendered":"Israel y el L\u00edbano extienden el alto el fuego tres semanas, anuncia Trump"},"content":{"rendered":"<p style=\"text-align: justify;\">Israel y el L\u00edbano acordaron extender tres semanas m\u00e1s el alto el fuego, anunci\u00f3 este jueves el presidente de Estados Unidos, Donald Trump, tras una reuni\u00f3n con representantes de ambos pa\u00edses en la Casa Blanca.<\/p>\n<p style=\"text-align: justify;\">Trump anunci\u00f3 la extensi\u00f3n de la tregua declarada el pasado 16 de abril luego de una reuni\u00f3n con los embajadores de Israel del L\u00edbano en Estados Unidos, Yechiel Leiter y Nada Hamadeh, para avanzar en las negociaciones.<\/p>\n<p style=\"text-align: justify;\">\u00ab\u00a1La reuni\u00f3n fue un gran \u00e9xito! Estados Unidos colaborar\u00e1 con el L\u00edbano para ayudarlo a protegerse de Hezbol\u00e1. El\u00a0<a href=\"https:\/\/efe.com\/mundo\/2026-04-16\/israel-libano-entra-vigor-alto-fuego-conflicto\/\">alto el fuego<\/a>\u00a0entre Israel y el L\u00edbano se extender\u00e1 por tres semanas\u00bb, anunci\u00f3 el l\u00edder estadounidense en la red Truth Social.<\/p>\n<figure style=\"text-align: justify;\"><img loading=\"lazy\" loading=\"lazy\" decoding=\"async\" src=\"https:\/\/i0.wp.com\/efe.com\/wp-content\/uploads\/2026\/04\/Israel-Libano-Trump-3-1.webp?resize=900%2C600&amp;ssl=1\" sizes=\"auto, (max-width: 900px) 100vw, 900px\" srcset=\"https:\/\/i0.wp.com\/efe.com\/wp-content\/uploads\/2026\/04\/Israel-Libano-Trump-3-1.webp?w=900&amp;ssl=1 900w, https:\/\/i0.wp.com\/efe.com\/wp-content\/uploads\/2026\/04\/Israel-Libano-Trump-3-1.webp?resize=300%2C200&amp;ssl=1 300w, https:\/\/i0.wp.com\/efe.com\/wp-content\/uploads\/2026\/04\/Israel-Libano-Trump-3-1.webp?resize=768%2C512&amp;ssl=1 768w, https:\/\/i0.wp.com\/efe.com\/wp-content\/uploads\/2026\/04\/Israel-Libano-Trump-3-1.webp?resize=430%2C286&amp;ssl=1 430w\" alt=\"Israel y el L\u00edbano extienden el alto el fuego tres semanas, anuncia Trump\" width=\"900\" height=\"600\" data-recalc-dims=\"1\" \/><figcaption>El embajador de Israel en EE.UU., Yechiel Leiter (i), escucha al presidente de Estados Unidos, Donald Trump (d), tras una reuni\u00f3n con L\u00edbano, este 23 de abril de 2026, en la Casa Blanca. EFE\/Will Oliver\/Pool<\/figcaption><\/figure>\n<p style=\"text-align: justify;\">El republicano agreg\u00f3 que desea recibir pr\u00f3ximamente en la Casa Blanca al primer ministro israel\u00ed, Benjam\u00edn Netanyahu, y al presidente liban\u00e9s, Joseph Aoun.<\/p>\n<p style=\"text-align: justify;\">Posteriormente en una conferencia de prensa en el Despacho Oval, Trump fue cuestionado sobre un posible acuerdo de paz duradero entre ambos pa\u00edses a lo que se limit\u00f3 a decir que \u00abexiste una gran posibilidad\u00bb.<\/p>\n<p style=\"text-align: justify;\">\u00abIsrael debe defenderse. Pero lo van a hacer con cuidado y quir\u00fargicamente\u00bb, agreg\u00f3 el republicano.<\/p>\n<p style=\"text-align: justify;\">Durante la ronda de preguntas, el secretario de Estado, Marco Rubio, dijo que la mediaci\u00f3n de Trump \u00abhizo posible\u00bb esta extensi\u00f3n del alto al fuego y fue optimista sobre las perspectivas para alcanzar la paz duradera.<\/p>\n<h2 id=\"h-israel-y-libano-negocian-bajo-el-fuego-de-hizbula\" style=\"text-align: justify;\">Israel y L\u00edbano negocian bajo el fuego de Hizbul\u00e1<\/h2>\n<p style=\"text-align: justify;\">En paralelo a la reuni\u00f3n en Washington, el grupo chi\u00ed Hizbul\u00e1 anunci\u00f3 nuevos ataques contra el norte de Israel, que el Ej\u00e9rcito intercept\u00f3.<\/p>\n<p style=\"text-align: justify;\">La de este jueves es la\u00a0<a href=\"https:\/\/efe.com\/mundo\/2026-04-20\/israel-libano-reunion-washington-negociaciones-conflicto\/\">segunda ronda de contactos<\/a>\u00a0entre Israel y el L\u00edbano tras la celebrada el 14 de abril en la sede del Departamento de Estado, en Washington, que supuso la primera reuni\u00f3n de alto nivel entre ambas naciones desde 1993 y concluy\u00f3 con un acuerdo de alto el fuego de diez d\u00edas.<\/p>\n<figure style=\"text-align: justify;\"><img loading=\"lazy\" loading=\"lazy\" decoding=\"async\" src=\"https:\/\/i0.wp.com\/efe.com\/wp-content\/uploads\/2026\/04\/Israel-Libano-Trump-2.webp?resize=900%2C600&amp;ssl=1\" sizes=\"auto, (max-width: 900px) 100vw, 900px\" srcset=\"https:\/\/i0.wp.com\/efe.com\/wp-content\/uploads\/2026\/04\/Israel-Libano-Trump-2.webp?w=900&amp;ssl=1 900w, https:\/\/i0.wp.com\/efe.com\/wp-content\/uploads\/2026\/04\/Israel-Libano-Trump-2.webp?resize=300%2C200&amp;ssl=1 300w, https:\/\/i0.wp.com\/efe.com\/wp-content\/uploads\/2026\/04\/Israel-Libano-Trump-2.webp?resize=768%2C512&amp;ssl=1 768w, https:\/\/i0.wp.com\/efe.com\/wp-content\/uploads\/2026\/04\/Israel-Libano-Trump-2.webp?resize=430%2C286&amp;ssl=1 430w\" alt=\"Israel y el L\u00edbano extienden el alto el fuego tres semanas, anuncia Trump\" width=\"900\" height=\"600\" data-recalc-dims=\"1\" \/><figcaption>Fotograf\u00eda de archivo de la respuesta de la defensa de Israel a un ataque de Hizbul\u00e1 desde L\u00edbano. EFE\/Atef Safadi<\/figcaption><\/figure>\n<p style=\"text-align: justify;\">Hizbul\u00e1 defendi\u00f3 sus andanadas como una \u00abrespuesta a la violaci\u00f3n del alto el fuego de Israel\u00bb, que entr\u00f3 en vigor el pasado viernes, por sus ataques contra el sur del pa\u00eds.<\/p>\n<p style=\"text-align: justify;\">Al menos tres personas murieron este jueves y otras dos resultaron heridas en bombardeos a\u00e9reos y ataques de artiller\u00eda del Ej\u00e9rcito israel\u00ed en el L\u00edbano, donde la violencia no se ha detenido pese a este armisticio.<\/p>\n<p style=\"text-align: justify;\">Las Fuerzas de Defensa de Israel (FDI) aseguraron haber identificado misiles provenientes del L\u00edbano, que activaron las alarmas antia\u00e9reas, y que, seg\u00fan los israel\u00edes fueron interceptados.<\/p>\n<p style=\"text-align: justify;\">Solo desde la entrada en vigor de la tregua la medianoche el jueves hasta el domingo al mediod\u00eda, el Centro Nacional para Peligros Naturales y Alerta Temprana del L\u00edbano contabiliz\u00f3 220 violaciones del acuerdo, entre ellas 52 ataques de artiller\u00eda, 15 incidentes con ametralladoras y siete bombardeos.<\/p>\n<p style=\"text-align: justify;\">Hizbul\u00e1, aliado de Ir\u00e1n, entr\u00f3 en el conflicto como retaliaci\u00f3n por la operaci\u00f3n conjunta de EE.UU. e Israel sobre Teher\u00e1n, lo que desencaden\u00f3 una dura ofensiva de Tel Aviv contra el L\u00edbano que ha provocado 2.294 muertos y 7.544 en siete semanas, seg\u00fan datos oficiales.<\/p>\n<h2 id=\"h-israel-dice-que-el-alto-al-fuego-no-es-del-100\" style=\"text-align: justify;\">Israel dice que el alto al fuego \u00abno es del 100 %\u00bb<\/h2>\n<p style=\"text-align: justify;\">Entretanto, el embajador de Israel ante la Organizaci\u00f3n de Naciones Unidas (ONU), Danny Danon, dijo en una entrevista con la cadena CNN que el alto al fuego prolongado con L\u00edbano \u00abno es del 100%\u00bb.<\/p>\n<p style=\"text-align: justify;\">\u00abEl gobierno liban\u00e9s no tiene control sobre Hizbul\u00e1, y Hizbul\u00e1 est\u00e1 lanzando cohetes para intentar sabotear el alto el fuego. Israel, tenemos que tomar represalias. Cada vez que vemos una amenaza, actuamos\u00bb, dijo Danon a la cadena durante una entrevista para justificar las excepciones de la tregua extendida.<\/p>\n<figure style=\"text-align: justify;\"><img loading=\"lazy\" loading=\"lazy\" decoding=\"async\" src=\"https:\/\/i0.wp.com\/efe.com\/wp-content\/uploads\/2026\/04\/Danny_Dannon.webp?resize=900%2C600&amp;ssl=1\" sizes=\"auto, (max-width: 900px) 100vw, 900px\" srcset=\"https:\/\/i0.wp.com\/efe.com\/wp-content\/uploads\/2026\/04\/Danny_Dannon.webp?w=900&amp;ssl=1 900w, https:\/\/i0.wp.com\/efe.com\/wp-content\/uploads\/2026\/04\/Danny_Dannon.webp?resize=300%2C200&amp;ssl=1 300w, https:\/\/i0.wp.com\/efe.com\/wp-content\/uploads\/2026\/04\/Danny_Dannon.webp?resize=768%2C512&amp;ssl=1 768w, https:\/\/i0.wp.com\/efe.com\/wp-content\/uploads\/2026\/04\/Danny_Dannon.webp?resize=430%2C286&amp;ssl=1 430w\" alt=\"Israel y el L\u00edbano extienden el alto el fuego tres semanas, anuncia Trump\" width=\"900\" height=\"600\" data-recalc-dims=\"1\" \/><figcaption>Fotograf\u00eda de archivo del embajador de Israel ante la ONU, Danny Danon. EFE\/EPA\/ Olga Fedorova<\/figcaption><\/figure>\n<p style=\"text-align: justify;\">Danon afirm\u00f3 que \u00abes una situaci\u00f3n significativamente mejor. No es perfecta, pero espero que el ej\u00e9rcito liban\u00e9s sea capaz de implementar y hacer cumplir este alto el fuego\u00bb.<\/p>\n<p style=\"text-align: justify;\">El Gobierno liban\u00e9s ha rechazado que Ir\u00e1n negocie en su nombre en las conversaciones que mantiene con Estados Unidos en Pakist\u00e1n y ha apostado por mantener estas negociaciones directas con Israel, que Hizbul\u00e1 rechaza.<\/p>\n<p style=\"text-align: justify;\">EFE<\/p>\n","protected":false},"excerpt":{"rendered":"<p>Israel y el L\u00edbano acordaron extender tres semanas m\u00e1s el alto el fuego, anunci\u00f3 este jueves el presidente de Estados Unidos, Donald Trump, tras una reuni\u00f3n con representantes de ambos pa\u00edses en la Casa Blanca. Trump anunci\u00f3 la extensi\u00f3n de la tregua declarada el pasado 16 de abril luego de una reuni\u00f3n con los embajadores [&hellip;]<\/p>\n","protected":false},"author":1,"featured_media":63607,"comment_status":"open","ping_status":"open","sticky":false,"template":"","format":"standard","meta":{"_bbp_topic_count":0,"_bbp_reply_count":0,"_bbp_total_topic_count":0,"_bbp_total_reply_count":0,"_bbp_voice_count":0,"_bbp_anonymous_reply_count":0,"_bbp_topic_count_hidden":0,"_bbp_reply_count_hidden":0,"_bbp_forum_subforum_count":0,"content-type":"","iawp_total_views":0,"footnotes":""},"categories":[108,1],"tags":[2070,223,2570,3645],"class_list":{"0":"post-63606","1":"post","2":"type-post","3":"status-publish","4":"format-standard","5":"has-post-thumbnail","7":"category-mas-vistas","8":"category-portada","9":"tag-donald-trump","10":"tag-estados-unidos","11":"tag-israel","12":"tag-libano"},"_links":{"self":[{"href":"https:\/\/influencias.do\/index.php\/wp-json\/wp\/v2\/posts\/63606","targetHints":{"allow":["GET"]}}],"collection":[{"href":"https:\/\/influencias.do\/index.php\/wp-json\/wp\/v2\/posts"}],"about":[{"href":"https:\/\/influencias.do\/index.php\/wp-json\/wp\/v2\/types\/post"}],"author":[{"embeddable":true,"href":"https:\/\/influencias.do\/index.php\/wp-json\/wp\/v2\/users\/1"}],"replies":[{"embeddable":true,"href":"https:\/\/influencias.do\/index.php\/wp-json\/wp\/v2\/comments?post=63606"}],"version-history":[{"count":1,"href":"https:\/\/influencias.do\/index.php\/wp-json\/wp\/v2\/posts\/63606\/revisions"}],"predecessor-version":[{"id":63608,"href":"https:\/\/influencias.do\/index.php\/wp-json\/wp\/v2\/posts\/63606\/revisions\/63608"}],"wp:featuredmedia":[{"embeddable":true,"href":"https:\/\/influencias.do\/index.php\/wp-json\/wp\/v2\/media\/63607"}],"wp:attachment":[{"href":"https:\/\/influencias.do\/index.php\/wp-json\/wp\/v2\/media?parent=63606"}],"wp:term":[{"taxonomy":"category","embeddable":true,"href":"https:\/\/influencias.do\/index.php\/wp-json\/wp\/v2\/categories?post=63606"},{"taxonomy":"post_tag","embeddable":true,"href":"https:\/\/influencias.do\/index.php\/wp-json\/wp\/v2\/tags?post=63606"}],"curies":[{"name":"wp","href":"https:\/\/api.w.org\/{rel}","templated":true}]}}