{"id":62226,"date":"2026-02-28T19:18:49","date_gmt":"2026-02-28T19:18:49","guid":{"rendered":"https:\/\/influencias.do\/?p=62226"},"modified":"2026-02-28T19:18:49","modified_gmt":"2026-02-28T19:18:49","slug":"pld-advierte-retroceso-nacional-y-ruptura-de-la-confianza-tras-discurso-presidencial","status":"publish","type":"post","link":"https:\/\/influencias.do\/index.php\/2026\/02\/28\/pld-advierte-retroceso-nacional-y-ruptura-de-la-confianza-tras-discurso-presidencial\/","title":{"rendered":"PLD advierte retroceso nacional y ruptura de la confianza tras discurso presidencial"},"content":{"rendered":"<p style=\"font-weight: 400; text-align: justify;\">\n<p style=\"font-weight: 400; text-align: justify;\"><strong><span data-originalfontsize=\"14pt\" data-originalcomputedfontsize=\"18.666666\">El Partido de la Liberaci\u00f3n Dominicana (PLD)<\/span><\/strong><span data-originalfontsize=\"14pt\" data-originalcomputedfontsize=\"18.666666\">afirm\u00f3 este jueves que la Rep\u00fablica Dominicana atraviesa un preocupante retroceso econ\u00f3mico e institucional, tras evaluar el discurso de rendici\u00f3n de cuentas del presidente Luis Abinader en ocasi\u00f3n del aniversario de la Independencia Nacional.<\/span><\/p>\n<p style=\"font-weight: 400; text-align: justify;\"><span data-originalfontsize=\"14pt\" data-originalcomputedfontsize=\"18.666666\">En un pronunciamiento encabezado por el Secretario General del PLD, Johnny Pujols, la organizaci\u00f3n sostuvo que el pa\u00eds enfrenta una ruptura profunda de la confianza ciudadana, producto \u2014seg\u00fan indic\u00f3\u2014 de pol\u00edticas p\u00fablicas mal concebidas y peor ejecutadas.<\/span><\/p>\n<p style=\"font-weight: 400; text-align: justify;\"><span data-originalfontsize=\"14pt\" data-originalcomputedfontsize=\"18.666666\">\u201cEste gobierno no solo ha roto la econom\u00eda, la salud, el servicio el\u00e9ctrico y el acceso a la canasta b\u00e1sica. Ha roto lo m\u00e1s elemental para que funcionemos como naci\u00f3n: la confianza\u201d, expres\u00f3 Pujols.<\/span><\/p>\n<p style=\"font-weight: 400; text-align: justify;\"><span data-originalfontsize=\"14pt\" data-originalcomputedfontsize=\"18.666666\">El Secretario General asumi\u00f3 la vocer\u00eda del Comit\u00e9 Pol\u00edtico, cuyos integrantes estuvieron presentes en el Sal\u00f3n Bienvenido Sandoval de la sede nacional del PLD, as\u00ed como el equipo t\u00e9cnico que estuvo monitoreando la alocuci\u00f3n del mandatario.<\/span><\/p>\n<p style=\"font-weight: 400; text-align: justify;\"><span data-originalfontsize=\"14pt\" data-originalcomputedfontsize=\"18.666666\">Esas anotaciones sirvieron de pauta a la exposici\u00f3n del Secretario General del PLD en nombre del Comit\u00e9 Pol\u00edtico<\/span><\/p>\n<p style=\"font-weight: 400; text-align: justify;\"><strong><span data-originalfontsize=\"14pt\" data-originalcomputedfontsize=\"18.666666\">Costo de la vida, producci\u00f3n nacional y seguridad alimentaria<\/span><\/strong><\/p>\n<p style=\"font-weight: 400; text-align: justify;\"><strong><span data-originalfontsize=\"14pt\" data-originalcomputedfontsize=\"18.666666\">El Partido de la Liberaci\u00f3n Dominicana (PLD)<\/span><\/strong><span data-originalfontsize=\"14pt\" data-originalcomputedfontsize=\"18.666666\">afirm\u00f3 que el aumento sostenido del costo de la vida se ha convertido en la principal preocupaci\u00f3n de las familias dominicanas. Se\u00f1al\u00f3 que la inflaci\u00f3n de alimentos super\u00f3 el 8 % en 2025 y que productos esenciales como arroz, pollo, huevo y pl\u00e1tano han experimentado aumentos significativos en comparaci\u00f3n con 2019.<\/span><\/p>\n<p style=\"font-weight: 400; text-align: justify;\"><span data-originalfontsize=\"14pt\" data-originalcomputedfontsize=\"18.666666\">La organizaci\u00f3n advirti\u00f3, adem\u00e1s, que el sector agropecuario atraviesa una etapa cr\u00edtica que compromete la seguridad alimentaria del pa\u00eds. Seg\u00fan explic\u00f3 su secretario general, la autosuficiencia alimentaria se redujo de 88.5 % a 72 %, lo que implica que cerca del 28 % de los alimentos consumidos en 2025 fueron importados. Las importaciones alcanzaron los US$5,591 millones, representando un incremento del 80 % respecto a 2019, mientras que cayeron exportaciones agr\u00edcolas claves como el banano (45 %), tomate (28 %), hortalizas (25.6 %) y az\u00facar (19 %).<\/span><\/p>\n<p style=\"font-weight: 400; text-align: justify;\"><span data-originalfontsize=\"14pt\" data-originalcomputedfontsize=\"18.666666\">Asimismo, cuestion\u00f3 que el mayor volumen de cr\u00e9dito otorgado por el Banco Agr\u00edcola no haya sido orientado prioritariamente al fortalecimiento de la producci\u00f3n nacional. \u201cEl\u00a0campo dominicano no tiene paz. Se ha debilitado la producci\u00f3n local y se ha puesto en riesgo la soberan\u00eda alimentaria\u201d, afirm\u00f3.<\/span><\/p>\n<p style=\"font-weight: 400; text-align: justify;\"><span data-originalfontsize=\"14pt\" data-originalcomputedfontsize=\"18.666666\">El PLD sostuvo que el crecimiento econ\u00f3mico exhibido por el gobierno responde principalmente al alza internacional del oro y no a una pol\u00edtica productiva interna s\u00f3lida.<\/span><\/p>\n<p style=\"font-weight: 400; text-align: justify;\"><strong><span data-originalfontsize=\"14pt\" data-originalcomputedfontsize=\"18.666666\">Endeudamiento y presi\u00f3n fiscal<\/span><\/strong><\/p>\n<p style=\"font-weight: 400; text-align: justify;\"><span data-originalfontsize=\"14pt\" data-originalcomputedfontsize=\"18.666666\">El partido alert\u00f3 sobre el peso creciente del servicio de la deuda p\u00fablica, indicando que el pa\u00eds destina alrededor de 324 mil millones de pesos anuales al pago de intereses, lo que representa aproximadamente el 25 % de los ingresos del Estado.<\/span><\/p>\n<p style=\"font-weight: 400; text-align: justify;\"><span data-originalfontsize=\"14pt\" data-originalcomputedfontsize=\"18.666666\">\u201cCuando una cuarta parte de los ingresos se va en pagar intereses, el pa\u00eds pierde capacidad para invertir en salud, seguridad e infraestructura\u201d, se\u00f1al\u00f3 el secretario general, advirtiendo que esta situaci\u00f3n limita la inversi\u00f3n social y compromete el futuro fiscal de la naci\u00f3n.<\/span><\/p>\n<p style=\"font-weight: 400; text-align: justify;\"><strong><span data-originalfontsize=\"14pt\" data-originalcomputedfontsize=\"18.666666\">Seguridad, violencia y servicios p\u00fablicos<\/span><\/strong><\/p>\n<p style=\"font-weight: 400; text-align: justify;\"><span data-originalfontsize=\"14pt\" data-originalcomputedfontsize=\"18.666666\">El PLD expres\u00f3 preocupaci\u00f3n por la falta de transparencia en las estad\u00edsticas oficiales sobre criminalidad y feminicidios. Indic\u00f3 que, mientras las autoridades reportan 58 feminicidios en 2025, registros recopilados a partir de reportes p\u00fablicos elevan la cifra a 80 casos.<\/span><\/p>\n<p style=\"font-weight: 400; text-align: justify;\"><span data-originalfontsize=\"14pt\" data-originalcomputedfontsize=\"18.666666\">\u201cSurge una pregunta leg\u00edtima y dolorosa: \u00bfd\u00f3nde est\u00e1n las 22 v\u00edctimas que no aparecen en las estad\u00edsticas oficiales?\u201d, cuestion\u00f3 el dirigente, al tiempo que afirm\u00f3 que no se observan pol\u00edticas integrales efectivas para enfrentar la violencia contra las mujeres.<\/span><\/p>\n<p style=\"font-weight: 400; text-align: justify;\"><strong><span data-originalfontsize=\"14pt\" data-originalcomputedfontsize=\"18.666666\">En el sector el\u00e9ctrico,<\/span><\/strong><span data-originalfontsize=\"14pt\" data-originalcomputedfontsize=\"18.666666\"> calific\u00f3 como alarmantes los recientes apagones generales y el aumento de las p\u00e9rdidas del sistema a m\u00e1s del 42 %, atribuy\u00e9ndolo a ineficiencia y falta de planificaci\u00f3n.<\/span><\/p>\n<p style=\"font-weight: 400; text-align: justify;\"><strong><span data-originalfontsize=\"14pt\" data-originalcomputedfontsize=\"18.666666\">En salud y educaci\u00f3n,<\/span><\/strong><span data-originalfontsize=\"14pt\" data-originalcomputedfontsize=\"18.666666\"> denunci\u00f3 precariedades hospitalarias, d\u00e9ficit presupuestario en el Servicio Nacional de Salud, cuestionamientos en instituciones p\u00fablicas, reducci\u00f3n en la cobertura escolar y un d\u00e9ficit superior a cinco mil aulas. Tambi\u00e9n critic\u00f3 la baja inversi\u00f3n p\u00fablica en infraestructura, situ\u00e1ndola en apenas 1.4 % del PIB, as\u00ed como el retraso en proyectos de transporte y obras estrat\u00e9gicas anunciadas.<\/span><\/p>\n<p style=\"font-weight: 400; text-align: justify;\"><strong><span data-originalfontsize=\"14pt\" data-originalcomputedfontsize=\"18.666666\">Llamado al retorno del orden institucional<\/span><\/strong><\/p>\n<p style=\"font-weight: 400; text-align: justify;\"><span data-originalfontsize=\"14pt\" data-originalcomputedfontsize=\"18.666666\">Finalmente, el Partido de la Liberaci\u00f3n Dominicana sostuvo que el pa\u00eds necesita recuperar el\u00a0orden institucional<strong data-removefontsize=\"true\" data-originalcomputedfontsize=\"18.666666\">,<\/strong> la planificaci\u00f3n estrat\u00e9gica y la capacidad de ejecuci\u00f3n del Estado.<\/span><\/p>\n<p style=\"font-weight: 400; text-align: justify;\"><span data-originalfontsize=\"14pt\" data-originalcomputedfontsize=\"18.666666\">\u201cEl pueblo dominicano cumple con su trabajo y con sus responsabilidades. Es el gobierno el que ha fallado. La Rep\u00fablica Dominicana necesita direcci\u00f3n, experiencia y resultados. El pa\u00eds no puede seguir gobernado desde la propaganda; es momento de retomar el rumbo\u201d, concluy\u00f3.<\/span><\/p>\n<p style=\"font-weight: 400; text-align: justify;\"><span data-originalfontsize=\"14pt\" data-originalcomputedfontsize=\"18.666666\">El\u00a0<strong data-removefontsize=\"true\" data-originalcomputedfontsize=\"18.666666\">PLD reiter\u00f3 su compromiso de trabajar<\/strong>\u00a0por una naci\u00f3n con estabilidad, crecimiento productivo y oportunidades reales para todos los dominicanos.<\/span><\/p>\n<p style=\"font-weight: 400;\">\n","protected":false},"excerpt":{"rendered":"<p>El Partido de la Liberaci\u00f3n Dominicana (PLD)afirm\u00f3 este jueves que la Rep\u00fablica Dominicana atraviesa un preocupante retroceso econ\u00f3mico e institucional, tras evaluar el discurso de rendici\u00f3n de cuentas del presidente Luis Abinader en ocasi\u00f3n del aniversario de la Independencia Nacional. En un pronunciamiento encabezado por el Secretario General del PLD, Johnny Pujols, la organizaci\u00f3n sostuvo [&hellip;]<\/p>\n","protected":false},"author":1,"featured_media":62227,"comment_status":"open","ping_status":"open","sticky":false,"template":"","format":"standard","meta":{"_bbp_topic_count":0,"_bbp_reply_count":0,"_bbp_total_topic_count":0,"_bbp_total_reply_count":0,"_bbp_voice_count":0,"_bbp_anonymous_reply_count":0,"_bbp_topic_count_hidden":0,"_bbp_reply_count_hidden":0,"_bbp_forum_subforum_count":0,"content-type":"","iawp_total_views":0,"footnotes":""},"categories":[106],"tags":[],"class_list":{"0":"post-62226","1":"post","2":"type-post","3":"status-publish","4":"format-standard","5":"has-post-thumbnail","7":"category-politica"},"_links":{"self":[{"href":"https:\/\/influencias.do\/index.php\/wp-json\/wp\/v2\/posts\/62226","targetHints":{"allow":["GET"]}}],"collection":[{"href":"https:\/\/influencias.do\/index.php\/wp-json\/wp\/v2\/posts"}],"about":[{"href":"https:\/\/influencias.do\/index.php\/wp-json\/wp\/v2\/types\/post"}],"author":[{"embeddable":true,"href":"https:\/\/influencias.do\/index.php\/wp-json\/wp\/v2\/users\/1"}],"replies":[{"embeddable":true,"href":"https:\/\/influencias.do\/index.php\/wp-json\/wp\/v2\/comments?post=62226"}],"version-history":[{"count":1,"href":"https:\/\/influencias.do\/index.php\/wp-json\/wp\/v2\/posts\/62226\/revisions"}],"predecessor-version":[{"id":62228,"href":"https:\/\/influencias.do\/index.php\/wp-json\/wp\/v2\/posts\/62226\/revisions\/62228"}],"wp:featuredmedia":[{"embeddable":true,"href":"https:\/\/influencias.do\/index.php\/wp-json\/wp\/v2\/media\/62227"}],"wp:attachment":[{"href":"https:\/\/influencias.do\/index.php\/wp-json\/wp\/v2\/media?parent=62226"}],"wp:term":[{"taxonomy":"category","embeddable":true,"href":"https:\/\/influencias.do\/index.php\/wp-json\/wp\/v2\/categories?post=62226"},{"taxonomy":"post_tag","embeddable":true,"href":"https:\/\/influencias.do\/index.php\/wp-json\/wp\/v2\/tags?post=62226"}],"curies":[{"name":"wp","href":"https:\/\/api.w.org\/{rel}","templated":true}]}}