{"id":61737,"date":"2026-02-16T12:59:34","date_gmt":"2026-02-16T12:59:34","guid":{"rendered":"https:\/\/influencias.do\/?p=61737"},"modified":"2026-02-16T12:59:34","modified_gmt":"2026-02-16T12:59:34","slug":"aniversario-del-prm-desata-fuego-politico-abinader-habla-de-logros-leonel-contraataca-y-la-calle-exige-respuestas","status":"publish","type":"post","link":"https:\/\/influencias.do\/index.php\/2026\/02\/16\/aniversario-del-prm-desata-fuego-politico-abinader-habla-de-logros-leonel-contraataca-y-la-calle-exige-respuestas\/","title":{"rendered":"Aniversario del PRM desata fuego pol\u00edtico: Abinader habla de logros, Leonel contraataca y la calle exige respuestas"},"content":{"rendered":"<p data-start=\"347\" data-end=\"677\">El <strong>11.\u00ba aniversario del Partido Revolucionario Moderno (PRM)<\/strong> no solo sirvi\u00f3 para celebrar su ascenso y permanencia en el poder, sino que tambi\u00e9n abri\u00f3 un nuevo cap\u00edtulo de confrontaci\u00f3n pol\u00edtica entre el oficialismo y la oposici\u00f3n, en un momento donde el debate p\u00fablico se mueve entre cifras macroecon\u00f3micas y el sentir ciudadano.<\/p>\n<p data-start=\"679\" data-end=\"1139\">Durante el acto conmemorativo, el presidente <strong data-start=\"724\" data-end=\"765\"><span class=\"hover:entity-accent entity-underline inline cursor-pointer align-baseline\"><span class=\"whitespace-normal\">Luis Abinader<\/span><\/span><\/strong> defendi\u00f3 la gesti\u00f3n gubernamental, resaltando avances en crecimiento econ\u00f3mico, inversi\u00f3n extranjera, recuperaci\u00f3n del empleo y fortalecimiento institucional.<\/p>\n<p data-start=\"679\" data-end=\"1139\">En su discurso, insisti\u00f3 en que la lucha contra la corrupci\u00f3n sigue siendo un pilar fundamental de su administraci\u00f3n y advirti\u00f3 que quienes traicionen esos principios no tienen espacio dentro del proyecto pol\u00edtico.<\/p>\n<p data-start=\"1141\" data-end=\"1345\">El mandatario tambi\u00e9n llam\u00f3 a la unidad interna del partido y a mantener la disciplina de cara a los pr\u00f3ximos desaf\u00edos electorales, en una clara se\u00f1al de que el oficialismo comienza a mirar hacia el 2028.<\/p>\n<h2 data-start=\"1347\" data-end=\"1372\">La respuesta opositora<\/h2>\n<p data-start=\"1374\" data-end=\"1609\">Las declaraciones no tardaron en generar reacci\u00f3n. El expresidente <strong data-start=\"1441\" data-end=\"1482\"><span class=\"hover:entity-accent entity-underline inline cursor-pointer align-baseline\"><span class=\"whitespace-normal\">Leonel Fern\u00e1ndez<\/span><\/span><\/strong>, l\u00edder de la Fuerza del Pueblo, respondi\u00f3 con dureza, cuestionando la narrativa oficial sobre el desempe\u00f1o econ\u00f3mico del pa\u00eds.<\/p>\n<p data-start=\"1611\" data-end=\"1960\">Fern\u00e1ndez sostuvo que los problemas que enfrenta la poblaci\u00f3n no se resuelven con discursos ni estad\u00edsticas, sino con pol\u00edticas p\u00fablicas que impacten directamente el bolsillo de la gente.<\/p>\n<p data-start=\"1611\" data-end=\"1960\">En sus declaraciones, tambi\u00e9n critic\u00f3 lo que calific\u00f3 como una desconexi\u00f3n entre los datos presentados por el gobierno y la realidad que viven muchos ciudadanos.<\/p>\n<p data-start=\"1962\" data-end=\"2129\">La confrontaci\u00f3n verbal volvi\u00f3 a colocar en el centro del debate temas como el costo de la vida, los servicios p\u00fablicos, el empleo y la percepci\u00f3n de bienestar social.<\/p>\n<h2 data-start=\"2131\" data-end=\"2174\">Corrupci\u00f3n y econom\u00eda: el eje del choque<\/h2>\n<p data-start=\"2176\" data-end=\"2406\">El presidente Abinader reafirm\u00f3 que su gesti\u00f3n ha permitido mayor independencia del Ministerio P\u00fablico y ha impulsado procesos judiciales contra funcionarios se\u00f1alados por actos il\u00edcitos, en contraste con administraciones pasadas.<\/p>\n<p data-start=\"2408\" data-end=\"2640\">Desde la oposici\u00f3n, sin embargo, se insiste en que el pa\u00eds enfrenta retos estructurales que no se resuelven \u00fanicamente con casos judiciales, sino con transformaciones profundas en \u00e1reas como salud, educaci\u00f3n y desarrollo productivo.<\/p>\n<p data-start=\"2642\" data-end=\"2786\">Este intercambio reaviva una discusi\u00f3n que ha marcado los \u00faltimos a\u00f1os: \u00bflos avances macroecon\u00f3micos se reflejan realmente en la vida cotidiana?<\/p>\n<h2 data-start=\"2788\" data-end=\"2810\">El factor ciudadano<\/h2>\n<p data-start=\"2812\" data-end=\"3024\">M\u00e1s all\u00e1 del intercambio pol\u00edtico, el debate ocurre en un contexto donde parte de la poblaci\u00f3n manifiesta preocupaci\u00f3n por el costo de productos b\u00e1sicos, el acceso a servicios y la estabilidad econ\u00f3mica familiar.<\/p>\n<p data-start=\"3026\" data-end=\"3178\">La celebraci\u00f3n partidaria, las cr\u00edticas opositoras y la percepci\u00f3n social convergen en un escenario que anticipa un clima pol\u00edtico cada vez m\u00e1s intenso.<\/p>\n<p data-start=\"3180\" data-end=\"3435\">Con el calendario electoral todav\u00eda a distancia, el aniversario del PRM dej\u00f3 claro que la competencia narrativa ya est\u00e1 en marcha y que los discursos oficiales ser\u00e1n medidos no solo por sus cifras, sino por su impacto en la vida diaria de los dominicanos.<\/p>\n","protected":false},"excerpt":{"rendered":"<p>El 11.\u00ba aniversario del Partido Revolucionario Moderno (PRM) no solo sirvi\u00f3 para celebrar su ascenso y permanencia en el poder, sino que tambi\u00e9n abri\u00f3 un nuevo cap\u00edtulo de confrontaci\u00f3n pol\u00edtica entre el oficialismo y la oposici\u00f3n, en un momento donde el debate p\u00fablico se mueve entre cifras macroecon\u00f3micas y el sentir ciudadano. Durante el acto [&hellip;]<\/p>\n","protected":false},"author":1,"featured_media":61738,"comment_status":"open","ping_status":"open","sticky":false,"template":"","format":"standard","meta":{"_bbp_topic_count":0,"_bbp_reply_count":0,"_bbp_total_topic_count":0,"_bbp_total_reply_count":0,"_bbp_voice_count":0,"_bbp_anonymous_reply_count":0,"_bbp_topic_count_hidden":0,"_bbp_reply_count_hidden":0,"_bbp_forum_subforum_count":0,"content-type":"","iawp_total_views":0,"footnotes":""},"categories":[106,1],"tags":[4876,4880,4881,4878,4877,4882,4879],"class_list":{"0":"post-61737","1":"post","2":"type-post","3":"status-publish","4":"format-standard","5":"has-post-thumbnail","7":"category-politica","8":"category-portada","9":"tag-aniversario-del-prm","10":"tag-corrupcion-en-republica-dominicana","11":"tag-economia-dominicana-2026","12":"tag-leonel-fernandez-responde","13":"tag-luis-abinader-discurso-prm","14":"tag-oposicion-fuerza-del-pueblo","15":"tag-reaccion-leonel-fernandez"},"_links":{"self":[{"href":"https:\/\/influencias.do\/index.php\/wp-json\/wp\/v2\/posts\/61737","targetHints":{"allow":["GET"]}}],"collection":[{"href":"https:\/\/influencias.do\/index.php\/wp-json\/wp\/v2\/posts"}],"about":[{"href":"https:\/\/influencias.do\/index.php\/wp-json\/wp\/v2\/types\/post"}],"author":[{"embeddable":true,"href":"https:\/\/influencias.do\/index.php\/wp-json\/wp\/v2\/users\/1"}],"replies":[{"embeddable":true,"href":"https:\/\/influencias.do\/index.php\/wp-json\/wp\/v2\/comments?post=61737"}],"version-history":[{"count":1,"href":"https:\/\/influencias.do\/index.php\/wp-json\/wp\/v2\/posts\/61737\/revisions"}],"predecessor-version":[{"id":61739,"href":"https:\/\/influencias.do\/index.php\/wp-json\/wp\/v2\/posts\/61737\/revisions\/61739"}],"wp:featuredmedia":[{"embeddable":true,"href":"https:\/\/influencias.do\/index.php\/wp-json\/wp\/v2\/media\/61738"}],"wp:attachment":[{"href":"https:\/\/influencias.do\/index.php\/wp-json\/wp\/v2\/media?parent=61737"}],"wp:term":[{"taxonomy":"category","embeddable":true,"href":"https:\/\/influencias.do\/index.php\/wp-json\/wp\/v2\/categories?post=61737"},{"taxonomy":"post_tag","embeddable":true,"href":"https:\/\/influencias.do\/index.php\/wp-json\/wp\/v2\/tags?post=61737"}],"curies":[{"name":"wp","href":"https:\/\/api.w.org\/{rel}","templated":true}]}}