{"id":61717,"date":"2026-02-15T23:05:41","date_gmt":"2026-02-15T23:05:41","guid":{"rendered":"https:\/\/influencias.do\/?p=61717"},"modified":"2026-02-15T23:05:41","modified_gmt":"2026-02-15T23:05:41","slug":"presidente-abinader-insta-a-jovenes-a-estudiar-carreras-relacionadas-con-ciencias-e-idiomas","status":"publish","type":"post","link":"https:\/\/influencias.do\/index.php\/2026\/02\/15\/presidente-abinader-insta-a-jovenes-a-estudiar-carreras-relacionadas-con-ciencias-e-idiomas\/","title":{"rendered":"Presidente Abinader insta a j\u00f3venes a estudiar carreras relacionadas con ciencias e idiomas\u00a0"},"content":{"rendered":"<p style=\"text-align: justify;\">\n<p style=\"text-align: justify;\"><span dir=\"auto\" style=\"vertical-align: inherit;\"><span dir=\"auto\" style=\"vertical-align: inherit;\"><strong>Villa Altagracia, San Crist\u00f3bal.\u2014<\/strong> El presidente Luis Abinader inst\u00f3 este domingo a los j\u00f3venes a optar por estudiar carreras vinculadas con las ciencias y los idiomas, que son los sectores con alta demanda en la Rep\u00fablica Dominicana, y reafirm\u00f3 su compromiso con la juventud para brindarles oportunidades de desarrollo y formaci\u00f3n que les permitir\u00e1 construir un futuro exitoso.<\/span><\/span><\/p>\n<p style=\"text-align: justify;\"><span dir=\"auto\" style=\"vertical-align: inherit;\"><span dir=\"auto\" style=\"vertical-align: inherit;\">Durante un almuerzo con 350 j\u00f3venes realizado en el Polit\u00e9cnico Nuestra Se\u00f1ora de La Altagracia, sector Los Pajaritos, el presidente Abinader llam\u00f3 a los estudiantes a aprovechar las oportunidades que ofrece el Gobierno para continuar sus estudios profesionales a trav\u00e9s del programa Beca T\u00fa Futuro, que contempla becas en universidades nacionales e internacionales.<\/span><\/span><\/p>\n<p style=\"text-align: justify;\"><span dir=\"auto\" style=\"vertical-align: inherit;\"><span dir=\"auto\" style=\"vertical-align: inherit;\">En ese sentido, el mandatario invit\u00f3 a los j\u00f3venes a visitar la plataforma beca.gob.do para conocer y aprovechar las oportunidades disponibles, se\u00f1alando que el n\u00famero de becas ha aumentado un 25 % desde 2019 y que el pr\u00f3ximo a\u00f1o se planea ampliarlas a\u00fan m\u00e1s.<\/span><\/span><\/p>\n<p style=\"text-align: justify;\"><span dir=\"auto\" style=\"vertical-align: inherit;\"><span dir=\"auto\" style=\"vertical-align: inherit;\">Asimismo, el gobernante destac\u00f3 que quienes dominan el ingl\u00e9s tienen mayores oportunidades de empleabilidad, y que el sector de ciberseguridad requiere profesionales capacitados que a\u00fan no son suficientes para cubrir la demanda.<\/span><\/span><\/p>\n<p style=\"text-align: justify;\"><span dir=\"auto\" style=\"vertical-align: inherit;\"><span dir=\"auto\" style=\"vertical-align: inherit;\">El presidente Abinader resalt\u00f3 que su gesti\u00f3n est\u00e1 centrada en mejorar la infraestructura escolar mediante el equipamiento de laboratorios, la construcci\u00f3n de comedores y techados en los centros educativos, buscando elevar la calidad de la educaci\u00f3n p\u00fablica.<\/span><\/span><\/p>\n<p style=\"text-align: justify;\"><span dir=\"auto\" style=\"vertical-align: inherit;\"><span dir=\"auto\" style=\"vertical-align: inherit;\">Record\u00f3 que hace 14 a\u00f1os ning\u00fan centro educativo oficial alcanz\u00f3 los primeros lugares en competencias de rob\u00f3tica, mientras que en la \u00faltima edici\u00f3n una instituci\u00f3n p\u00fablica logr\u00f3 el primer lugar y se llev\u00f3 la mayor\u00eda de los premios.<\/span><\/span><\/p>\n<p style=\"text-align: justify;\"><span dir=\"auto\" style=\"vertical-align: inherit;\"><span dir=\"auto\" style=\"vertical-align: inherit;\">&#8220;La educaci\u00f3n p\u00fablica, con todos sus desaf\u00edos actuales, comparada con la de hace 30 a\u00f1os, ha mejorado significativamente. La calidad de los estudiantes de hoy se compara con la de cualquier centro privado de alto costo en Santo Domingo&#8221;, afirm\u00f3.<\/span><\/span><\/p>\n<p style=\"text-align: justify;\"><span dir=\"auto\" style=\"vertical-align: inherit;\"><span dir=\"auto\" style=\"vertical-align: inherit;\">A\u00f1adi\u00f3 que el avance educativo no depende solo de la infraestructura, sino tambi\u00e9n del compromiso de estudiantes, docentes y la comunidad, quienes son clave para lograr mejores resultados y consolidar un aprendizaje de calidad.<\/span><\/span><\/p>\n<p style=\"text-align: justify;\"><span dir=\"auto\" style=\"vertical-align: inherit;\"><span dir=\"auto\" style=\"vertical-align: inherit;\">El jefe de Estado tambi\u00e9n advirti\u00f3 sobre el impacto del mal uso de las redes sociales, que puede afectar la salud mental de los j\u00f3venes, y los alent\u00f3 a utilizarlas de manera positiva para su desarrollo acad\u00e9mico y personal.<\/span><\/span><\/p>\n<p style=\"text-align: justify;\"><span dir=\"auto\" style=\"vertical-align: inherit;\"><span dir=\"auto\" style=\"vertical-align: inherit;\">Responder inquietudes de los estudiantes.<\/span><\/span><\/p>\n<p style=\"text-align: justify;\"><span dir=\"auto\" style=\"vertical-align: inherit;\"><span dir=\"auto\" style=\"vertical-align: inherit;\">Durante la actividad, los estudiantes plantearon solicitudes para mejorar sus centros educativos, incluyendo ampliaci\u00f3n de infraestructuras, techados deportivos y comedores.<\/span><\/span><\/p>\n<p style=\"text-align: justify;\"><span dir=\"auto\" style=\"vertical-align: inherit;\"><span dir=\"auto\" style=\"vertical-align: inherit;\">El presidente Abinader inform\u00f3 que se trabaja en las licitaciones para equipar los laboratorios y que esta semana se realizar\u00e1n los levantamientos de los lugares para iniciar las obras seg\u00fan las posibilidades del Gobierno.<\/span><\/span><\/p>\n<p style=\"text-align: justify;\"><span dir=\"auto\" style=\"vertical-align: inherit;\"><span dir=\"auto\" style=\"vertical-align: inherit;\">Asimismo, el gobernante explic\u00f3 sobre los avances de la Ciudad Educativa, proyecto que albergar\u00e1 un polit\u00e9cnico y sedes del Instituto Nacional de Formaci\u00f3n T\u00e9cnico Profesional (Infotep), el Tecnol\u00f3gico de Las Am\u00e9ricas (Itla) y la Universidad Aut\u00f3noma de Santo Domingo (UASD) en las antiguas instalaciones de la Industria Dominicana del Papel, con entrega prevista para el pr\u00f3ximo a\u00f1o.<\/span><\/span><\/p>\n<p style=\"text-align: justify;\"><span dir=\"auto\" style=\"vertical-align: inherit;\"><span dir=\"auto\" style=\"vertical-align: inherit;\">Acompa\u00f1aron al mandatario la gobernadora de San Crist\u00f3bal, Pura Casilla; el senador Gustavo Lara Salazar; y el director de la Empresa de Generaci\u00f3n Hidroel\u00e9ctrica Dominicana (Egehid), Rafael Salazar.<\/span><\/span><\/p>\n","protected":false},"excerpt":{"rendered":"<p>Villa Altagracia, San Crist\u00f3bal.\u2014 El presidente Luis Abinader inst\u00f3 este domingo a los j\u00f3venes a optar por estudiar carreras vinculadas con las ciencias y los idiomas, que son los sectores con alta demanda en la Rep\u00fablica Dominicana, y reafirm\u00f3 su compromiso con la juventud para brindarles oportunidades de desarrollo y formaci\u00f3n que les permitir\u00e1 construir [&hellip;]<\/p>\n","protected":false},"author":1,"featured_media":61718,"comment_status":"open","ping_status":"open","sticky":false,"template":"","format":"standard","meta":{"_bbp_topic_count":0,"_bbp_reply_count":0,"_bbp_total_topic_count":0,"_bbp_total_reply_count":0,"_bbp_voice_count":0,"_bbp_anonymous_reply_count":0,"_bbp_topic_count_hidden":0,"_bbp_reply_count_hidden":0,"_bbp_forum_subforum_count":0,"content-type":"","iawp_total_views":0,"footnotes":""},"categories":[105],"tags":[],"class_list":{"0":"post-61717","1":"post","2":"type-post","3":"status-publish","4":"format-standard","5":"has-post-thumbnail","7":"category-nacionales"},"_links":{"self":[{"href":"https:\/\/influencias.do\/index.php\/wp-json\/wp\/v2\/posts\/61717","targetHints":{"allow":["GET"]}}],"collection":[{"href":"https:\/\/influencias.do\/index.php\/wp-json\/wp\/v2\/posts"}],"about":[{"href":"https:\/\/influencias.do\/index.php\/wp-json\/wp\/v2\/types\/post"}],"author":[{"embeddable":true,"href":"https:\/\/influencias.do\/index.php\/wp-json\/wp\/v2\/users\/1"}],"replies":[{"embeddable":true,"href":"https:\/\/influencias.do\/index.php\/wp-json\/wp\/v2\/comments?post=61717"}],"version-history":[{"count":2,"href":"https:\/\/influencias.do\/index.php\/wp-json\/wp\/v2\/posts\/61717\/revisions"}],"predecessor-version":[{"id":61720,"href":"https:\/\/influencias.do\/index.php\/wp-json\/wp\/v2\/posts\/61717\/revisions\/61720"}],"wp:featuredmedia":[{"embeddable":true,"href":"https:\/\/influencias.do\/index.php\/wp-json\/wp\/v2\/media\/61718"}],"wp:attachment":[{"href":"https:\/\/influencias.do\/index.php\/wp-json\/wp\/v2\/media?parent=61717"}],"wp:term":[{"taxonomy":"category","embeddable":true,"href":"https:\/\/influencias.do\/index.php\/wp-json\/wp\/v2\/categories?post=61717"},{"taxonomy":"post_tag","embeddable":true,"href":"https:\/\/influencias.do\/index.php\/wp-json\/wp\/v2\/tags?post=61717"}],"curies":[{"name":"wp","href":"https:\/\/api.w.org\/{rel}","templated":true}]}}