{"id":61216,"date":"2026-01-29T14:49:23","date_gmt":"2026-01-29T14:49:23","guid":{"rendered":"https:\/\/influencias.do\/?p=61216"},"modified":"2026-01-29T14:49:23","modified_gmt":"2026-01-29T14:49:23","slug":"tribunal-superior-electoral-declara-inadmisible-accion-de-amparo-contra-fuerza-del-pueblo","status":"publish","type":"post","link":"https:\/\/influencias.do\/index.php\/2026\/01\/29\/tribunal-superior-electoral-declara-inadmisible-accion-de-amparo-contra-fuerza-del-pueblo\/","title":{"rendered":"Tribunal Superior Electoral declara inadmisible acci\u00f3n de amparo contra Fuerza del Pueblo"},"content":{"rendered":"<p>Santo Domingo. -El Tribunal Superior Electoral (TSE) declar\u00f3 inadmisible la acci\u00f3n de amparo incoada en fecha 29 de diciembre de 2025 contra el Partido Fuerza del Pueblo (FP), al acoger el medio de inadmisi\u00f3n planteado por la parte accionada y los intervinientes voluntarios.<\/p>\n<p>La decisi\u00f3n fue adoptada a unanimidad por los jueces del TSE, integrado por la magistrada Lourdes Teresa Salazar, en su condici\u00f3n de suplente del presidente del tribunal, magistrado Ygnacio Pascual Camacho Hidalgo, as\u00ed como por los jueces titulares Pedro Pablo Yermenos Forastieri, Fernando Fern\u00e1ndez Cruz, Rafaelina Peralta Arias y Lenis Ros\u00e1ngela Garc\u00eda.<\/p>\n<p>El Tribunal acogi\u00f3 el medio de inadmisi\u00f3n planteado por el Partido Fuerza del Pueblo (FP) y por los intervinientes voluntarios Ysmael Benigno Est\u00e9vez Liberato, Manuel Joaqu\u00edn Mart\u00ednez Fortuna, Guarionex de los Santos Est\u00e9vez y Freddy Morillo Rosario, y en consecuencia declar\u00f3 inadmisible la acci\u00f3n de amparo interpuesta el 29 de diciembre de 2025.<\/p>\n<p>El fallo se fundamenta en lo dispuesto en el art\u00edculo 70, numeral 1, de la Ley n\u00fam. 137-11, Org\u00e1nica del Tribunal Constitucional y de los Procedimientos Constitucionales, as\u00ed como en el art\u00edculo 132, numeral 1, del Reglamento de Procedimientos Contenciosos Electorales, al establecer que existe otra v\u00eda jurisdiccional para reclamar los derechos alegadamente vulnerados. Dicha v\u00eda corresponde a las impugnaciones relativas a conflictos intrapartidarios, habilitadas por el art\u00edculo 12, numeral 2, de la Ley n\u00fam. 39-25, Org\u00e1nica del Tribunal Superior Electoral, y reglamentadas en los art\u00edculos 92 y siguientes del Reglamento de Procedimientos Contenciosos Electorales.<\/p>\n<p>La demanda fue interpuesta por los ciudadanos Daniel Mart\u00ednez Tejada, Mar\u00eda Rita Medina, Luis Ney Restituyo Minaya, Ysmael Tejada y Aurelia del Carmen Est\u00e9vez, quienes alegaron que el 21 de julio de 2025 se celebr\u00f3 el Congreso Electivo Manolo Tavares Justo, cuyo prop\u00f3sito fue la inscripci\u00f3n de candidaturas territoriales provinciales, municipales y distritales, as\u00ed como de las candidaturas a las direcciones centrales locales y nacionales.<\/p>\n<p>Los accionantes sostuvieron que, en la provincia de Dajab\u00f3n, donde correspond\u00edan 10 plazas territoriales, estas fueron reservadas en su totalidad, mientras que de 13 plazas a la Direcci\u00f3n Central fueron reservadas 10, habilit\u00e1ndose \u00fanicamente tres plazas para toda la provincia, lo cual seg\u00fan indicaron qued\u00f3 evidenciado en la Resoluci\u00f3n n\u00fam. 01\/2025, firmada por el doctor Bautista Rojas G\u00f3mez, en su calidad de secretario de Organizaci\u00f3n.<\/p>\n<p>Asimismo, se\u00f1alaron que, en reuni\u00f3n de la Direcci\u00f3n Pol\u00edtica del Partido Fuerza del Pueblo, celebrada el 6 de julio de 2025, se aprob\u00f3 una resoluci\u00f3n, de fecha 7 de julio de 2025, firmada por Henry Mer\u00e1n, presidente de la Comisi\u00f3n Nacional Electoral, en la que se estableci\u00f3 el listado de provincias en las que el partido se reservaba todas las candidaturas, sin que figurara la provincia de Dajab\u00f3n. No obstante, indicaron que el 17 de julio de 2025, al intentar inscribir las candidaturas territoriales de dicha provincia, les fue negada la inscripci\u00f3n, permiti\u00e9ndose \u00fanicamente la postulaci\u00f3n de tres plazas para optar por la Direcci\u00f3n Central, situaci\u00f3n que seg\u00fan alegaron vulner\u00f3 sus derechos a elegir y ser elegidos libremente.<\/p>\n","protected":false},"excerpt":{"rendered":"<p>Santo Domingo. -El Tribunal Superior Electoral (TSE) declar\u00f3 inadmisible la acci\u00f3n de amparo incoada en fecha 29 de diciembre de 2025 contra el Partido Fuerza del Pueblo (FP), al acoger el medio de inadmisi\u00f3n planteado por la parte accionada y los intervinientes voluntarios. La decisi\u00f3n fue adoptada a unanimidad por los jueces del TSE, integrado [&hellip;]<\/p>\n","protected":false},"author":1,"featured_media":61217,"comment_status":"open","ping_status":"open","sticky":false,"template":"","format":"standard","meta":{"_bbp_topic_count":0,"_bbp_reply_count":0,"_bbp_total_topic_count":0,"_bbp_total_reply_count":0,"_bbp_voice_count":0,"_bbp_anonymous_reply_count":0,"_bbp_topic_count_hidden":0,"_bbp_reply_count_hidden":0,"_bbp_forum_subforum_count":0,"content-type":"","iawp_total_views":0,"footnotes":""},"categories":[106],"tags":[],"class_list":{"0":"post-61216","1":"post","2":"type-post","3":"status-publish","4":"format-standard","5":"has-post-thumbnail","7":"category-politica"},"_links":{"self":[{"href":"https:\/\/influencias.do\/index.php\/wp-json\/wp\/v2\/posts\/61216","targetHints":{"allow":["GET"]}}],"collection":[{"href":"https:\/\/influencias.do\/index.php\/wp-json\/wp\/v2\/posts"}],"about":[{"href":"https:\/\/influencias.do\/index.php\/wp-json\/wp\/v2\/types\/post"}],"author":[{"embeddable":true,"href":"https:\/\/influencias.do\/index.php\/wp-json\/wp\/v2\/users\/1"}],"replies":[{"embeddable":true,"href":"https:\/\/influencias.do\/index.php\/wp-json\/wp\/v2\/comments?post=61216"}],"version-history":[{"count":1,"href":"https:\/\/influencias.do\/index.php\/wp-json\/wp\/v2\/posts\/61216\/revisions"}],"predecessor-version":[{"id":61218,"href":"https:\/\/influencias.do\/index.php\/wp-json\/wp\/v2\/posts\/61216\/revisions\/61218"}],"wp:featuredmedia":[{"embeddable":true,"href":"https:\/\/influencias.do\/index.php\/wp-json\/wp\/v2\/media\/61217"}],"wp:attachment":[{"href":"https:\/\/influencias.do\/index.php\/wp-json\/wp\/v2\/media?parent=61216"}],"wp:term":[{"taxonomy":"category","embeddable":true,"href":"https:\/\/influencias.do\/index.php\/wp-json\/wp\/v2\/categories?post=61216"},{"taxonomy":"post_tag","embeddable":true,"href":"https:\/\/influencias.do\/index.php\/wp-json\/wp\/v2\/tags?post=61216"}],"curies":[{"name":"wp","href":"https:\/\/api.w.org\/{rel}","templated":true}]}}