{"id":60301,"date":"2025-12-31T13:02:18","date_gmt":"2025-12-31T13:02:18","guid":{"rendered":"https:\/\/influencias.do\/?p=60301"},"modified":"2025-12-31T13:02:18","modified_gmt":"2025-12-31T13:02:18","slug":"el-papa-recuerda-un-2025-marcado-por-la-guerra-y-la-muerte-del-anorado-francisco","status":"publish","type":"post","link":"https:\/\/influencias.do\/index.php\/2025\/12\/31\/el-papa-recuerda-un-2025-marcado-por-la-guerra-y-la-muerte-del-anorado-francisco\/","title":{"rendered":"El papa recuerda un 2025 marcado por la guerra y la muerte del \u00aba\u00f1orado\u00bb Francisco"},"content":{"rendered":"<p>Ciudad del Vaticano (EFE).- El papa Le\u00f3n XIV ha lamentado este mi\u00e9rcoles que el 2025 que est\u00e1 a punto de concluir haya estado marcado por la \u00abdevastaci\u00f3n\u00bb de la guerra y la muerte de Francisco, durante la \u00faltima audiencia general con los fieles.<\/p>\n<p>\u00abEl a\u00f1o que ha pasado ha estado marcado por eventos importantes: algunos felices, como la peregrinaci\u00f3n de tantos fieles con ocasi\u00f3n del A\u00f1o Santo\u00bb, destac\u00f3 el pont\u00edfice en su catequesis ante miles de fieles que le escuchaban en plaza de San Pedro desafiando el fr\u00edo.<\/p>\n<p>Pero, en esta \u00faltima audiencia del a\u00f1o, tambi\u00e9n record\u00f3 algunos momentos \u00abdolorosos\u00bb, como el fallecimiento del \u00aba\u00f1orado\u00bb Francisco el pasado abril, a quien \u00e9l mismo ha sucedido, y por \u00ablos escenarios de guerra que siguen devastando el planeta\u00bb, denunci\u00f3.<\/p>\n<p>\u00abAl concluir el a\u00f1o, la Iglesia nos invita a poner todo frente al Se\u00f1or, encomend\u00e1ndonos a Su Providencia y pidi\u00e9ndole que se renueven, en nosotros y a nuestro alrededor, en los d\u00edas venideros, los prodigios de su gracia y de su misericordia\u00bb, inst\u00f3.<\/p>\n<h3>El Jubileo<\/h3>\n<p>As\u00ed, el pont\u00edfice recomend\u00f3 meditar sobre lo obtenido de Dios en el \u00faltimo a\u00f1o y \u00abhacer un honesto examen de conciencia, valorar nuestra respuesta a sus dones y pedir perd\u00f3n por todos los momentos en los que no hemos sabido atesorar sus inspiraciones e invertir mejor los talentos que nos ha confiado\u00bb.<\/p>\n<p>Por otro lado celebr\u00f3 la experiencia del Jubileo, abierto por Francisco y que Le\u00f3n XIV cerrar\u00e1 el pr\u00f3ximo 6 de enero para poner fin a un a\u00f1o en el que millones de peregrinos de todo el mundo han pasado por Roma para cruzar la Puerta Santa en busca de perd\u00f3n.<\/p>\n<p>\u00abMuchos peregrinos han venido desde todas las partes del mundo a rezar sobre la Tumba de Pedro y a confirmar su adhesi\u00f3n a Cristo. Esto nos recuerda que toda nuestra vida es un viaje, cuya meta \u00faltima transciende el espacio y el tiempo, para cumplirse en el encuentro con Dios y en la plena y eterna comuni\u00f3n con \u00c9l\u00bb, apunt\u00f3.<\/p>\n<p>Antes de la audiencia general, Le\u00f3n XIV recorri\u00f3 una abarrotada plaza vaticana a bordo del \u2018papam\u00f3vil\u2019 para bendecir a numerosos ni\u00f1os y saludar a los fieles, entre los que se encontraba un grupo de 35 j\u00f3venes palestinos llegados a Roma por el Jubileo.<\/p>\n<p>Esta tarde clausurar\u00e1 el a\u00f1o con la \u00faltima misa en la bas\u00edlica de San Pedro en la que se entonar\u00e1 el tradicional himno del \u2018Te Deum\u2019 en se\u00f1al de agradecimiento.<\/p>\n<p>EFE<\/p>\n","protected":false},"excerpt":{"rendered":"<p>Ciudad del Vaticano (EFE).- El papa Le\u00f3n XIV ha lamentado este mi\u00e9rcoles que el 2025 que est\u00e1 a punto de concluir haya estado marcado por la \u00abdevastaci\u00f3n\u00bb de la guerra y la muerte de Francisco, durante la \u00faltima audiencia general con los fieles. \u00abEl a\u00f1o que ha pasado ha estado marcado por eventos importantes: algunos [&hellip;]<\/p>\n","protected":false},"author":1,"featured_media":60302,"comment_status":"open","ping_status":"open","sticky":false,"template":"","format":"standard","meta":{"_bbp_topic_count":0,"_bbp_reply_count":0,"_bbp_total_topic_count":0,"_bbp_total_reply_count":0,"_bbp_voice_count":0,"_bbp_anonymous_reply_count":0,"_bbp_topic_count_hidden":0,"_bbp_reply_count_hidden":0,"_bbp_forum_subforum_count":0,"content-type":"","iawp_total_views":0,"footnotes":""},"categories":[109,108],"tags":[],"class_list":{"0":"post-60301","1":"post","2":"type-post","3":"status-publish","4":"format-standard","5":"has-post-thumbnail","7":"category-internacionales","8":"category-mas-vistas"},"_links":{"self":[{"href":"https:\/\/influencias.do\/index.php\/wp-json\/wp\/v2\/posts\/60301","targetHints":{"allow":["GET"]}}],"collection":[{"href":"https:\/\/influencias.do\/index.php\/wp-json\/wp\/v2\/posts"}],"about":[{"href":"https:\/\/influencias.do\/index.php\/wp-json\/wp\/v2\/types\/post"}],"author":[{"embeddable":true,"href":"https:\/\/influencias.do\/index.php\/wp-json\/wp\/v2\/users\/1"}],"replies":[{"embeddable":true,"href":"https:\/\/influencias.do\/index.php\/wp-json\/wp\/v2\/comments?post=60301"}],"version-history":[{"count":1,"href":"https:\/\/influencias.do\/index.php\/wp-json\/wp\/v2\/posts\/60301\/revisions"}],"predecessor-version":[{"id":60303,"href":"https:\/\/influencias.do\/index.php\/wp-json\/wp\/v2\/posts\/60301\/revisions\/60303"}],"wp:featuredmedia":[{"embeddable":true,"href":"https:\/\/influencias.do\/index.php\/wp-json\/wp\/v2\/media\/60302"}],"wp:attachment":[{"href":"https:\/\/influencias.do\/index.php\/wp-json\/wp\/v2\/media?parent=60301"}],"wp:term":[{"taxonomy":"category","embeddable":true,"href":"https:\/\/influencias.do\/index.php\/wp-json\/wp\/v2\/categories?post=60301"},{"taxonomy":"post_tag","embeddable":true,"href":"https:\/\/influencias.do\/index.php\/wp-json\/wp\/v2\/tags?post=60301"}],"curies":[{"name":"wp","href":"https:\/\/api.w.org\/{rel}","templated":true}]}}