{"id":60293,"date":"2025-12-31T12:42:02","date_gmt":"2025-12-31T12:42:02","guid":{"rendered":"https:\/\/influencias.do\/?p=60293"},"modified":"2025-12-31T12:42:02","modified_gmt":"2025-12-31T12:42:02","slug":"acuerdo-entre-transportistas-pone-fin-a-conflicto-impedia-operacion-del-corredor-27-de-febrero","status":"publish","type":"post","link":"https:\/\/influencias.do\/index.php\/2025\/12\/31\/acuerdo-entre-transportistas-pone-fin-a-conflicto-impedia-operacion-del-corredor-27-de-febrero\/","title":{"rendered":"Acuerdo entre transportistas pone fin a conflicto imped\u00eda operaci\u00f3n del Corredor 27 de Febrero"},"content":{"rendered":"<p>Santo Domingo.- El presidente \u00a0de la Federaci\u00f3n Nacional de Transporte la Nueva Opci\u00f3n (Fenatrano) y de la Asociaci\u00f3n de Propietarios de Carros de la 27 de Febrero (Asoprocavefe) Juan Hubieres, junto a Pedro G\u00f3mez,quien preside una empresa de transporte, depositaron este martes en el Instituto Nacional de Tr\u00e1nsito y Transporte Terrestre (Intrant) el acuerdo realizado para iniciar la operatividad del Corredor 27 de Febrero este pr\u00f3ximo a\u00f1o.<\/p>\n<p>La firma de un acuerdo de entendimiento entre Fenatrano, Asoprocavefe y la parte que representa el dirigente choferil Pedro G\u00f3mez, pone fin al conflicto que imped\u00eda desde hace varios a\u00f1os poner en operaci\u00f3n el Corredor de la 27 de Febrero.<\/p>\n<p>Juan Hubieres, presidente de Fenatrano, explic\u00f3 que el acuerdo puso fin a la litis que por un tiempo se sostuvo con la Asociaci\u00f3n de Propietarios de Carros de la 27 de Febrero (Asoprocavefe), y la empresa de transporte que preside Pedro Marcelino G\u00f3mez Morel.<\/p>\n<p>\u201cVinimos a depositar el acuerdo que ya hab\u00edamos firmado en junio pasado, donde ponemos fin a la litis en Asoprocavefe. En efecto tanto el grupo que representa Pedro G\u00f3mez como nosotros (Fenatrado) ya ese acuerdo lo hab\u00edamos firmado\u201d, expres\u00f3 el sindicalista.<\/p>\n<p>Dijo que en vista que \u00a0este pacto no hab\u00eda sido depositado en el Intrant, se aprovech\u00f3 \u00a0el fin de a\u00f1o y los anuncios que ha realizado el Gobierno a favor de los corredores el pr\u00f3ximo a\u00f1o.<\/p>\n<p>\u201cTraemos este acuerdo para que no se alegue que los corredores no se har\u00edan por culpa de nosotros\u201d, acot\u00f3 Hubieres.<\/p>\n<p>De su lado, Pedro G\u00f3mez, resalt\u00f3 que se pudiera cerrar el cap\u00edtulo que por un buen tiempo mantuvo en conflicto ambos gremios.<\/p>\n<p>\u201cEste acuerdo se hace a favor de todo el colectivo que ambos representamos, quedando demostrado que seguiremos trabajando para que el sector transporte siga creciendo y que el corredor 27 de Febrero sea una realidad este pr\u00f3ximo a\u00f1o\u201d, apunt\u00f3 G\u00f3mez.<\/p>\n<p>Las partes acordaron que la licencia de operaci\u00f3n del Corredor de la 27 de Febrero se emitir\u00e1 a nombre de los operadores existente que son: Asociaci\u00f3n de Due\u00f1os de Carros de la 27 de Febrero (Asoprocavefe), Sindicato de Transporte Urbano Sitraur R-1, Asociaci\u00f3n de Choferes Luper\u00f3n Pintura Caoba Manoguayabo Kil\u00f3metro 13 Aspchopicma) y Asociaci\u00f3n de Choferes Kil\u00f3metro 13 (Asochotrece), entre otras convenios entre las partes.<\/p>\n","protected":false},"excerpt":{"rendered":"<p>Santo Domingo.- El presidente \u00a0de la Federaci\u00f3n Nacional de Transporte la Nueva Opci\u00f3n (Fenatrano) y de la Asociaci\u00f3n de Propietarios de Carros de la 27 de Febrero (Asoprocavefe) Juan Hubieres, junto a Pedro G\u00f3mez,quien preside una empresa de transporte, depositaron este martes en el Instituto Nacional de Tr\u00e1nsito y Transporte Terrestre (Intrant) el acuerdo realizado [&hellip;]<\/p>\n","protected":false},"author":1,"featured_media":60294,"comment_status":"open","ping_status":"open","sticky":false,"template":"","format":"standard","meta":{"_bbp_topic_count":0,"_bbp_reply_count":0,"_bbp_total_topic_count":0,"_bbp_total_reply_count":0,"_bbp_voice_count":0,"_bbp_anonymous_reply_count":0,"_bbp_topic_count_hidden":0,"_bbp_reply_count_hidden":0,"_bbp_forum_subforum_count":0,"content-type":"","iawp_total_views":0,"footnotes":""},"categories":[105],"tags":[],"class_list":{"0":"post-60293","1":"post","2":"type-post","3":"status-publish","4":"format-standard","5":"has-post-thumbnail","7":"category-nacionales"},"_links":{"self":[{"href":"https:\/\/influencias.do\/index.php\/wp-json\/wp\/v2\/posts\/60293","targetHints":{"allow":["GET"]}}],"collection":[{"href":"https:\/\/influencias.do\/index.php\/wp-json\/wp\/v2\/posts"}],"about":[{"href":"https:\/\/influencias.do\/index.php\/wp-json\/wp\/v2\/types\/post"}],"author":[{"embeddable":true,"href":"https:\/\/influencias.do\/index.php\/wp-json\/wp\/v2\/users\/1"}],"replies":[{"embeddable":true,"href":"https:\/\/influencias.do\/index.php\/wp-json\/wp\/v2\/comments?post=60293"}],"version-history":[{"count":1,"href":"https:\/\/influencias.do\/index.php\/wp-json\/wp\/v2\/posts\/60293\/revisions"}],"predecessor-version":[{"id":60295,"href":"https:\/\/influencias.do\/index.php\/wp-json\/wp\/v2\/posts\/60293\/revisions\/60295"}],"wp:featuredmedia":[{"embeddable":true,"href":"https:\/\/influencias.do\/index.php\/wp-json\/wp\/v2\/media\/60294"}],"wp:attachment":[{"href":"https:\/\/influencias.do\/index.php\/wp-json\/wp\/v2\/media?parent=60293"}],"wp:term":[{"taxonomy":"category","embeddable":true,"href":"https:\/\/influencias.do\/index.php\/wp-json\/wp\/v2\/categories?post=60293"},{"taxonomy":"post_tag","embeddable":true,"href":"https:\/\/influencias.do\/index.php\/wp-json\/wp\/v2\/tags?post=60293"}],"curies":[{"name":"wp","href":"https:\/\/api.w.org\/{rel}","templated":true}]}}