{"id":60289,"date":"2025-12-30T22:38:14","date_gmt":"2025-12-30T22:38:14","guid":{"rendered":"https:\/\/influencias.do\/?p=60289"},"modified":"2025-12-30T22:38:14","modified_gmt":"2025-12-30T22:38:14","slug":"gigantes-del-cibao-despiden-a-su-dirigente-jose-leger","status":"publish","type":"post","link":"https:\/\/influencias.do\/index.php\/2025\/12\/30\/gigantes-del-cibao-despiden-a-su-dirigente-jose-leger\/","title":{"rendered":"Gigantes del Cibao despiden a su dirigente Jos\u00e9 Leger"},"content":{"rendered":"<p style=\"text-align: justify;\">San Francisco de Macor\u00eds.\u2013 Los Gigantes del Cibao informaron la salida de Jos\u00e9 Leger como dirigente del equipo, como parte de una reorganizaci\u00f3n del cuerpo t\u00e9cnico tras el inicio de 0-3 en el Todos contra Todos, ocupando la \u00faltima posici\u00f3n de la tabla cuando restan 15 partidos por disputar.<\/p>\n<p style=\"text-align: justify;\">La informaci\u00f3n fue ofrecida por el gerente general de la franquicia, Jaylon Pimentel, quien aprovech\u00f3 para agradecer a Leger por el trabajo, la entrega y el profesionalismo mostrados durante su tiempo con la organizaci\u00f3n, desde los entrenamientos iniciados en el mes de septiembre.<\/p>\n<p style=\"text-align: justify;\">\u201cValoramos el compromiso y la dedicaci\u00f3n que Jos\u00e9 mostr\u00f3 con nuestra franquicia desde el primer d\u00eda de los entrenamientos. Le deseamos \u00e9xitos en sus futuros proyectos\u201d, expres\u00f3 Pimentel.<\/p>\n<p style=\"text-align: justify;\">De manera interina, el dirigente para el partido de este mi\u00e9rcoles frente a los Leones del Escogido, en el estadio Quisqueya Juan Marichal, ser\u00e1 Jefry Sierra.<\/p>\n<p style=\"text-align: justify;\">Asimismo, la organizaci\u00f3n anunci\u00f3 que el coach de banca Felipe Rojas tambi\u00e9n concluye sus funciones con el equipo, y en su lugar se integrar\u00e1 Kremlin Mart\u00ednez, quien asumir\u00e1 dicho rol a partir del pr\u00f3ximo compromiso.<\/p>\n<p style=\"text-align: justify;\">Los Gigantes del Cibao reiteraron su compromiso de continuar trabajando para mejorar el desempe\u00f1o del equipo y competir al m\u00e1s alto nivel en la actual etapa del campeonato.<\/p>\n","protected":false},"excerpt":{"rendered":"<p>San Francisco de Macor\u00eds.\u2013 Los Gigantes del Cibao informaron la salida de Jos\u00e9 Leger como dirigente del equipo, como parte de una reorganizaci\u00f3n del cuerpo t\u00e9cnico tras el inicio de 0-3 en el Todos contra Todos, ocupando la \u00faltima posici\u00f3n de la tabla cuando restan 15 partidos por disputar. La informaci\u00f3n fue ofrecida por el [&hellip;]<\/p>\n","protected":false},"author":1,"featured_media":60290,"comment_status":"open","ping_status":"open","sticky":false,"template":"","format":"standard","meta":{"_bbp_topic_count":0,"_bbp_reply_count":0,"_bbp_total_topic_count":0,"_bbp_total_reply_count":0,"_bbp_voice_count":0,"_bbp_anonymous_reply_count":0,"_bbp_topic_count_hidden":0,"_bbp_reply_count_hidden":0,"_bbp_forum_subforum_count":0,"content-type":"","iawp_total_views":0,"footnotes":""},"categories":[123],"tags":[],"class_list":{"0":"post-60289","1":"post","2":"type-post","3":"status-publish","4":"format-standard","5":"has-post-thumbnail","7":"category-deportes"},"_links":{"self":[{"href":"https:\/\/influencias.do\/index.php\/wp-json\/wp\/v2\/posts\/60289","targetHints":{"allow":["GET"]}}],"collection":[{"href":"https:\/\/influencias.do\/index.php\/wp-json\/wp\/v2\/posts"}],"about":[{"href":"https:\/\/influencias.do\/index.php\/wp-json\/wp\/v2\/types\/post"}],"author":[{"embeddable":true,"href":"https:\/\/influencias.do\/index.php\/wp-json\/wp\/v2\/users\/1"}],"replies":[{"embeddable":true,"href":"https:\/\/influencias.do\/index.php\/wp-json\/wp\/v2\/comments?post=60289"}],"version-history":[{"count":1,"href":"https:\/\/influencias.do\/index.php\/wp-json\/wp\/v2\/posts\/60289\/revisions"}],"predecessor-version":[{"id":60291,"href":"https:\/\/influencias.do\/index.php\/wp-json\/wp\/v2\/posts\/60289\/revisions\/60291"}],"wp:featuredmedia":[{"embeddable":true,"href":"https:\/\/influencias.do\/index.php\/wp-json\/wp\/v2\/media\/60290"}],"wp:attachment":[{"href":"https:\/\/influencias.do\/index.php\/wp-json\/wp\/v2\/media?parent=60289"}],"wp:term":[{"taxonomy":"category","embeddable":true,"href":"https:\/\/influencias.do\/index.php\/wp-json\/wp\/v2\/categories?post=60289"},{"taxonomy":"post_tag","embeddable":true,"href":"https:\/\/influencias.do\/index.php\/wp-json\/wp\/v2\/tags?post=60289"}],"curies":[{"name":"wp","href":"https:\/\/api.w.org\/{rel}","templated":true}]}}