{"id":59539,"date":"2025-12-03T19:46:08","date_gmt":"2025-12-03T19:46:08","guid":{"rendered":"https:\/\/influencias.do\/?p=59539"},"modified":"2025-12-03T19:46:08","modified_gmt":"2025-12-03T19:46:08","slug":"medico-es-agredido-por-un-paciente-en-el-hospital-dario-contreras-cmd-denuncia-falta-de-seguridad","status":"publish","type":"post","link":"https:\/\/influencias.do\/index.php\/2025\/12\/03\/medico-es-agredido-por-un-paciente-en-el-hospital-dario-contreras-cmd-denuncia-falta-de-seguridad\/","title":{"rendered":"M\u00e9dico es agredido por un paciente en el Hospital Dar\u00edo Contreras; CMD denuncia falta de seguridad"},"content":{"rendered":"<p data-start=\"216\" data-end=\"456\"><strong data-start=\"216\" data-end=\"234\">Santo Domingo.<\/strong>\u2013 Un nuevo caso de violencia contra el personal de salud qued\u00f3 evidenciado tras la agresi\u00f3n a un m\u00e9dico auditor dentro del \u00e1rea de quir\u00f3fano del Hospital Dar\u00edo Contreras, ocurrida el pasado viernes 28 de noviembre de 2025.<\/p>\n<p data-start=\"458\" data-end=\"760\">Seg\u00fan el informe, el m\u00e9dico se encontraba completando expedientes cuando fue abordado por un paciente. Mientras respond\u00eda a su solicitud, otro usuario irrumpi\u00f3 en la conversaci\u00f3n de forma agresiva, pasando r\u00e1pidamente de insultos verbales a una agresi\u00f3n f\u00edsica que requiri\u00f3 asistencia m\u00e9dica inmediata.<\/p>\n<p data-start=\"762\" data-end=\"905\">El profesional de la salud result\u00f3 con una <strong data-start=\"805\" data-end=\"838\">luxaci\u00f3n en el hombro derecho<\/strong>, de acuerdo con la certificaci\u00f3n m\u00e9dica emitida tras el incidente.<\/p>\n<p data-start=\"907\" data-end=\"1229\">La presidenta provincial del Colegio M\u00e9dico Dominicano (CMD), <strong data-start=\"969\" data-end=\"994\">Dra. Griselda Quezada<\/strong>, reiter\u00f3 que el gremio ha denunciado en m\u00faltiples ocasiones la vulnerabilidad y falta de seguridad en la que trabajan los m\u00e9dicos en los centros de salud p\u00fablicos, sin que hasta el momento se hayan aplicado los correctivos necesarios.<\/p>\n<p data-start=\"1231\" data-end=\"1486\">La representante del CMD en Santo Domingo sostuvo que se espera la intervenci\u00f3n del departamento legal del hospital y de las autoridades competentes, tanto internas como externas, para enfrentar este \u201cflagelo que no muestra se\u00f1ales de soluci\u00f3n inmediata\u201d.<\/p>\n","protected":false},"excerpt":{"rendered":"<p>Santo Domingo.\u2013 Un nuevo caso de violencia contra el personal de salud qued\u00f3 evidenciado tras la agresi\u00f3n a un m\u00e9dico auditor dentro del \u00e1rea de quir\u00f3fano del Hospital Dar\u00edo Contreras, ocurrida el pasado viernes 28 de noviembre de 2025. Seg\u00fan el informe, el m\u00e9dico se encontraba completando expedientes cuando fue abordado por un paciente. Mientras [&hellip;]<\/p>\n","protected":false},"author":1,"featured_media":59540,"comment_status":"open","ping_status":"open","sticky":false,"template":"","format":"standard","meta":{"_bbp_topic_count":0,"_bbp_reply_count":0,"_bbp_total_topic_count":0,"_bbp_total_reply_count":0,"_bbp_voice_count":0,"_bbp_anonymous_reply_count":0,"_bbp_topic_count_hidden":0,"_bbp_reply_count_hidden":0,"_bbp_forum_subforum_count":0,"content-type":"","iawp_total_views":22,"footnotes":""},"categories":[105,2802],"tags":[],"class_list":{"0":"post-59539","1":"post","2":"type-post","3":"status-publish","4":"format-standard","5":"has-post-thumbnail","7":"category-nacionales","8":"category-salud"},"_links":{"self":[{"href":"https:\/\/influencias.do\/index.php\/wp-json\/wp\/v2\/posts\/59539","targetHints":{"allow":["GET"]}}],"collection":[{"href":"https:\/\/influencias.do\/index.php\/wp-json\/wp\/v2\/posts"}],"about":[{"href":"https:\/\/influencias.do\/index.php\/wp-json\/wp\/v2\/types\/post"}],"author":[{"embeddable":true,"href":"https:\/\/influencias.do\/index.php\/wp-json\/wp\/v2\/users\/1"}],"replies":[{"embeddable":true,"href":"https:\/\/influencias.do\/index.php\/wp-json\/wp\/v2\/comments?post=59539"}],"version-history":[{"count":1,"href":"https:\/\/influencias.do\/index.php\/wp-json\/wp\/v2\/posts\/59539\/revisions"}],"predecessor-version":[{"id":59541,"href":"https:\/\/influencias.do\/index.php\/wp-json\/wp\/v2\/posts\/59539\/revisions\/59541"}],"wp:featuredmedia":[{"embeddable":true,"href":"https:\/\/influencias.do\/index.php\/wp-json\/wp\/v2\/media\/59540"}],"wp:attachment":[{"href":"https:\/\/influencias.do\/index.php\/wp-json\/wp\/v2\/media?parent=59539"}],"wp:term":[{"taxonomy":"category","embeddable":true,"href":"https:\/\/influencias.do\/index.php\/wp-json\/wp\/v2\/categories?post=59539"},{"taxonomy":"post_tag","embeddable":true,"href":"https:\/\/influencias.do\/index.php\/wp-json\/wp\/v2\/tags?post=59539"}],"curies":[{"name":"wp","href":"https:\/\/api.w.org\/{rel}","templated":true}]}}