{"id":59532,"date":"2025-12-03T15:46:58","date_gmt":"2025-12-03T15:46:58","guid":{"rendered":"https:\/\/influencias.do\/?p=59532"},"modified":"2025-12-03T15:46:58","modified_gmt":"2025-12-03T15:46:58","slug":"cuba-sufre-una-desconexion-que-deja-sin-servicio-electrico-a-la-zona-occidental","status":"publish","type":"post","link":"https:\/\/influencias.do\/index.php\/2025\/12\/03\/cuba-sufre-una-desconexion-que-deja-sin-servicio-electrico-a-la-zona-occidental\/","title":{"rendered":"Cuba sufre una &#8220;desconexi\u00f3n&#8221; que deja sin servicio el\u00e9ctrico a la zona occidental"},"content":{"rendered":"<p style=\"text-align: justify;\">Las autoridades cubanas informaron este mi\u00e9rcoles que en horas de la madrugada se produjo una &#8220;desconexi\u00f3n del Sistema Electroenerg\u00e9tico Nacional (SEN) de la parte occidental&#8221;, lo que afect\u00f3 a\u00a0varias provincias que quedaron sin servicio.<\/p>\n<p style=\"text-align: justify;\">&#8220;La Uni\u00f3n El\u00e9ctrica (UNE) investiga las causas para restablecer el servicio lo m\u00e1s pronto posible&#8221;,\u00a0indic\u00f3\u00a0la Empresa El\u00e9ctrica de La Habana en su canal de Telegram.<\/p>\n<p style=\"text-align: justify;\">El ministerio de Energ\u00eda y Minas\u00a0precis\u00f3\u00a0que la\u00a0suspensi\u00f3n del servicio, que empez\u00f3 desde las 5:00 de la ma\u00f1ana, afecta\u00a0desde\u00a0Mayabeque a Pinar del R\u00edo.<\/p>\n<div style=\"text-align: justify;\" data-widgets=\"ReadMore\">\n<div>\n<article>\n<div>\n<div>El presidente Miguel D\u00edaz-Canel indic\u00f3 que los trabajadores del Ministerio de Energ\u00eda y Minas &#8220;ya est\u00e1n resolviendo el problema&#8221;.<\/div>\n<div>En el mismo mensaje\u00a0el mandatario mencion\u00f3 &#8220;las complejidades diarias&#8221; que impone el bloqueo y la recuperaci\u00f3n del\u00a0hurac\u00e1n Melissa.<\/div>\n<\/div>\n<\/article>\n<\/div>\n<\/div>\n<p style=\"text-align: justify;\">Se calcula que alrededor de 3,5 millones de personas se han quedado sin luz en un \u00e1rea geogr\u00e1fica que incluye el \u00e1rea capitalina, tras un fallo que se inici\u00f3 a las 5.00 hora local.<\/p>\n<p style=\"text-align: justify;\">RT<\/p>\n","protected":false},"excerpt":{"rendered":"<p>Las autoridades cubanas informaron este mi\u00e9rcoles que en horas de la madrugada se produjo una &#8220;desconexi\u00f3n del Sistema Electroenerg\u00e9tico Nacional (SEN) de la parte occidental&#8221;, lo que afect\u00f3 a\u00a0varias provincias que quedaron sin servicio. &#8220;La Uni\u00f3n El\u00e9ctrica (UNE) investiga las causas para restablecer el servicio lo m\u00e1s pronto posible&#8221;,\u00a0indic\u00f3\u00a0la Empresa El\u00e9ctrica de La Habana en [&hellip;]<\/p>\n","protected":false},"author":1,"featured_media":59533,"comment_status":"open","ping_status":"open","sticky":false,"template":"","format":"standard","meta":{"_bbp_topic_count":0,"_bbp_reply_count":0,"_bbp_total_topic_count":0,"_bbp_total_reply_count":0,"_bbp_voice_count":0,"_bbp_anonymous_reply_count":0,"_bbp_topic_count_hidden":0,"_bbp_reply_count_hidden":0,"_bbp_forum_subforum_count":0,"content-type":"","iawp_total_views":0,"footnotes":""},"categories":[109],"tags":[],"class_list":{"0":"post-59532","1":"post","2":"type-post","3":"status-publish","4":"format-standard","5":"has-post-thumbnail","7":"category-internacionales"},"_links":{"self":[{"href":"https:\/\/influencias.do\/index.php\/wp-json\/wp\/v2\/posts\/59532","targetHints":{"allow":["GET"]}}],"collection":[{"href":"https:\/\/influencias.do\/index.php\/wp-json\/wp\/v2\/posts"}],"about":[{"href":"https:\/\/influencias.do\/index.php\/wp-json\/wp\/v2\/types\/post"}],"author":[{"embeddable":true,"href":"https:\/\/influencias.do\/index.php\/wp-json\/wp\/v2\/users\/1"}],"replies":[{"embeddable":true,"href":"https:\/\/influencias.do\/index.php\/wp-json\/wp\/v2\/comments?post=59532"}],"version-history":[{"count":1,"href":"https:\/\/influencias.do\/index.php\/wp-json\/wp\/v2\/posts\/59532\/revisions"}],"predecessor-version":[{"id":59534,"href":"https:\/\/influencias.do\/index.php\/wp-json\/wp\/v2\/posts\/59532\/revisions\/59534"}],"wp:featuredmedia":[{"embeddable":true,"href":"https:\/\/influencias.do\/index.php\/wp-json\/wp\/v2\/media\/59533"}],"wp:attachment":[{"href":"https:\/\/influencias.do\/index.php\/wp-json\/wp\/v2\/media?parent=59532"}],"wp:term":[{"taxonomy":"category","embeddable":true,"href":"https:\/\/influencias.do\/index.php\/wp-json\/wp\/v2\/categories?post=59532"},{"taxonomy":"post_tag","embeddable":true,"href":"https:\/\/influencias.do\/index.php\/wp-json\/wp\/v2\/tags?post=59532"}],"curies":[{"name":"wp","href":"https:\/\/api.w.org\/{rel}","templated":true}]}}