{"id":59463,"date":"2025-12-02T15:06:57","date_gmt":"2025-12-02T15:06:57","guid":{"rendered":"https:\/\/influencias.do\/?p=59463"},"modified":"2025-12-02T15:06:57","modified_gmt":"2025-12-02T15:06:57","slug":"eddy-alcantara-llama-a-la-dirigencia-del-prm-a-defender-obra-de-gobierno-de-luis-abinader","status":"publish","type":"post","link":"https:\/\/influencias.do\/index.php\/2025\/12\/02\/eddy-alcantara-llama-a-la-dirigencia-del-prm-a-defender-obra-de-gobierno-de-luis-abinader\/","title":{"rendered":"Eddy Alc\u00e1ntara llama a la dirigencia del PRM a defender obra de gobierno de Luis Abinader"},"content":{"rendered":"<p class=\"x_MsoNormal\"><b><span lang=\"ES-DO\" data-olk-copy-source=\"MessageBody\">Santo Domingo.\u2013<\/span><\/b><span lang=\"ES-DO\">\u00a0El dirigente pol\u00edtico Eddy Alc\u00e1ntara exhort\u00f3 a la dirigencia y militancia del gobernante Partido Revolucionario Moderno, as\u00ed como a los funcionarios del Estado, a asumir con firmeza la defensa de la gesti\u00f3n del presidente Luis Abinader, a quien defini\u00f3 como el principal garante de la estabilidad institucional y de la permanencia del PRM en el poder m\u00e1s all\u00e1 de 2028.<\/span><\/p>\n<p class=\"x_MsoNormal\"><span lang=\"ES-DO\">Alc\u00e1ntara afirm\u00f3 que la oposici\u00f3n intenta presentarse como referente moral para criticar a la actual administraci\u00f3n, pero se\u00f1al\u00f3 que la sociedad \u201ctiene a la vista\u201d los contrastes entre las gestiones de los anteriores mandatarios y la actual.<\/span><\/p>\n<p class=\"x_MsoNormal\"><span lang=\"ES-DO\">Sostuvo que la oposici\u00f3n \u201ccarece de la autoridad necesaria\u201d para juzgar la actual gesti\u00f3n.<\/span><\/p>\n<p class=\"x_MsoNormal\"><span lang=\"ES-DO\">En ese sentido, indic\u00f3 que resulta sencillo responder a los ataques siempre que los funcionarios manejen informaci\u00f3n precisa y defiendan de manera activa las decisiones del Gobierno.<\/span><\/p>\n<p class=\"x_MsoNormal\"><span lang=\"ES-DO\">\u201cLa defensa de esta obra no corresponde solo al presidente Abinader; nos corresponde a todos\u201d, enfatiz\u00f3 el dirigente pol\u00edtico.<\/span><\/p>\n<p class=\"x_MsoNormal\"><span lang=\"ES-DO\">Como ejemplo, cit\u00f3 su labor al frente del Instituto Nacional de Protecci\u00f3n de los Derechos del Consumidor (Pro Consumidor), donde, explic\u00f3, responde de inmediato a cualquier cuestionamiento opositor sustent\u00e1ndose en datos verificables.<\/span><\/p>\n<p class=\"x_MsoNormal\"><span lang=\"ES-DO\">Exhort\u00f3 a los dem\u00e1s funcionarios a actuar con la misma determinaci\u00f3n.<\/span><\/p>\n<p class=\"x_MsoNormal\"><span lang=\"ES-DO\">\u201cSi no defendemos y destacamos lo que se est\u00e1 haciendo, no hay 2028; lo dem\u00e1s es cuento\u201d, afirm\u00f3.<\/span><\/p>\n<p class=\"x_MsoNormal\"><span lang=\"ES-DO\">Alc\u00e1ntara concluy\u00f3 definiendo a Abinader como \u201cel \u00fanico l\u00edder genuino de la pol\u00edtica vern\u00e1cula dominicana en estos momentos\u201d e insisti\u00f3 en su llamado a la estructura oficialista a defender con determinaci\u00f3n los logros del Gobierno.<\/span><\/p>\n<p class=\"x_MsoNormal\"><span lang=\"ES-DO\">\u00a0<\/span><\/p>\n","protected":false},"excerpt":{"rendered":"<p>Santo Domingo.\u2013\u00a0El dirigente pol\u00edtico Eddy Alc\u00e1ntara exhort\u00f3 a la dirigencia y militancia del gobernante Partido Revolucionario Moderno, as\u00ed como a los funcionarios del Estado, a asumir con firmeza la defensa de la gesti\u00f3n del presidente Luis Abinader, a quien defini\u00f3 como el principal garante de la estabilidad institucional y de la permanencia del PRM en [&hellip;]<\/p>\n","protected":false},"author":1,"featured_media":59464,"comment_status":"open","ping_status":"open","sticky":false,"template":"","format":"standard","meta":{"_bbp_topic_count":0,"_bbp_reply_count":0,"_bbp_total_topic_count":0,"_bbp_total_reply_count":0,"_bbp_voice_count":0,"_bbp_anonymous_reply_count":0,"_bbp_topic_count_hidden":0,"_bbp_reply_count_hidden":0,"_bbp_forum_subforum_count":0,"content-type":"","iawp_total_views":0,"footnotes":""},"categories":[106],"tags":[],"class_list":{"0":"post-59463","1":"post","2":"type-post","3":"status-publish","4":"format-standard","5":"has-post-thumbnail","7":"category-politica"},"_links":{"self":[{"href":"https:\/\/influencias.do\/index.php\/wp-json\/wp\/v2\/posts\/59463","targetHints":{"allow":["GET"]}}],"collection":[{"href":"https:\/\/influencias.do\/index.php\/wp-json\/wp\/v2\/posts"}],"about":[{"href":"https:\/\/influencias.do\/index.php\/wp-json\/wp\/v2\/types\/post"}],"author":[{"embeddable":true,"href":"https:\/\/influencias.do\/index.php\/wp-json\/wp\/v2\/users\/1"}],"replies":[{"embeddable":true,"href":"https:\/\/influencias.do\/index.php\/wp-json\/wp\/v2\/comments?post=59463"}],"version-history":[{"count":1,"href":"https:\/\/influencias.do\/index.php\/wp-json\/wp\/v2\/posts\/59463\/revisions"}],"predecessor-version":[{"id":59465,"href":"https:\/\/influencias.do\/index.php\/wp-json\/wp\/v2\/posts\/59463\/revisions\/59465"}],"wp:featuredmedia":[{"embeddable":true,"href":"https:\/\/influencias.do\/index.php\/wp-json\/wp\/v2\/media\/59464"}],"wp:attachment":[{"href":"https:\/\/influencias.do\/index.php\/wp-json\/wp\/v2\/media?parent=59463"}],"wp:term":[{"taxonomy":"category","embeddable":true,"href":"https:\/\/influencias.do\/index.php\/wp-json\/wp\/v2\/categories?post=59463"},{"taxonomy":"post_tag","embeddable":true,"href":"https:\/\/influencias.do\/index.php\/wp-json\/wp\/v2\/tags?post=59463"}],"curies":[{"name":"wp","href":"https:\/\/api.w.org\/{rel}","templated":true}]}}