{"id":59344,"date":"2025-11-27T12:47:28","date_gmt":"2025-11-27T12:47:28","guid":{"rendered":"https:\/\/influencias.do\/?p=59344"},"modified":"2025-11-27T12:47:28","modified_gmt":"2025-11-27T12:47:28","slug":"venezuela-revoca-la-concesion-a-varias-aerolineas-mientras-ee-uu-aumenta-la-presion","status":"publish","type":"post","link":"https:\/\/influencias.do\/index.php\/2025\/11\/27\/venezuela-revoca-la-concesion-a-varias-aerolineas-mientras-ee-uu-aumenta-la-presion\/","title":{"rendered":"Venezuela revoca la concesi\u00f3n a varias aerol\u00edneas mientras EE.UU. aumenta la presi\u00f3n"},"content":{"rendered":"<p style=\"text-align: justify;\">\u00a0El Gobierno de Venezuela cumpli\u00f3 con su amenaza y revoc\u00f3 este mi\u00e9rcoles la concesi\u00f3n de vuelo a varias aerol\u00edneas internacionales al acusarlas de \u00absumarse a las acciones de terrorismo\u00bb promovidas por EE.UU., que aumenta la presi\u00f3n en el Caribe donde mantiene su in\u00e9dito despliegue militar.<\/p>\n<p style=\"text-align: justify;\">Horas despu\u00e9s de que venciera\u00a0<a href=\"https:\/\/efe.com\/mundo\/2025-11-26\/venezuela-vuelos-aerolineas-operaciones\/\" target=\"_blank\" rel=\"noreferrer noopener\" data-mrf-link=\"https:\/\/efe.com\/mundo\/2025-11-26\/venezuela-vuelos-aerolineas-operaciones\/\">el plazo otorgado<\/a> por las autoridades venezolanas a las aerol\u00edneas, que expiraba a las 16:00 GMT (el mediod\u00eda en hora local), el Ministerio de Transporte y el Instituto Nacional de Aeron\u00e1utica Civil (INAC) anunciaron su decisi\u00f3n, que afecta a Iberia, TAP, Avianca, Latam Colombia, Turkish Airlines y Gol.<\/p>\n<p style=\"text-align: justify;\">Estas compa\u00f1\u00edas hab\u00edan cancelado los viajes hacia y desde Caracas luego de que el pasado viernes la Administraci\u00f3n Federal de Aviaci\u00f3n de EE.UU. instara a los aerol\u00edneas comerciales a \u00abextremar la precauci\u00f3n\u00bb al sobrevolar Venezuela y el sur del Caribe ante lo que considera \u00abuna situaci\u00f3n potencialmente peligrosa en la regi\u00f3n\u00bb.<\/p>\n<p style=\"text-align: justify;\">El alcance completo de esta revocaci\u00f3n, que aislar\u00eda a Venezuela y limitar\u00eda su conectividad a\u00e9rea en un momento tan crucial para el transporte como la Navidad, todav\u00eda est\u00e1 por ver.<\/p>\n<h2 id=\"h-venezuela-decide-quien-vuela\" style=\"text-align: justify;\">Venezuela \u00abdecide qui\u00e9n vuela\u00bb<\/h2>\n<p style=\"text-align: justify;\">Poco antes del anuncio, el ministro de Interior de Venezuela, Diosdado Cabello, record\u00f3 que el Gobierno del pa\u00eds es quien \u00abdecide qui\u00e9n vuela y qui\u00e9n no\u00bb y \u00abse reserva el derecho de admisi\u00f3n\u00bb.<\/p>\n<p style=\"text-align: justify;\">\u00abEl Gobierno nacional, en una decisi\u00f3n soberana, les dijo a las empresas (a\u00e9reas): si en 48 horas ustedes no reanudan los vuelos, no los reanuden m\u00e1s. Qu\u00e9dense ustedes con sus aviones y nosotros nos quedamos con nuestra dignidad y listo, no hay problema\u00bb, manifest\u00f3 el n\u00famero dos del chavismo.<\/p>\n<p style=\"text-align: justify;\">Por el momento, Copa, Wingo, Boliviana de Aviaci\u00f3n y Satena, as\u00ed como las compa\u00f1\u00edas locales Avior y Conviasa (estatal) mantienen sus operaciones en el pa\u00eds.<\/p>\n<p style=\"text-align: justify;\">En este contexto, un avi\u00f3n estadounidense con 175 migrantes deportados aterriz\u00f3 cerca del mediod\u00eda en el principal aeropuerto de Venezuela, el internacional Sim\u00f3n Bol\u00edvar, que sirve a Caracas, lo que, seg\u00fan dijo a EFE una fuente del Ministerio de Transporte, demuestra que \u00abno hay peligro en el espacio a\u00e9reo venezolano\u00bb y, adem\u00e1s, evidencia un \u00abdoble discurso\u00bb por parte de Washington.<\/p>\n<p style=\"text-align: justify;\">Posteriormente, el Gobierno venezolano asegur\u00f3 que EE.UU. solicit\u00f3 \u00abpermisos especiales\u00bb para operar \u00abrutas de repatriaci\u00f3n con aviones estadounidenses\u00bb.<\/p>\n<h3 style=\"text-align: justify;\">Movimiento en el Caribe<\/h3>\n<p style=\"text-align: justify;\">Entretanto, la Fuerza A\u00e9rea de EE.UU. revel\u00f3 este mi\u00e9rcoles que aviones bombarderos B-52H realizaron demostraciones de ataque esta semana en el Caribe.<\/p>\n<p>Las autoridades no precisaron la ubicaci\u00f3n de estas demostraciones, que enmarcaron dentro de la operaci\u00f3n militar \u2018Lanza del Sur\u2019, anunciada el pasado 14 de noviembre para luchar contra el narcotr\u00e1fico originado en Latinoam\u00e9rica tres meses despu\u00e9s de que comenzara el despliegue militar en la regi\u00f3n.<\/p>\n<p style=\"text-align: justify;\">Tambi\u00e9n este mi\u00e9rcoles, el presidente dominicano, Luis Abinader, y el secretario de Guerra estadounidense, Pete Hegseth, anunciaron que EE.UU. utilizar\u00e1 de manera \u00abprovisional\u00bb dos aeropuertos dominicanos como parte de su lucha contra el narcotr\u00e1fico a trav\u00e9s de \u2018Lanza del Sur\u2019.<\/p>\n<p>Los aeropuertos Internacional de las Am\u00e9ricas y el militar de San Isidro, ambos en la provincia de Santo Domingo, destinar\u00e1n \u00e1reas para el transporte de equipo y personal t\u00e9cnico estadounidense, afirm\u00f3 Abinader en presencia de Hegseth.<\/p>\n<p>Por otra parte, la primera ministra de Trinidad y Tobago, Kamla Persad-Bissessar, asegur\u00f3 este mi\u00e9rcoles que la Casa Blanca no ha solicitado a su pa\u00eds ser \u00abbase para ninguna guerra contra Venezuela\u00bb, un d\u00eda despu\u00e9s de la visita del jefe del Estado Mayor de EE.UU., Dan Caine, y rechaz\u00f3 las especulaciones de que la actividad militar norteamericana en la naci\u00f3n insular estuviera vinculada a las tensiones con Caracas.<\/p>\n<h2 id=\"h-llamado-a-la-defensa-y-al-dialogo-nbsp\" style=\"text-align: justify;\">Llamado a la defensa y al di\u00e1logo<\/h2>\n<p style=\"text-align: justify;\">La vicepresidenta ejecutiva de Venezuela, Delcy Rodr\u00edguez, dijo este mi\u00e9rcoles que \u00abel camino no es enviar barcos\u00bb ni amenazar \u00abmilitarmente\u00bb a su pa\u00eds.<\/p>\n<p style=\"text-align: justify;\">Horas despu\u00e9s, Cabello anunci\u00f3 a partir del jueves una fase de organizaci\u00f3n en comunidades \u00abpara la circunstancia que sea\u00bb, sin precisar qu\u00e9 implica esta organizaci\u00f3n, y habl\u00f3 de defender el pa\u00eds en momentos de tensi\u00f3n por la movilizaci\u00f3n militar de EE.UU..<\/p>\n<p style=\"text-align: justify;\">Adem\u00e1s, consider\u00f3 como una \u00ablocura imperial\u00bb que Rep\u00fablica Dominicana autorice a Estados Unidos a utilizar dos aeropuertos en Santo Domingo como parte de la lucha contra el narcotr\u00e1fico.<\/p>\n<p style=\"text-align: justify;\">Por su parte, el fiscal general, Tarek William Saab, dijo que son bienvenidas las conversaciones directas entre el presidente Nicol\u00e1s Maduro y su hom\u00f3logo estadounidense, Donald Trump, quien ha dicho que sus contactos con el l\u00edder chavista son para \u00absalvar muchas vidas\u00bb.<\/p>\n<h2 id=\"h-iberia-confia-en-retomar-los-vuelos-y-prima-la-seguridad\" style=\"text-align: justify;\">Iberia conf\u00eda en retomar los vuelos y prima la seguridad<\/h2>\n<p style=\"text-align: justify;\">La aerol\u00ednea espa\u00f1ola Iberia conf\u00eda en retomar los vuelos a Venezuela lo antes posible, en cuanto se den condiciones plenas de seguridad para los pasajeros.<\/p>\n<p style=\"text-align: justify;\">Fuentes de Iberia han dicho a EFE que su prioridad es siempre la seguridad de sus pasajeros y de sus tripulantes.<\/p>\n<p style=\"text-align: justify;\">La compa\u00f1\u00eda espera que, cuando se recupere la calma en la zona, pueda retomarse tambi\u00e9n la normalidad en las operaciones.<\/p>\n<p style=\"text-align: justify;\">EFE<\/p>\n","protected":false},"excerpt":{"rendered":"<p>\u00a0El Gobierno de Venezuela cumpli\u00f3 con su amenaza y revoc\u00f3 este mi\u00e9rcoles la concesi\u00f3n de vuelo a varias aerol\u00edneas internacionales al acusarlas de \u00absumarse a las acciones de terrorismo\u00bb promovidas por EE.UU., que aumenta la presi\u00f3n en el Caribe donde mantiene su in\u00e9dito despliegue militar. Horas despu\u00e9s de que venciera\u00a0el plazo otorgado por las autoridades [&hellip;]<\/p>\n","protected":false},"author":1,"featured_media":59345,"comment_status":"open","ping_status":"open","sticky":false,"template":"","format":"standard","meta":{"_bbp_topic_count":0,"_bbp_reply_count":0,"_bbp_total_topic_count":0,"_bbp_total_reply_count":0,"_bbp_voice_count":0,"_bbp_anonymous_reply_count":0,"_bbp_topic_count_hidden":0,"_bbp_reply_count_hidden":0,"_bbp_forum_subforum_count":0,"content-type":"","iawp_total_views":0,"footnotes":""},"categories":[109],"tags":[2353,223,578,1463],"class_list":{"0":"post-59344","1":"post","2":"type-post","3":"status-publish","4":"format-standard","5":"has-post-thumbnail","7":"category-internacionales","8":"tag-aerolineas","9":"tag-estados-unidos","10":"tag-venezuela","11":"tag-vuelos"},"_links":{"self":[{"href":"https:\/\/influencias.do\/index.php\/wp-json\/wp\/v2\/posts\/59344","targetHints":{"allow":["GET"]}}],"collection":[{"href":"https:\/\/influencias.do\/index.php\/wp-json\/wp\/v2\/posts"}],"about":[{"href":"https:\/\/influencias.do\/index.php\/wp-json\/wp\/v2\/types\/post"}],"author":[{"embeddable":true,"href":"https:\/\/influencias.do\/index.php\/wp-json\/wp\/v2\/users\/1"}],"replies":[{"embeddable":true,"href":"https:\/\/influencias.do\/index.php\/wp-json\/wp\/v2\/comments?post=59344"}],"version-history":[{"count":1,"href":"https:\/\/influencias.do\/index.php\/wp-json\/wp\/v2\/posts\/59344\/revisions"}],"predecessor-version":[{"id":59346,"href":"https:\/\/influencias.do\/index.php\/wp-json\/wp\/v2\/posts\/59344\/revisions\/59346"}],"wp:featuredmedia":[{"embeddable":true,"href":"https:\/\/influencias.do\/index.php\/wp-json\/wp\/v2\/media\/59345"}],"wp:attachment":[{"href":"https:\/\/influencias.do\/index.php\/wp-json\/wp\/v2\/media?parent=59344"}],"wp:term":[{"taxonomy":"category","embeddable":true,"href":"https:\/\/influencias.do\/index.php\/wp-json\/wp\/v2\/categories?post=59344"},{"taxonomy":"post_tag","embeddable":true,"href":"https:\/\/influencias.do\/index.php\/wp-json\/wp\/v2\/tags?post=59344"}],"curies":[{"name":"wp","href":"https:\/\/api.w.org\/{rel}","templated":true}]}}