{"id":59263,"date":"2025-11-25T16:14:10","date_gmt":"2025-11-25T16:14:10","guid":{"rendered":"https:\/\/influencias.do\/?p=59263"},"modified":"2025-11-25T16:14:10","modified_gmt":"2025-11-25T16:14:10","slug":"congreso-nacional-presenta-avances-de-la-reforma-integral-dejala-ir-en-el-dia-internacional-de-la-no-violencia-contra-la-mujer","status":"publish","type":"post","link":"https:\/\/influencias.do\/index.php\/2025\/11\/25\/congreso-nacional-presenta-avances-de-la-reforma-integral-dejala-ir-en-el-dia-internacional-de-la-no-violencia-contra-la-mujer\/","title":{"rendered":"Congreso Nacional presenta avances de la Reforma Integral \u201cD\u00e9jala Ir\u201d en el D\u00eda Internacional de la No Violencia contra la Mujer"},"content":{"rendered":"<p>Santo Domingo. \u2013 El Congreso Nacional celebr\u00f3 este martes un acto masivo en conmemoraci\u00f3n del D\u00eda Internacional de la Eliminaci\u00f3n de la Violencia contra la Mujer, donde se presentaron los avances de la Reforma Integral \u201cD\u00e9jala Ir\u201d una iniciativa que busca prevenir y erradicar los feminicidios y filicidios en la Rep\u00fablica Dominicana.<\/p>\n<p>Durante el acto, el presidente de la C\u00e1mara de Diputados, Alfredo Pacheco, expres\u00f3 \u201choy celebramos los pasos que hemos dado y las visitas efectuadas. No solo debemos legislar en el hemiciclo, sino tambi\u00e9n en la cabeza y en el coraz\u00f3n de todos los hombres y mujeres\u201d, expres\u00f3 el legislador, al mostrar su apoyo a esta reforma.<\/p>\n<p>La propulsora de la iniciativa, diputada Kinsberly Taveras, explic\u00f3 el significado del nombre: \u201cSe llama \u2018D\u00e9jala Ir\u2019 porque no es un permiso, es una orden que va directo al coraz\u00f3n del problema.<\/p>\n<p>Se\u00f1al\u00f3 que es deber del Estado poner l\u00edmites. \u201cHay que desmontar la idea de que en pleito de marido y mujer nadie se mete. Hoy s\u00ed nos estamos metiendo\u201d, agreg\u00f3.<\/p>\n<p>Taveras resalt\u00f3 el respaldo institucional y destac\u00f3: \u201cQuiero agradecer a Alfredo Pacheco, quien aun estando en tratamiento de salud ha permanecido con nosotros. Tambi\u00e9n al titular del Senado Ricardo de los Santos, siempre firme\u201d.<\/p>\n<p>La legisladora inform\u00f3 que 10 proyectos de ley relacionados con la prevenci\u00f3n y erradicaci\u00f3n de la violencia ya han sido sometidos al Pleno y anunci\u00f3 que la reforma integral &#8220;D\u00e9jala ir&#8221; recorrer\u00e1 todo el pa\u00eds: \u201cIremos a cada una de las provincias, porque este compromiso es nacional\u201d, afirm\u00f3.<\/p>\n<p>Reiter\u00f3 la necesidad de un pacto de Estado: \u201cLa vida se salva cuando se legisla y cuando se ejecuta. Sin importar qui\u00e9n gobierne ma\u00f1ana, la vida debe seguir siendo prioridad\u201d.<\/p>\n<p>Asimismo, la presidenta de la Comisi\u00f3n de G\u00e9nero del Senado, Aracelis Villanueva, declar\u00f3 que el pa\u00eds vive \u201cun d\u00eda hist\u00f3rico, nos hemos unificado para eliminar la violencia en los hogares. No podemos permitir que caiga una mujer m\u00e1s ni un ni\u00f1o m\u00e1s\u201d, enfatiz\u00f3.<\/p>\n<p>Participaci\u00f3n de las academias y expertos<\/p>\n<p>Universidades, centros de investigaci\u00f3n y especialistas han sido integrados formalmente a las comisiones para producir informes t\u00e9cnicos con consenso social, pol\u00edtico y acad\u00e9mico.<\/p>\n<p>Gira nacional de presentaci\u00f3n y di\u00e1logo<\/p>\n<p>Las legisladoras y legisladores de D\u00e9jala Ir han sostenido encuentros con: los principales partidos pol\u00edticos, gobiernos locales, organismos especializados, medios de comunicaci\u00f3n, organizaciones sociales y ONGs, l\u00edderes comunitarios, FUNGLODE, LMD, FEDOMU y FEDODIM.<\/p>\n<p>Este proceso ha permitido que la reforma cuente con una base de apoyo territorial, institucional y ciudadana sin precedentes.<\/p>\n<p>Alianza con los gobiernos locales<\/p>\n<p>Los 158 ayuntamientos y 235 distritos municipales acogieron la iniciativa y se comprometieron a: crear Oficinas Municipales de Prevenci\u00f3n, asignar el 1 % del presupuesto local, acompa\u00f1ar familias en riesgo, fortalecer redes comunitarias contra la violencia.<\/p>\n<p>Adem\u00e1s, la diputada Taveras, proponente de la Ley Marco D\u00e9jala Ir y coordinadora del movimiento legislativo, destac\u00f3 en su intervenci\u00f3n que la prevenci\u00f3n de la violencia exige un compromiso integral del Estado dominicano:<\/p>\n<p>\u201cLas leyes sin implementaci\u00f3n no salvan vidas. Y la implementaci\u00f3n sin respaldo legislativo tampoco. La violencia vive en las zonas grises del Estado. Por eso necesitamos un acuerdo de Estado, donde el Poder Ejecutivo, el Poder Legislativo y todos los poderes act\u00faen unidos para proteger a las mujeres y a las familias dominicanas\u201d, indic\u00f3.<\/p>\n<p>Taveras explic\u00f3 que la reforma propone medidas de alto impacto como: un trabajador social por cada 300 estudiantes, la creaci\u00f3n del SINAT (Sistema Nacional de Alerta Temprana), pilotos en provincias con mayor violencia, educaci\u00f3n emocional y masculinidades positivas en las escuelas, pol\u00edtica nacional del cuidado, articulaci\u00f3n territorial con gobiernos locales, rutas de protecci\u00f3n comunitaria, justicia especializada y empoderamiento econ\u00f3mico para las mujeres en riesgo.<\/p>\n","protected":false},"excerpt":{"rendered":"<p>Santo Domingo. \u2013 El Congreso Nacional celebr\u00f3 este martes un acto masivo en conmemoraci\u00f3n del D\u00eda Internacional de la Eliminaci\u00f3n de la Violencia contra la Mujer, donde se presentaron los avances de la Reforma Integral \u201cD\u00e9jala Ir\u201d una iniciativa que busca prevenir y erradicar los feminicidios y filicidios en la Rep\u00fablica Dominicana. Durante el acto, [&hellip;]<\/p>\n","protected":false},"author":1,"featured_media":59264,"comment_status":"open","ping_status":"open","sticky":false,"template":"","format":"standard","meta":{"_bbp_topic_count":0,"_bbp_reply_count":0,"_bbp_total_topic_count":0,"_bbp_total_reply_count":0,"_bbp_voice_count":0,"_bbp_anonymous_reply_count":0,"_bbp_topic_count_hidden":0,"_bbp_reply_count_hidden":0,"_bbp_forum_subforum_count":0,"content-type":"","iawp_total_views":0,"footnotes":""},"categories":[105],"tags":[],"class_list":{"0":"post-59263","1":"post","2":"type-post","3":"status-publish","4":"format-standard","5":"has-post-thumbnail","7":"category-nacionales"},"_links":{"self":[{"href":"https:\/\/influencias.do\/index.php\/wp-json\/wp\/v2\/posts\/59263","targetHints":{"allow":["GET"]}}],"collection":[{"href":"https:\/\/influencias.do\/index.php\/wp-json\/wp\/v2\/posts"}],"about":[{"href":"https:\/\/influencias.do\/index.php\/wp-json\/wp\/v2\/types\/post"}],"author":[{"embeddable":true,"href":"https:\/\/influencias.do\/index.php\/wp-json\/wp\/v2\/users\/1"}],"replies":[{"embeddable":true,"href":"https:\/\/influencias.do\/index.php\/wp-json\/wp\/v2\/comments?post=59263"}],"version-history":[{"count":1,"href":"https:\/\/influencias.do\/index.php\/wp-json\/wp\/v2\/posts\/59263\/revisions"}],"predecessor-version":[{"id":59265,"href":"https:\/\/influencias.do\/index.php\/wp-json\/wp\/v2\/posts\/59263\/revisions\/59265"}],"wp:featuredmedia":[{"embeddable":true,"href":"https:\/\/influencias.do\/index.php\/wp-json\/wp\/v2\/media\/59264"}],"wp:attachment":[{"href":"https:\/\/influencias.do\/index.php\/wp-json\/wp\/v2\/media?parent=59263"}],"wp:term":[{"taxonomy":"category","embeddable":true,"href":"https:\/\/influencias.do\/index.php\/wp-json\/wp\/v2\/categories?post=59263"},{"taxonomy":"post_tag","embeddable":true,"href":"https:\/\/influencias.do\/index.php\/wp-json\/wp\/v2\/tags?post=59263"}],"curies":[{"name":"wp","href":"https:\/\/api.w.org\/{rel}","templated":true}]}}