{"id":59260,"date":"2025-11-25T15:26:49","date_gmt":"2025-11-25T15:26:49","guid":{"rendered":"https:\/\/influencias.do\/?p=59260"},"modified":"2025-11-26T14:34:35","modified_gmt":"2025-11-26T14:34:35","slug":"paliza-arremete-contra-infiltracion-del-narcotrafico-en-la-politica-y-anuncia-reforzamiento-de-controles-internos-en-el-prm","status":"publish","type":"post","link":"https:\/\/influencias.do\/index.php\/2025\/11\/25\/paliza-arremete-contra-infiltracion-del-narcotrafico-en-la-politica-y-anuncia-reforzamiento-de-controles-internos-en-el-prm\/","title":{"rendered":"Paliza arremete contra la infiltraci\u00f3n del narcotr\u00e1fico en la pol\u00edtica y anuncia reforzamiento de controles internos en el PRM"},"content":{"rendered":"<p data-start=\"136\" data-end=\"418\">El presidente del <strong>Partido Revolucionario Moderno, Jos\u00e9 Ignacio Paliza<\/strong>, pronunci\u00f3 este lunes 24 de noviembre un en\u00e9rgico discurso en el que advirti\u00f3 que el narcotr\u00e1fico no tendr\u00e1 espacio en la vida pol\u00edtica del pa\u00eds y que \u201cla impunidad dej\u00f3 de ser una opci\u00f3n\u201d bajo la actual gesti\u00f3n.<\/p>\n<p data-start=\"420\" data-end=\"727\">Durante su intervenci\u00f3n, Paliza reconoci\u00f3 el malestar que han causado los recientes casos vinculados al crimen organizado: afirm\u00f3 que \u201cno solo molestan, sino que duelen\u201d, pero destac\u00f3 que estos procesos evidencian un fortalecimiento institucional, donde la ley act\u00faa sin distinci\u00f3n de colores ni jerarqu\u00edas.<\/p>\n<p data-start=\"729\" data-end=\"1006\">El dirigente oficialista se\u00f1al\u00f3 que podr\u00edan surgir nuevos nombres en las investigaciones, no porque la situaci\u00f3n haya empeorado, sino porque ahora existe una acci\u00f3n decidida de las autoridades y del <strong data-start=\"928\" data-end=\"969\"><span class=\"hover:entity-accent entity-underline inline cursor-pointer align-baseline\"><span class=\"whitespace-normal\">Ministerio P\u00fablico<\/span><\/span><\/strong> para enfrentar este tipo de delitos.<\/p>\n<p data-start=\"1008\" data-end=\"1390\">Paliza tambi\u00e9n revel\u00f3 que el partido ha tomado medidas disciplinarias inmediatas contra miembros relacionados con investigaciones sobre narcotr\u00e1fico, incluyendo suspensiones y expulsiones. Indic\u00f3 adem\u00e1s que se reforzar\u00e1n los filtros de ingreso y los mecanismos de control interno dentro del <strong data-start=\"1299\" data-end=\"1340\"><span class=\"hover:entity-accent entity-underline inline cursor-pointer align-baseline\"><span class=\"whitespace-normal\">Partido Revolucionario Moderno<\/span><\/span><\/strong>, como parte de una pol\u00edtica de \u201ctolerancia cero\u201d.<\/p>\n<p data-start=\"1392\" data-end=\"1723\">El presidente del PRM anunci\u00f3 que impulsar\u00e1 reformas legales que incluyan modificar la Ley 155-17 sobre Lavado de Activos, con el objetivo de que las organizaciones pol\u00edticas se conviertan en sujetos obligados, lo que permitir\u00eda una supervisi\u00f3n m\u00e1s estricta de los fondos que reciben y mayor transparencia en sus procesos internos.<\/p>\n<p data-start=\"1725\" data-end=\"1991\">En su declaraci\u00f3n, hizo un llamado directo a cualquier pol\u00edtico \u2014sin importar la organizaci\u00f3n a la que pertenezca\u2014 que est\u00e9 vinculado a redes il\u00edcitas para que se entregue a las autoridades, advirtiendo que \u201cning\u00fan partido, liderazgo o estructura podr\u00e1 protegerlos\u201d.<\/p>\n<p data-start=\"1993\" data-end=\"2327\">Paliza afirm\u00f3 que hoy el pa\u00eds cuenta con instituciones m\u00e1s fuertes y un aparato de justicia independiente, lo que asegura que estos casos ser\u00e1n procesados sin interferencias. Concluy\u00f3 reiterando el compromiso de su partido de mantenerse \u201cdel lado correcto\u201d en la lucha contra el narcotr\u00e1fico y en defensa de la integridad democr\u00e1tica.<\/p>\n","protected":false},"excerpt":{"rendered":"<p>El presidente del Partido Revolucionario Moderno, Jos\u00e9 Ignacio Paliza, pronunci\u00f3 este lunes 24 de noviembre un en\u00e9rgico discurso en el que advirti\u00f3 que el narcotr\u00e1fico no tendr\u00e1 espacio en la vida pol\u00edtica del pa\u00eds y que \u201cla impunidad dej\u00f3 de ser una opci\u00f3n\u201d bajo la actual gesti\u00f3n. Durante su intervenci\u00f3n, Paliza reconoci\u00f3 el malestar que [&hellip;]<\/p>\n","protected":false},"author":1,"featured_media":59261,"comment_status":"closed","ping_status":"closed","sticky":false,"template":"","format":"standard","meta":{"_bbp_topic_count":0,"_bbp_reply_count":0,"_bbp_total_topic_count":0,"_bbp_total_reply_count":0,"_bbp_voice_count":0,"_bbp_anonymous_reply_count":0,"_bbp_topic_count_hidden":0,"_bbp_reply_count_hidden":0,"_bbp_forum_subforum_count":0,"content-type":"","iawp_total_views":0,"footnotes":""},"categories":[108,106],"tags":[1737],"class_list":{"0":"post-59260","1":"post","2":"type-post","3":"status-publish","4":"format-standard","5":"has-post-thumbnail","7":"category-mas-vistas","8":"category-politica","9":"tag-jose-ignacio-paliza"},"_links":{"self":[{"href":"https:\/\/influencias.do\/index.php\/wp-json\/wp\/v2\/posts\/59260","targetHints":{"allow":["GET"]}}],"collection":[{"href":"https:\/\/influencias.do\/index.php\/wp-json\/wp\/v2\/posts"}],"about":[{"href":"https:\/\/influencias.do\/index.php\/wp-json\/wp\/v2\/types\/post"}],"author":[{"embeddable":true,"href":"https:\/\/influencias.do\/index.php\/wp-json\/wp\/v2\/users\/1"}],"replies":[{"embeddable":true,"href":"https:\/\/influencias.do\/index.php\/wp-json\/wp\/v2\/comments?post=59260"}],"version-history":[{"count":2,"href":"https:\/\/influencias.do\/index.php\/wp-json\/wp\/v2\/posts\/59260\/revisions"}],"predecessor-version":[{"id":59306,"href":"https:\/\/influencias.do\/index.php\/wp-json\/wp\/v2\/posts\/59260\/revisions\/59306"}],"wp:featuredmedia":[{"embeddable":true,"href":"https:\/\/influencias.do\/index.php\/wp-json\/wp\/v2\/media\/59261"}],"wp:attachment":[{"href":"https:\/\/influencias.do\/index.php\/wp-json\/wp\/v2\/media?parent=59260"}],"wp:term":[{"taxonomy":"category","embeddable":true,"href":"https:\/\/influencias.do\/index.php\/wp-json\/wp\/v2\/categories?post=59260"},{"taxonomy":"post_tag","embeddable":true,"href":"https:\/\/influencias.do\/index.php\/wp-json\/wp\/v2\/tags?post=59260"}],"curies":[{"name":"wp","href":"https:\/\/api.w.org\/{rel}","templated":true}]}}