{"id":59257,"date":"2025-11-25T14:45:28","date_gmt":"2025-11-25T14:45:28","guid":{"rendered":"https:\/\/influencias.do\/?p=59257"},"modified":"2025-11-25T14:45:28","modified_gmt":"2025-11-25T14:45:28","slug":"acribillan-a-influencer-y-cantante-latina-en-una-emboscada-en-los-angeles","status":"publish","type":"post","link":"https:\/\/influencias.do\/index.php\/2025\/11\/25\/acribillan-a-influencer-y-cantante-latina-en-una-emboscada-en-los-angeles\/","title":{"rendered":"Acribillan a &#8216;influencer&#8217; y cantante latina en una emboscada en Los \u00c1ngeles"},"content":{"rendered":"<p>Una &#8216;influencer&#8217; y cantante emergente de la m\u00fasica latina fue asesinada a tiros en una emboscada en Los \u00c1ngeles,\u00a0<a href=\"https:\/\/www.lapdonline.org\/newsroom\/murder-investigation-in-devonshire-area-nr25230cm\/\" target=\"_blank\" rel=\"noopener noreferrer\">inform\u00f3<\/a>\u00a0la Polic\u00eda local.<\/p>\n<p>Mar\u00eda de la Rosa, de 22 a\u00f1os, fue abordada en la madrugada del pasado s\u00e1bado por dos sujetos que abrieron fuego mientras estaba dentro de su veh\u00edculo aparcado en el vecindario de Northridge. En el interior del coche se encontraban otras dos personas que resultaron heridas.<\/p>\n<p>La\u00a0joven fue trasladada a un hospital cercano en donde muri\u00f3 a causa de sus heridas. Hasta el momento no se han identificado sospechosos ni se han realizado arrestos. Los investigadores\u00a0<a href=\"https:\/\/www.nbclosangeles.com\/news\/local\/womans-fatal-shooting-in-northridge-under-investigation\/3808264\/\" target=\"_blank\" rel=\"noopener noreferrer\">sugieren<\/a>\u00a0que el tiroteo podr\u00eda estar relacionado con disputas entre pandillas.<\/p>\n<p>La cantante, cuyo nombre art\u00edstico era &#8216;DELAROSA&#8217;, lanz\u00f3 el pasado agosto\u00a0su primera canci\u00f3n titulada &#8216;<a href=\"https:\/\/www.youtube.com\/watch?v=2P-6s0T31H8&amp;list=RD2P-6s0T31H8&amp;start_radio=1\" target=\"_blank\" rel=\"noopener noreferrer\">No Me Llames<\/a>&#8216;. Antes de su muerte comparti\u00f3 en sus redes sociales que estaba trabajando en un nuevo proyecto musical.<\/p>\n","protected":false},"excerpt":{"rendered":"<p>Una &#8216;influencer&#8217; y cantante emergente de la m\u00fasica latina fue asesinada a tiros en una emboscada en Los \u00c1ngeles,\u00a0inform\u00f3\u00a0la Polic\u00eda local. Mar\u00eda de la Rosa, de 22 a\u00f1os, fue abordada en la madrugada del pasado s\u00e1bado por dos sujetos que abrieron fuego mientras estaba dentro de su veh\u00edculo aparcado en el vecindario de Northridge. En [&hellip;]<\/p>\n","protected":false},"author":1,"featured_media":59258,"comment_status":"open","ping_status":"open","sticky":false,"template":"","format":"standard","meta":{"_bbp_topic_count":0,"_bbp_reply_count":0,"_bbp_total_topic_count":0,"_bbp_total_reply_count":0,"_bbp_voice_count":0,"_bbp_anonymous_reply_count":0,"_bbp_topic_count_hidden":0,"_bbp_reply_count_hidden":0,"_bbp_forum_subforum_count":0,"content-type":"","iawp_total_views":0,"footnotes":""},"categories":[109],"tags":[],"class_list":{"0":"post-59257","1":"post","2":"type-post","3":"status-publish","4":"format-standard","5":"has-post-thumbnail","7":"category-internacionales"},"_links":{"self":[{"href":"https:\/\/influencias.do\/index.php\/wp-json\/wp\/v2\/posts\/59257","targetHints":{"allow":["GET"]}}],"collection":[{"href":"https:\/\/influencias.do\/index.php\/wp-json\/wp\/v2\/posts"}],"about":[{"href":"https:\/\/influencias.do\/index.php\/wp-json\/wp\/v2\/types\/post"}],"author":[{"embeddable":true,"href":"https:\/\/influencias.do\/index.php\/wp-json\/wp\/v2\/users\/1"}],"replies":[{"embeddable":true,"href":"https:\/\/influencias.do\/index.php\/wp-json\/wp\/v2\/comments?post=59257"}],"version-history":[{"count":1,"href":"https:\/\/influencias.do\/index.php\/wp-json\/wp\/v2\/posts\/59257\/revisions"}],"predecessor-version":[{"id":59259,"href":"https:\/\/influencias.do\/index.php\/wp-json\/wp\/v2\/posts\/59257\/revisions\/59259"}],"wp:featuredmedia":[{"embeddable":true,"href":"https:\/\/influencias.do\/index.php\/wp-json\/wp\/v2\/media\/59258"}],"wp:attachment":[{"href":"https:\/\/influencias.do\/index.php\/wp-json\/wp\/v2\/media?parent=59257"}],"wp:term":[{"taxonomy":"category","embeddable":true,"href":"https:\/\/influencias.do\/index.php\/wp-json\/wp\/v2\/categories?post=59257"},{"taxonomy":"post_tag","embeddable":true,"href":"https:\/\/influencias.do\/index.php\/wp-json\/wp\/v2\/tags?post=59257"}],"curies":[{"name":"wp","href":"https:\/\/api.w.org\/{rel}","templated":true}]}}