{"id":59234,"date":"2025-11-24T16:15:20","date_gmt":"2025-11-24T16:15:20","guid":{"rendered":"https:\/\/influencias.do\/?p=59234"},"modified":"2025-11-24T16:15:20","modified_gmt":"2025-11-24T16:15:20","slug":"paliza-dirigira-mensaje-al-pais-este-lunes-a-las-800-p-m","status":"publish","type":"post","link":"https:\/\/influencias.do\/index.php\/2025\/11\/24\/paliza-dirigira-mensaje-al-pais-este-lunes-a-las-800-p-m\/","title":{"rendered":"Paliza dirigir\u00e1 mensaje al pa\u00eds este lunes a las 8:00 p. m"},"content":{"rendered":"<p>Santo Domingo.- El presidente del Partido Revolucionario Moderno (PRM) y ministro de la Presidencia, Jos\u00e9 Ignacio Paliza, dirigir\u00e1 un mensaje a la naci\u00f3n este lunes 24 de noviembre a las 8:00 de la noche, el cual ser\u00e1 transmitido simult\u00e1neamente por una cadena nacional de televisi\u00f3n, as\u00ed como por sus redes sociales oficiales y las del PRM.<\/p>\n<p>Con la frase central \u201cLo que mereces saber, dicho de frente\u201d, Paliza adelant\u00f3 que ser\u00e1 una intervenci\u00f3n directa, transparente y enfocada en ofrecer informaci\u00f3n relevante a la ciudadan\u00eda sobre un tema de inter\u00e9s nacional.<\/p>\n<p>Asimismo, la direcci\u00f3n del PRM invit\u00f3 a toda la ciudadan\u00eda a sintonizar para conocer las informaciones que ser\u00e1n compartidas por el ministro.<\/p>\n<p>El mensaje se difundir\u00e1 por los canales Teleantillas, Telesistema, Coral, Color Visi\u00f3n y CDN, adem\u00e1s de la plataforma digital del partido y las cuentas oficiales del dirigente en X, Instagram y Facebook.<\/p>\n","protected":false},"excerpt":{"rendered":"<p>Santo Domingo.- El presidente del Partido Revolucionario Moderno (PRM) y ministro de la Presidencia, Jos\u00e9 Ignacio Paliza, dirigir\u00e1 un mensaje a la naci\u00f3n este lunes 24 de noviembre a las 8:00 de la noche, el cual ser\u00e1 transmitido simult\u00e1neamente por una cadena nacional de televisi\u00f3n, as\u00ed como por sus redes sociales oficiales y las del [&hellip;]<\/p>\n","protected":false},"author":1,"featured_media":59235,"comment_status":"open","ping_status":"open","sticky":false,"template":"","format":"standard","meta":{"_bbp_topic_count":0,"_bbp_reply_count":0,"_bbp_total_topic_count":0,"_bbp_total_reply_count":0,"_bbp_voice_count":0,"_bbp_anonymous_reply_count":0,"_bbp_topic_count_hidden":0,"_bbp_reply_count_hidden":0,"_bbp_forum_subforum_count":0,"content-type":"","iawp_total_views":0,"footnotes":""},"categories":[106],"tags":[],"class_list":{"0":"post-59234","1":"post","2":"type-post","3":"status-publish","4":"format-standard","5":"has-post-thumbnail","7":"category-politica"},"_links":{"self":[{"href":"https:\/\/influencias.do\/index.php\/wp-json\/wp\/v2\/posts\/59234","targetHints":{"allow":["GET"]}}],"collection":[{"href":"https:\/\/influencias.do\/index.php\/wp-json\/wp\/v2\/posts"}],"about":[{"href":"https:\/\/influencias.do\/index.php\/wp-json\/wp\/v2\/types\/post"}],"author":[{"embeddable":true,"href":"https:\/\/influencias.do\/index.php\/wp-json\/wp\/v2\/users\/1"}],"replies":[{"embeddable":true,"href":"https:\/\/influencias.do\/index.php\/wp-json\/wp\/v2\/comments?post=59234"}],"version-history":[{"count":1,"href":"https:\/\/influencias.do\/index.php\/wp-json\/wp\/v2\/posts\/59234\/revisions"}],"predecessor-version":[{"id":59236,"href":"https:\/\/influencias.do\/index.php\/wp-json\/wp\/v2\/posts\/59234\/revisions\/59236"}],"wp:featuredmedia":[{"embeddable":true,"href":"https:\/\/influencias.do\/index.php\/wp-json\/wp\/v2\/media\/59235"}],"wp:attachment":[{"href":"https:\/\/influencias.do\/index.php\/wp-json\/wp\/v2\/media?parent=59234"}],"wp:term":[{"taxonomy":"category","embeddable":true,"href":"https:\/\/influencias.do\/index.php\/wp-json\/wp\/v2\/categories?post=59234"},{"taxonomy":"post_tag","embeddable":true,"href":"https:\/\/influencias.do\/index.php\/wp-json\/wp\/v2\/tags?post=59234"}],"curies":[{"name":"wp","href":"https:\/\/api.w.org\/{rel}","templated":true}]}}