{"id":59224,"date":"2025-11-24T13:54:38","date_gmt":"2025-11-24T13:54:38","guid":{"rendered":"https:\/\/influencias.do\/?p=59224"},"modified":"2025-11-24T13:54:38","modified_gmt":"2025-11-24T13:54:38","slug":"pro-consumidor-garantiza-compras-seguras-en-viernes-negro","status":"publish","type":"post","link":"https:\/\/influencias.do\/index.php\/2025\/11\/24\/pro-consumidor-garantiza-compras-seguras-en-viernes-negro\/","title":{"rendered":"Pro Consumidor garantiza compras seguras en Viernes Negro"},"content":{"rendered":"<p><strong>SANTO DOMINGO. &#8211; <\/strong>El director ejecutivo del Instituto Nacional de Protecci\u00f3n de los Derechos del Consumidor (Pro Consumidor), Eddy Alc\u00e1ntara, afirm\u00f3 que los ciudadanos pueden realizar sus compras del Viernes Negro con total confianza, debido a la efectividad del procedimiento de verificaci\u00f3n previa que la instituci\u00f3n ejecuta cinco semanas antes de la jornada comercial m\u00e1s importante del a\u00f1o.<\/p>\n<p>Alc\u00e1ntara explic\u00f3 que este procedimiento, que busca evitar enga\u00f1os y timaciones en perjuicio de las personas consumidoras, se realiza en las principales arterias comerciales del pa\u00eds, donde se concentra m\u00e1s del 80 % de los consumidores que participan en d\u00edas de alto movimiento comercial.<\/p>\n<p>Indic\u00f3 que los inspectores de Publicidad y Precios y de Buenas Pr\u00e1cticas Comerciales levantan informaci\u00f3n detallada de los rubros de mayor demanda, especialmente electrodom\u00e9sticos, y documentan los precios reales para compararlos con las ofertas anunciadas el d\u00eda del evento o celebraci\u00f3n.<\/p>\n<p>\u201cCinco semanas antes ya sabemos, por el comportamiento del a\u00f1o anterior, cu\u00e1les son las zonas comerciales m\u00e1s concurridas y cu\u00e1les productos se comercializar\u00e1n m\u00e1s. Ese precio previo queda registrado, y luego, el D\u00eda D, es decir la fecha espec\u00edfica de la actividad, verificamos que las ofertas correspondan exactamente a esos montos\u201d, sostuvo.<\/p>\n<p>El funcionario afirm\u00f3 que, gracias a este m\u00e9todo, en los \u00faltimos tres a\u00f1os no se han reportado reclamaciones relacionadas con simulaci\u00f3n de ofertas ni publicidad enga\u00f1osa durante el Viernes Negro, \u201cuna situaci\u00f3n que en a\u00f1os anteriores generaba quejas entre las 24 y 72 horas posteriores al evento\u201d.<\/p>\n<p>Destac\u00f3, adem\u00e1s, que Pro Consumidor mantiene acuerdos con el sector comercio para evitar acciones fraudulentas, como alteraci\u00f3n previa de precios o creaci\u00f3n de ofertas simuladas.<\/p>\n<p>\u201cQuien se arriesgue a enga\u00f1ar al consumidor, sabe que aplicaremos todo el peso de las sanciones que establece nuestra normativa\u201d, enfatiz\u00f3.<\/p>\n<p>Dijo que los casos de quejas o denuncias que generalmente se reciben durante esta fecha, tienen que ver con no conformidades relacionadas con garant\u00edas y retrasos en la entrega de productos, pero insisti\u00f3 que \u201clas pr\u00e1cticas de simulaci\u00f3n de ofertas han sido totalmente erradicadas\u201d.<\/p>\n<p>El titular de Pro Consumidor explic\u00f3 tambi\u00e9n que han logrado mejorar la experiencia de compra mediante acuerdos con las principales tiendas del pa\u00eds para evitar aglomeraciones.<\/p>\n<p>\u201cEl 73 % de lo que se compra ese d\u00eda son electrodom\u00e9sticos. Por eso acordamos que se entreguen sin probarlos y que los consumidores tengan un espacio de cinco d\u00edas para revisarlos. Eso ha reducido los congestionamientos en pasillos y agilizado las ventas\u201d, se\u00f1al\u00f3.<\/p>\n<p>Durante el Viernes Negro, inspectores de los diferentes departamentos estar\u00e1n desplegados en el Gran Santo Domingo y en las principales provincias del pa\u00eds, vigilando y orientando a los consumidores.<\/p>\n<p>Alc\u00e1ntara exhort\u00f3, sin embargo, a la poblaci\u00f3n a reportar cualquier anomal\u00eda de inmediato a trav\u00e9s de las plataformas digitales y l\u00edneas tradicionales de Pro Consumidor.<\/p>\n<p>\u201cColaboren con nosotros. No tenemos un inspector por cada consumidor, pero s\u00ed un sistema que responde de inmediato a cualquier denuncia\u201d, afirm\u00f3.<\/p>\n","protected":false},"excerpt":{"rendered":"<p>SANTO DOMINGO. &#8211; El director ejecutivo del Instituto Nacional de Protecci\u00f3n de los Derechos del Consumidor (Pro Consumidor), Eddy Alc\u00e1ntara, afirm\u00f3 que los ciudadanos pueden realizar sus compras del Viernes Negro con total confianza, debido a la efectividad del procedimiento de verificaci\u00f3n previa que la instituci\u00f3n ejecuta cinco semanas antes de la jornada comercial m\u00e1s [&hellip;]<\/p>\n","protected":false},"author":1,"featured_media":59225,"comment_status":"open","ping_status":"open","sticky":false,"template":"","format":"standard","meta":{"_bbp_topic_count":0,"_bbp_reply_count":0,"_bbp_total_topic_count":0,"_bbp_total_reply_count":0,"_bbp_voice_count":0,"_bbp_anonymous_reply_count":0,"_bbp_topic_count_hidden":0,"_bbp_reply_count_hidden":0,"_bbp_forum_subforum_count":0,"content-type":"","iawp_total_views":0,"footnotes":""},"categories":[107,1],"tags":[2288,4769,1145],"class_list":{"0":"post-59224","1":"post","2":"type-post","3":"status-publish","4":"format-standard","5":"has-post-thumbnail","7":"category-economia","8":"category-portada","9":"tag-operativos","10":"tag-pro-consimidor","11":"tag-viernes-negro"},"_links":{"self":[{"href":"https:\/\/influencias.do\/index.php\/wp-json\/wp\/v2\/posts\/59224","targetHints":{"allow":["GET"]}}],"collection":[{"href":"https:\/\/influencias.do\/index.php\/wp-json\/wp\/v2\/posts"}],"about":[{"href":"https:\/\/influencias.do\/index.php\/wp-json\/wp\/v2\/types\/post"}],"author":[{"embeddable":true,"href":"https:\/\/influencias.do\/index.php\/wp-json\/wp\/v2\/users\/1"}],"replies":[{"embeddable":true,"href":"https:\/\/influencias.do\/index.php\/wp-json\/wp\/v2\/comments?post=59224"}],"version-history":[{"count":1,"href":"https:\/\/influencias.do\/index.php\/wp-json\/wp\/v2\/posts\/59224\/revisions"}],"predecessor-version":[{"id":59226,"href":"https:\/\/influencias.do\/index.php\/wp-json\/wp\/v2\/posts\/59224\/revisions\/59226"}],"wp:featuredmedia":[{"embeddable":true,"href":"https:\/\/influencias.do\/index.php\/wp-json\/wp\/v2\/media\/59225"}],"wp:attachment":[{"href":"https:\/\/influencias.do\/index.php\/wp-json\/wp\/v2\/media?parent=59224"}],"wp:term":[{"taxonomy":"category","embeddable":true,"href":"https:\/\/influencias.do\/index.php\/wp-json\/wp\/v2\/categories?post=59224"},{"taxonomy":"post_tag","embeddable":true,"href":"https:\/\/influencias.do\/index.php\/wp-json\/wp\/v2\/tags?post=59224"}],"curies":[{"name":"wp","href":"https:\/\/api.w.org\/{rel}","templated":true}]}}