{"id":5907,"date":"2023-03-20T15:52:16","date_gmt":"2023-03-20T19:52:16","guid":{"rendered":"https:\/\/influencias.do\/?p=5907"},"modified":"2023-03-20T15:52:16","modified_gmt":"2023-03-20T19:52:16","slug":"inician-jornada-de-vacunacion-pfizer-contra-covid-19-en-ninos-de-5-a-11-anos","status":"publish","type":"post","link":"https:\/\/influencias.do\/index.php\/2023\/03\/20\/inician-jornada-de-vacunacion-pfizer-contra-covid-19-en-ninos-de-5-a-11-anos\/","title":{"rendered":"Inician jornada de vacunaci\u00f3n Pfizer contra COVID-19 en ni\u00f1os de 5 a 11 a\u00f1os"},"content":{"rendered":"\n<p>El ministerio de Salud P\u00fablica y Asistencia Social (MISPAS), dio inicio este lunes a la jornada de vacunaci\u00f3n Pfizer contra COVID-19 en ni\u00f1os de 5 a 11 a\u00f1os de edad, al recibir 300 mil dosis de estas vacunas, junto a dos camiones de refrigeraci\u00f3n y dos camionetas, donadas por la Embajada de los Estados Unidos, para facilitar el traslado y conservar la capacidad de almacenamiento del componente, con el prop\u00f3sito de continuar mitigando la enfermedad y mantener protegido este segmento poblacional del pa\u00eds.<\/p>\n\n\n\n<p>La jornada se realizar\u00e1 a trav\u00e9s de la Direcci\u00f3n Inmunoprevenibles por Vacunas (DIV), en los centros educativos pertenecientes al Distrito 1504 y el biol\u00f3gico estar\u00e1 disponible en todos los puntos de vacunaci\u00f3n pertenecientes al MISPAS, para facilitar el proceso a los padres que decidan inocular a los ni\u00f1os y as\u00ed evitar aglomeraciones.<\/p>\n\n\n\n<p>As\u00ed lo manifest\u00f3 el ministro de Salud doctor Daniel Rivera, al encabezar el acto que se llev\u00f3 a cabo en la Escuela Primaria Francisco Ulises Dom\u00ednguez, donde se inocularon varios menores de edad perteneciente a este plantel educativo.<\/p>\n\n\n\n<p>\u201cContinuamos con la estrategia de mitigaci\u00f3n contra COVID-19, lo que nos permitido ser referente internacional en la lucha contra la pandemia, hoy como en tantas ocasiones contamos con la dedicaci\u00f3n, y empe\u00f1o que ha puesto el gobierno de los Estados Unidos, en apoyar la iniciativa del presidente Luis Abinader, quien est\u00e1 empe\u00f1ado en mejorar el sistema sanitario dominicano\u00b4\u00b4, manifest\u00f3 el ministro<\/p>\n\n\n\n<p>En ese orden el se\u00f1or Alexander Titolo, encargado de Negocios de la Embajada de los Estados Unidos en el pa\u00eds, indic\u00f3 que su gobierno est\u00e1 activamente apoyando las iniciativas del gobierno Dominicano, al tiempo que destac\u00f3 el buen manejo ante las crisis sanitarias.<\/p>\n\n\n\n<p>\u201cEstados Unidos est\u00e1 siempre dispuesto a apoyar a la Rep\u00fablica Dominicana, mejor a\u00fan si es para mejorar la salud de la naci\u00f3n, estamos aqu\u00ed para ayudar a crecer este pa\u00eds no solo en el sector Salud, sino en todos los \u00e1mbitos requerido por su presidente, quien est\u00e1 empe\u00f1ado en mejorar la calidad de vida de todos los dominicanos, regularizando los diversos sistemas que le corresponde como gobierno\u201d, indic\u00f3 el se\u00f1or Alexander Titolo.<\/p>\n\n\n\n<p>Mientras que el licenciado Eddy Chavez, director del Distrito Escolar 1504, dijo \u201choy nos sentimos muy alegres y complacidos porque esta vacuna hace mucho que la est\u00e1bamos solicitando en esta jurisdicci\u00f3n, por eso los 92 centros que forman el Distrito 1504 est\u00e1n en disposici\u00f3n para esta esta jornada que se realice gracias al aporte de la Embajada de Estados Unidos y la log\u00edstica del Ministerio de Salud\u201d.<\/p>\n\n\n\n<p>La primera vacuna fue aplicada por la doctora Lucia Vargas directora de Inmunoprevenibles por Vacunas, quien aplic\u00f3 la dosis a un ni\u00f1o de ocho a\u00f1os y una ni\u00f1a de seis, el bi\u00f3logo se aplicara en dos oportunidades (una primera y la segunda dosis luego de 21 d\u00edas).<\/p>\n\n\n\n<p>El acto cont\u00f3 adem\u00e1s con la presencia de los doctores Olivier Ronveaux, representante de la Organizaci\u00f3n Panamericana de la Salud OPS\/OMS, Eladio Prerez, viceministro de Salud Colectiva, el ingeniero Adolfo P\u00e9rez, director de PROMESE\/CAL, el se\u00f1or David Billing, director Interino de la Agencia de los Estados Unidos para el Desarrollo Internacional (USAID), entre otras personalidades de ambas instituciones, y directores de \u00c1reas.<\/p>\n\n\n\n<p>Caracter\u00edsticas de los veh\u00edculos donados<\/p>\n\n\n\n<p>Los veh\u00edculos recibidos de la Embajada de los Estados Unidos son: dos camionetas marca HILUX SR5, doble Cabina y dos camiones conservadores de fr\u00edo, marca HINO, que permitir\u00e1n el traslado de todo tipo vacunas o f\u00e1rmaco que requiera de refrigeraci\u00f3n para su conservaci\u00f3n y as\u00ed poder trasladarlo a cualquier parte del pa\u00eds en condiciones \u00f3ptimas.<\/p>\n","protected":false},"excerpt":{"rendered":"<p>El ministerio de Salud P\u00fablica y Asistencia Social (MISPAS), dio inicio este lunes a la jornada de vacunaci\u00f3n Pfizer contra COVID-19 en ni\u00f1os de 5 a 11 a\u00f1os de edad, al recibir 300 mil dosis de estas vacunas, junto a dos camiones de refrigeraci\u00f3n y dos camionetas, donadas por la Embajada de los Estados Unidos, [&hellip;]<\/p>\n","protected":false},"author":2,"featured_media":5909,"comment_status":"open","ping_status":"open","sticky":false,"template":"","format":"standard","meta":{"_bbp_topic_count":0,"_bbp_reply_count":0,"_bbp_total_topic_count":0,"_bbp_total_reply_count":0,"_bbp_voice_count":0,"_bbp_anonymous_reply_count":0,"_bbp_topic_count_hidden":0,"_bbp_reply_count_hidden":0,"_bbp_forum_subforum_count":0,"content-type":"","iawp_total_views":0,"footnotes":""},"categories":[105],"tags":[],"class_list":{"0":"post-5907","1":"post","2":"type-post","3":"status-publish","4":"format-standard","5":"has-post-thumbnail","7":"category-nacionales"},"_links":{"self":[{"href":"https:\/\/influencias.do\/index.php\/wp-json\/wp\/v2\/posts\/5907","targetHints":{"allow":["GET"]}}],"collection":[{"href":"https:\/\/influencias.do\/index.php\/wp-json\/wp\/v2\/posts"}],"about":[{"href":"https:\/\/influencias.do\/index.php\/wp-json\/wp\/v2\/types\/post"}],"author":[{"embeddable":true,"href":"https:\/\/influencias.do\/index.php\/wp-json\/wp\/v2\/users\/2"}],"replies":[{"embeddable":true,"href":"https:\/\/influencias.do\/index.php\/wp-json\/wp\/v2\/comments?post=5907"}],"version-history":[{"count":0,"href":"https:\/\/influencias.do\/index.php\/wp-json\/wp\/v2\/posts\/5907\/revisions"}],"wp:featuredmedia":[{"embeddable":true,"href":"https:\/\/influencias.do\/index.php\/wp-json\/"}],"wp:attachment":[{"href":"https:\/\/influencias.do\/index.php\/wp-json\/wp\/v2\/media?parent=5907"}],"wp:term":[{"taxonomy":"category","embeddable":true,"href":"https:\/\/influencias.do\/index.php\/wp-json\/wp\/v2\/categories?post=5907"},{"taxonomy":"post_tag","embeddable":true,"href":"https:\/\/influencias.do\/index.php\/wp-json\/wp\/v2\/tags?post=5907"}],"curies":[{"name":"wp","href":"https:\/\/api.w.org\/{rel}","templated":true}]}}