{"id":59023,"date":"2025-11-18T01:00:39","date_gmt":"2025-11-18T01:00:39","guid":{"rendered":"https:\/\/influencias.do\/?p=59023"},"modified":"2025-11-18T01:21:00","modified_gmt":"2025-11-18T01:21:00","slug":"victor-daza-anuncia-retiro-precandidatura-presidencial-por-prm","status":"publish","type":"post","link":"https:\/\/influencias.do\/index.php\/2025\/11\/18\/victor-daza-anuncia-retiro-precandidatura-presidencial-por-prm\/","title":{"rendered":"V\u00edctor D\u2019Aza anuncia retiro precandidatura presidencial por PRM"},"content":{"rendered":"<p style=\"text-align: justify;\">\n<p style=\"text-align: justify;\">Santo Domingo, Rep. Dom. -En una contundente declaraci\u00f3n p\u00fablica, Victor D&#8217;Aza, destacado l\u00edder del Partido Revolucionario Moderno (PRM), anunci\u00f3 hoy su decisi\u00f3n de retirar la intenci\u00f3n de aspirar a la precandidatura presidencial para las elecciones de 2028. La decisi\u00f3n fue tomada luego de un profundo proceso de reflexi\u00f3n y con la firme convicci\u00f3n de que la cohesi\u00f3n y unidad del pa\u00eds deben ser la prioridad.<\/p>\n<p style=\"text-align: justify;\">Para el anuncio ante miembros de la prensa, D\u2019Aza estuvo acompa\u00f1ado de importantes figuras del partido, entre ellos, Alfredo Pacheco, presidente de la C\u00e1mara de Diputados; la vicepresidente de la misma, Dhaurelly D\u2019Aza, as\u00ed como de Deligne Ascenci\u00f3n, presidente de la Comisi\u00f3n Nacional de Elecciones Internas del PRM; Rafael Santos Bad\u00eda, secretario de Educaci\u00f3n y doctrina del PRM; Fabio Ruiz, coordinador del Movimiento Primero La Base, entre otros. Se unieron al acto dirigentes y compa\u00f1eros perreme\u00edstas y ciudadanos que apoyaban el proyecto del veterano pol\u00edtico de Villa Gonz\u00e1lez.<\/p>\n<p style=\"text-align: justify;\">El tambi\u00e9n miembro de la Direcci\u00f3n Nacional Ejecutiva del PRM, expres\u00f3 su agradecimiento a todos aquellos que lo han apoyado en su compromiso por una mejor naci\u00f3n. Resalt\u00f3 la importancia de escuchar las inquietudes de los dominicanos, y c\u00f3mo cada conversaci\u00f3n en su recorrido por el pa\u00eds, desde que anunci\u00f3 sus aspiraciones, ha reafirmado su compromiso con el bienestar de la Rep\u00fablica Dominicana.<\/p>\n<p style=\"text-align: justify;\">&#8220;Hoy m\u00e1s que nunca, el PRM debe mostrarse unido y s\u00f3lido, enfocado en garantizar estabilidad para las familias dominicanas, tal y como ha venido trabajando el compa\u00f1ero Luis Abinader, presidente de todos&#8221;, afirm\u00f3 D&#8217;Aza.<\/p>\n<p style=\"text-align: justify;\">El veterano pol\u00edtico destac\u00f3 su determinaci\u00f3n por seguir impulsando la institucionalidad municipal, as\u00ed como su compromiso en trabajar junto a l\u00edderes locales y nacionales para consolidar un PRM que siga gobernando con transparencia, modernidad y cercan\u00eda a la gente.<\/p>\n<p style=\"text-align: justify;\">&#8220;Esta ha sido una decisi\u00f3n para servir mejor. Seguir\u00e9 fortaleciendo la institucionalidad municipal, impulsando la pol\u00edtica de un solo gobierno, al tiempo que continuar\u00e9 siendo un ente de coordinaci\u00f3n, intermediaci\u00f3n y de acompa\u00f1amiento a los gobiernos locales&#8221;, asegur\u00f3 el funcionario, reiterando su lealtad a las bases del PRM y su inquebrantable dedicaci\u00f3n al pa\u00eds.<\/p>\n<p style=\"text-align: justify;\">Con este gesto de responsabilidad y madurez pol\u00edtica, Victor D&#8217;Aza reafirma su compromiso con la unidad y el futuro del pa\u00eds, asegurando que seguir\u00e1 trabajando incansablemente por el mejoramiento de las condiciones de vida de todos los dominicanos, como lo ha venido haciendo.<\/p>\n<p style=\"text-align: justify;\">\n","protected":false},"excerpt":{"rendered":"<p>Santo Domingo, Rep. Dom. -En una contundente declaraci\u00f3n p\u00fablica, Victor D&#8217;Aza, destacado l\u00edder del Partido Revolucionario Moderno (PRM), anunci\u00f3 hoy su decisi\u00f3n de retirar la intenci\u00f3n de aspirar a la precandidatura presidencial para las elecciones de 2028. La decisi\u00f3n fue tomada luego de un profundo proceso de reflexi\u00f3n y con la firme convicci\u00f3n de que [&hellip;]<\/p>\n","protected":false},"author":1,"featured_media":59024,"comment_status":"open","ping_status":"open","sticky":false,"template":"","format":"standard","meta":{"_bbp_topic_count":0,"_bbp_reply_count":0,"_bbp_total_topic_count":0,"_bbp_total_reply_count":0,"_bbp_voice_count":0,"_bbp_anonymous_reply_count":0,"_bbp_topic_count_hidden":0,"_bbp_reply_count_hidden":0,"_bbp_forum_subforum_count":0,"content-type":"","iawp_total_views":0,"footnotes":""},"categories":[1],"tags":[],"class_list":{"0":"post-59023","1":"post","2":"type-post","3":"status-publish","4":"format-standard","5":"has-post-thumbnail","7":"category-portada"},"_links":{"self":[{"href":"https:\/\/influencias.do\/index.php\/wp-json\/wp\/v2\/posts\/59023","targetHints":{"allow":["GET"]}}],"collection":[{"href":"https:\/\/influencias.do\/index.php\/wp-json\/wp\/v2\/posts"}],"about":[{"href":"https:\/\/influencias.do\/index.php\/wp-json\/wp\/v2\/types\/post"}],"author":[{"embeddable":true,"href":"https:\/\/influencias.do\/index.php\/wp-json\/wp\/v2\/users\/1"}],"replies":[{"embeddable":true,"href":"https:\/\/influencias.do\/index.php\/wp-json\/wp\/v2\/comments?post=59023"}],"version-history":[{"count":1,"href":"https:\/\/influencias.do\/index.php\/wp-json\/wp\/v2\/posts\/59023\/revisions"}],"predecessor-version":[{"id":59025,"href":"https:\/\/influencias.do\/index.php\/wp-json\/wp\/v2\/posts\/59023\/revisions\/59025"}],"wp:featuredmedia":[{"embeddable":true,"href":"https:\/\/influencias.do\/index.php\/wp-json\/wp\/v2\/media\/59024"}],"wp:attachment":[{"href":"https:\/\/influencias.do\/index.php\/wp-json\/wp\/v2\/media?parent=59023"}],"wp:term":[{"taxonomy":"category","embeddable":true,"href":"https:\/\/influencias.do\/index.php\/wp-json\/wp\/v2\/categories?post=59023"},{"taxonomy":"post_tag","embeddable":true,"href":"https:\/\/influencias.do\/index.php\/wp-json\/wp\/v2\/tags?post=59023"}],"curies":[{"name":"wp","href":"https:\/\/api.w.org\/{rel}","templated":true}]}}